{"id":1966,"date":"2020-10-31T06:14:22","date_gmt":"2020-10-31T05:14:22","guid":{"rendered":"https:\/\/gadmuisne.gob.ec\/web\/?p=1966"},"modified":"2020-10-31T06:15:24","modified_gmt":"2020-10-31T05:15:24","slug":"rendicion-de-cuentas-2019","status":"publish","type":"post","link":"https:\/\/gadmuisne.gob.ec\/web\/rendicion-de-cuentas-2019\/","title":{"rendered":"Rendici\u00f3n de Cuentas 2019"},"content":{"rendered":"<div class=\"wpb-content-wrapper\"><p>[vc_row][vc_column][vc_column_text]<\/p>\n<div class=\"osnr6wyh\">\n<div class=\"j83agx80 cbu4d94t mysgfdmx hddg9phg\">\n<div style=\"text-align: justify;\"><img loading=\"lazy\" decoding=\"async\" class=\"alignleft\" src=\"https:\/\/gadmuisne.gob.ec\/web\/wp-content\/uploads\/2020\/10\/121670115_653651142250151_1582736345815025999_o.jpg\" width=\"309\" height=\"301\" \/><\/div>\n<div class=\"w0hvl6rk qjjbsfad\"><span class=\"d2edcug0 hpfvmrgz qv66sw1b c1et5uql rrkovp55 a8c37x1j keod5gw0 nxhoafnm aigsh9s9 ns63r2gh fe6kdd0r mau55g9w c8b282yb rwim8176 o3w64lxj b2s5l15y hnhda86s oo9gr5id hzawbc8m\" dir=\"auto\"><span class=\"a8c37x1j ni8dbmo4 stjgntxs l9j0dhe7 r8blr3vg\">Proceso de Rendici\u00f3n de Cuentas 2019<\/span><\/span><\/div>\n<\/div>\n<\/div>\n<div class=\"e5nlhep0 eg9m0zos nu4hu5il\">\n<div class=\"o9v6fnle cxmmr5t8 oygrvhab hcukyx3x c1et5uql\">\n<div dir=\"auto\">El Gad Municipal del cant\u00f3n Muisne te invita a formar parte del :<\/div>\n<\/div>\n<div class=\"o9v6fnle cxmmr5t8 oygrvhab hcukyx3x c1et5uql\">\n<div dir=\"auto\">Proceso de rendici\u00f3n de cuentas 2019<\/div>\n<\/div>\n<div class=\"o9v6fnle cxmmr5t8 oygrvhab hcukyx3x c1et5uql\">\n<div dir=\"auto\">Iniciamos 16:00<\/div>\n<div dir=\"auto\">https:\/\/www.facebook.com\/284186792529923\/videos\/1455608524638384\/<\/div>\n<\/div>\n<\/div>\n<p style=\"text-align: justify;\"><span class=\"_5afx\"><span class=\"_58cl _5afz\" aria-label=\"hashtag\"><br \/>\n<\/span><\/span><a href=\"https:\/\/www.facebook.com\/alcaldiademuisne\/videos\/1455608524638384\">https:\/\/www.facebook.com\/alcaldiademuisne\/videos\/1455608524638384<\/a><\/p>\n<p>[\/vc_column_text][\/vc_column][\/vc_row]<\/p>\n<\/div>","protected":false},"excerpt":{"rendered":"<p>[vc_row][vc_column][vc_column_text] Proceso de Rendici\u00f3n de Cuentas 2019 El Gad Municipal del cant\u00f3n Muisne te invita a formar parte del : Proceso de rendici\u00f3n de cuentas 2019 Iniciamos 16:00 https:\/\/www.facebook.com\/284186792529923\/videos\/1455608524638384\/ https:\/\/www.facebook.com\/alcaldiademuisne\/videos\/1455608524638384 [\/vc_column_text][\/vc_column][\/vc_row]<\/p>\n","protected":false},"author":1,"featured_media":1967,"comment_status":"closed","ping_status":"open","sticky":false,"template":"","format":"standard","meta":{"footnotes":""},"categories":[35],"tags":[],"class_list":["post-1966","post","type-post","status-publish","format-standard","has-post-thumbnail","hentry","category-actividades"],"_links":{"self":[{"href":"https:\/\/gadmuisne.gob.ec\/web\/wp-json\/wp\/v2\/posts\/1966","targetHints":{"allow":["GET"]}}],"collection":[{"href":"https:\/\/gadmuisne.gob.ec\/web\/wp-json\/wp\/v2\/posts"}],"about":[{"href":"https:\/\/gadmuisne.gob.ec\/web\/wp-json\/wp\/v2\/types\/post"}],"author":[{"embeddable":true,"href":"https:\/\/gadmuisne.gob.ec\/web\/wp-json\/wp\/v2\/users\/1"}],"replies":[{"embeddable":true,"href":"https:\/\/gadmuisne.gob.ec\/web\/wp-json\/wp\/v2\/comments?post=1966"}],"version-history":[{"count":5,"href":"https:\/\/gadmuisne.gob.ec\/web\/wp-json\/wp\/v2\/posts\/1966\/revisions"}],"predecessor-version":[{"id":1972,"href":"https:\/\/gadmuisne.gob.ec\/web\/wp-json\/wp\/v2\/posts\/1966\/revisions\/1972"}],"wp:featuredmedia":[{"embeddable":true,"href":"https:\/\/gadmuisne.gob.ec\/web\/wp-json\/wp\/v2\/media\/1967"}],"wp:attachment":[{"href":"https:\/\/gadmuisne.gob.ec\/web\/wp-json\/wp\/v2\/media?parent=1966"}],"wp:term":[{"taxonomy":"category","embeddable":true,"href":"https:\/\/gadmuisne.gob.ec\/web\/wp-json\/wp\/v2\/categories?post=1966"},{"taxonomy":"post_tag","embeddable":true,"href":"https:\/\/gadmuisne.gob.ec\/web\/wp-json\/wp\/v2\/tags?post=1966"}],"curies":[{"name":"wp","href":"https:\/\/api.w.org\/{rel}","templated":true}]}}