{"id":19810,"date":"2026-03-02T10:44:08","date_gmt":"2026-03-02T15:44:08","guid":{"rendered":"https:\/\/gadmuisne.gob.ec\/web\/?p=19810"},"modified":"2026-03-02T10:44:08","modified_gmt":"2026-03-02T15:44:08","slug":"necesitas-ocupar-el-espacio-publico-para-tu-actividad-comercial","status":"publish","type":"post","link":"https:\/\/gadmuisne.gob.ec\/web\/necesitas-ocupar-el-espacio-publico-para-tu-actividad-comercial\/","title":{"rendered":"\u00bfNecesitas ocupar el espacio p\u00fablico para tu actividad comercial?"},"content":{"rendered":"<div class=\"xdj266r x14z9mp xat24cr x1lziwak x1vvkbs x126k92a\">\n<div dir=\"auto\" style=\"text-align: justify;\">\u00bfNecesitas ocupar el espacio p\u00fablico para tu actividad comercial?<\/div>\n<\/div>\n<div class=\"x14z9mp xat24cr x1lziwak x1vvkbs xtlvy1s x126k92a\">\n<div dir=\"auto\" style=\"text-align: justify;\">Solicita tu permiso en la Comisar\u00eda Municipal, en la planta baja de la Alcald\u00eda de Muisne.<\/div>\n<div dir=\"auto\" style=\"text-align: justify;\"><span class=\"html-span xexx8yu xyri2b x18d9i69 x1c1uobl x1hl2dhg x16tdsg8 x1vvkbs x3nfvp2 x1j61x8r x1fcty0u xdj266r xat24cr xm2jcoa x1mpyi22 xxymvpz xlup9mm x1kky2od\"><img loading=\"lazy\" decoding=\"async\" class=\"xz74otr x15mokao x1ga7v0g x16uus16 xbiv7yw\" src=\"https:\/\/static.xx.fbcdn.net\/images\/emoji.php\/v9\/t2f\/1\/16\/1f557.png\" alt=\"\ud83d\udd57\" width=\"16\" height=\"16\" \/><\/span> Atenci\u00f3n de 08h00 a 17h00.<\/div>\n<div dir=\"auto\" style=\"text-align: justify;\">Trabajamos por el orden y el desarrollo de nuestro cant\u00f3n. <span class=\"html-span xexx8yu xyri2b x18d9i69 x1c1uobl x1hl2dhg x16tdsg8 x1vvkbs x3nfvp2 x1j61x8r x1fcty0u xdj266r xat24cr xm2jcoa x1mpyi22 xxymvpz xlup9mm x1kky2od\"><img loading=\"lazy\" decoding=\"async\" class=\"xz74otr x15mokao x1ga7v0g x16uus16 xbiv7yw\" src=\"https:\/\/static.xx.fbcdn.net\/images\/emoji.php\/v9\/t94\/1\/16\/1f49a.png\" alt=\"\ud83d\udc9a\" width=\"16\" height=\"16\" \/><\/span><\/div>\n<div dir=\"auto\" style=\"text-align: justify;\"><span class=\"html-span xdj266r x14z9mp xat24cr x1lziwak xexx8yu xyri2b x18d9i69 x1c1uobl x1hl2dhg x16tdsg8 x1vvkbs\"><a class=\"x1i10hfl xjbqb8w x1ejq31n x18oe1m7 x1sy0etr xstzfhl x972fbf x10w94by x1qhh985 x14e42zd x9f619 x1ypdohk xt0psk2 x3ct3a4 xdj266r x14z9mp xat24cr x1lziwak xexx8yu xyri2b x18d9i69 x1c1uobl x16tdsg8 x1hl2dhg xggy1nq x1a2a7pz xkrqix3 x1sur9pj x1fey0fg x1s688f\" tabindex=\"0\" role=\"link\" href=\"https:\/\/www.facebook.com\/hashtag\/alcald%C3%ADademuisne?__eep__=6&amp;__cft__[0]=AZZu1svGyerVoRrPAwfDCPlTc6wa2l5nH2r7k2N3Yh_eFuWjKG988atoZlgK1NW5EYqwvUihXeT86p2yQ-_7Vsa_dtWzMKPmehbDirqNTEnRirkWQl0JlKLnmD2Z_8H2XJUXe5u8h2-6AjhTBGiIjBZu_4Ln4MZyweQ8sKTpjhZ6OCxSBj-3FLFKGb-G3_f0rXo&amp;__tn__=*NK-R\">#Alcald\u00edaDeMuisne<\/a><\/span> <span class=\"html-span xdj266r x14z9mp xat24cr x1lziwak xexx8yu xyri2b x18d9i69 x1c1uobl x1hl2dhg x16tdsg8 x1vvkbs\"><a class=\"x1i10hfl xjbqb8w x1ejq31n x18oe1m7 x1sy0etr xstzfhl x972fbf x10w94by x1qhh985 x14e42zd x9f619 x1ypdohk xt0psk2 x3ct3a4 xdj266r x14z9mp xat24cr x1lziwak xexx8yu xyri2b x18d9i69 x1c1uobl x16tdsg8 x1hl2dhg xggy1nq x1a2a7pz xkrqix3 x1sur9pj x1fey0fg x1s688f\" tabindex=\"0\" role=\"link\" href=\"https:\/\/www.facebook.com\/hashtag\/muisnetulugarseguro?__eep__=6&amp;__cft__[0]=AZZu1svGyerVoRrPAwfDCPlTc6wa2l5nH2r7k2N3Yh_eFuWjKG988atoZlgK1NW5EYqwvUihXeT86p2yQ-_7Vsa_dtWzMKPmehbDirqNTEnRirkWQl0JlKLnmD2Z_8H2XJUXe5u8h2-6AjhTBGiIjBZu_4Ln4MZyweQ8sKTpjhZ6OCxSBj-3FLFKGb-G3_f0rXo&amp;__tn__=*NK-R\">#MuisneTuLugarSeguro<\/a><\/span><\/div>\n<div dir=\"auto\"><img loading=\"lazy\" decoding=\"async\" class=\"alignnone size-medium wp-image-19811\" src=\"https:\/\/gadmuisne.gob.ec\/web\/wp-content\/uploads\/2026\/03\/18-240x300.jpg\" alt=\"\" width=\"240\" height=\"300\" srcset=\"https:\/\/gadmuisne.gob.ec\/web\/wp-content\/uploads\/2026\/03\/18-240x300.jpg 240w, https:\/\/gadmuisne.gob.ec\/web\/wp-content\/uploads\/2026\/03\/18-820x1024.jpg 820w, https:\/\/gadmuisne.gob.ec\/web\/wp-content\/uploads\/2026\/03\/18-768x959.jpg 768w, https:\/\/gadmuisne.gob.ec\/web\/wp-content\/uploads\/2026\/03\/18-1229x1536.jpg 1229w, https:\/\/gadmuisne.gob.ec\/web\/wp-content\/uploads\/2026\/03\/18-270x337.jpg 270w, https:\/\/gadmuisne.gob.ec\/web\/wp-content\/uploads\/2026\/03\/18-370x462.jpg 370w, https:\/\/gadmuisne.gob.ec\/web\/wp-content\/uploads\/2026\/03\/18-570x712.jpg 570w, https:\/\/gadmuisne.gob.ec\/web\/wp-content\/uploads\/2026\/03\/18-770x962.jpg 770w, https:\/\/gadmuisne.gob.ec\/web\/wp-content\/uploads\/2026\/03\/18-870x1087.jpg 870w, https:\/\/gadmuisne.gob.ec\/web\/wp-content\/uploads\/2026\/03\/18-1170x1462.jpg 1170w, https:\/\/gadmuisne.gob.ec\/web\/wp-content\/uploads\/2026\/03\/18.jpg 1440w\" sizes=\"auto, (max-width: 240px) 100vw, 240px\" \/><\/div>\n<\/div>\n","protected":false},"excerpt":{"rendered":"<p>\u00bfNecesitas ocupar el espacio p\u00fablico para tu actividad comercial? Solicita tu permiso en la Comisar\u00eda Municipal, en la planta baja de la Alcald\u00eda de Muisne. Atenci\u00f3n de 08h00 a 17h00. Trabajamos por el orden y el desarrollo de nuestro cant\u00f3n. #Alcald\u00edaDeMuisne #MuisneTuLugarSeguro<\/p>\n","protected":false},"author":4,"featured_media":19811,"comment_status":"closed","ping_status":"open","sticky":false,"template":"","format":"standard","meta":{"footnotes":""},"categories":[53],"tags":[],"class_list":["post-19810","post","type-post","status-publish","format-standard","has-post-thumbnail","hentry","category-noticias1"],"_links":{"self":[{"href":"https:\/\/gadmuisne.gob.ec\/web\/wp-json\/wp\/v2\/posts\/19810","targetHints":{"allow":["GET"]}}],"collection":[{"href":"https:\/\/gadmuisne.gob.ec\/web\/wp-json\/wp\/v2\/posts"}],"about":[{"href":"https:\/\/gadmuisne.gob.ec\/web\/wp-json\/wp\/v2\/types\/post"}],"author":[{"embeddable":true,"href":"https:\/\/gadmuisne.gob.ec\/web\/wp-json\/wp\/v2\/users\/4"}],"replies":[{"embeddable":true,"href":"https:\/\/gadmuisne.gob.ec\/web\/wp-json\/wp\/v2\/comments?post=19810"}],"version-history":[{"count":1,"href":"https:\/\/gadmuisne.gob.ec\/web\/wp-json\/wp\/v2\/posts\/19810\/revisions"}],"predecessor-version":[{"id":19812,"href":"https:\/\/gadmuisne.gob.ec\/web\/wp-json\/wp\/v2\/posts\/19810\/revisions\/19812"}],"wp:featuredmedia":[{"embeddable":true,"href":"https:\/\/gadmuisne.gob.ec\/web\/wp-json\/wp\/v2\/media\/19811"}],"wp:attachment":[{"href":"https:\/\/gadmuisne.gob.ec\/web\/wp-json\/wp\/v2\/media?parent=19810"}],"wp:term":[{"taxonomy":"category","embeddable":true,"href":"https:\/\/gadmuisne.gob.ec\/web\/wp-json\/wp\/v2\/categories?post=19810"},{"taxonomy":"post_tag","embeddable":true,"href":"https:\/\/gadmuisne.gob.ec\/web\/wp-json\/wp\/v2\/tags?post=19810"}],"curies":[{"name":"wp","href":"https:\/\/api.w.org\/{rel}","templated":true}]}}