{"id":19832,"date":"2026-03-02T10:54:07","date_gmt":"2026-03-02T15:54:07","guid":{"rendered":"https:\/\/gadmuisne.gob.ec\/web\/?p=19832"},"modified":"2026-03-02T10:54:07","modified_gmt":"2026-03-02T15:54:07","slug":"solo-falta-1-dia-para-vivir-el-gran-pregon-de-carnaval","status":"publish","type":"post","link":"https:\/\/gadmuisne.gob.ec\/web\/solo-falta-1-dia-para-vivir-el-gran-pregon-de-carnaval\/","title":{"rendered":"\u00a1Solo falta 1 d\u00eda para vivir el gran preg\u00f3n de Carnaval!"},"content":{"rendered":"<div class=\"xdj266r x14z9mp xat24cr x1lziwak x1vvkbs x126k92a\">\n<div dir=\"auto\" style=\"text-align: justify;\">\u00a1Solo falta 1 d\u00eda para vivir el gran preg\u00f3n de Carnaval!<\/div>\n<\/div>\n<div class=\"x14z9mp xat24cr x1lziwak x1vvkbs xtlvy1s x126k92a\" style=\"text-align: justify;\">\n<div dir=\"auto\">Las principales calles de Muisne se llenar\u00e1n de m\u00fasica, baile, comparsas y mucha alegr\u00eda, recorriendo nuestro cant\u00f3n hasta llegar a la Playa de Muisne desde las 15h00.<\/div>\n<\/div>\n<div class=\"x14z9mp xat24cr x1lziwak x1vvkbs xtlvy1s x126k92a\" style=\"text-align: justify;\">\n<div dir=\"auto\">\u00a1Prep\u00e1rate para disfrutar el Carnaval 2026 con toda la energ\u00eda, tradici\u00f3n y alegr\u00eda que nos caracteriza!<\/div>\n<\/div>\n<div class=\"x14z9mp xat24cr x1lziwak x1vvkbs xtlvy1s x126k92a\">\n<div dir=\"auto\" style=\"text-align: justify;\"><span class=\"html-span xdj266r x14z9mp xat24cr x1lziwak xexx8yu xyri2b x18d9i69 x1c1uobl x1hl2dhg x16tdsg8 x1vvkbs\"><a class=\"x1i10hfl xjbqb8w x1ejq31n x18oe1m7 x1sy0etr xstzfhl x972fbf x10w94by x1qhh985 x14e42zd x9f619 x1ypdohk xt0psk2 x3ct3a4 xdj266r x14z9mp xat24cr x1lziwak xexx8yu xyri2b x18d9i69 x1c1uobl x16tdsg8 x1hl2dhg xggy1nq x1a2a7pz xkrqix3 x1sur9pj x1fey0fg x1s688f\" tabindex=\"0\" role=\"link\" href=\"https:\/\/www.facebook.com\/hashtag\/muisnetulugarseguro?__eep__=6&amp;__cft__[0]=AZb58obyp2dKcrL2mhYBYlO0wzJIWkM7JS8LURiSDYo0X1sRwh0Gu9q7ZbVnC09iAQtrA8d-tS30qAM14nVhWoW4s6NQO3J_4rNnYX1eKiEJfARId6QihrEs5kLmgAAf3OsLtjv4i-V6NEWzw_h54Qu-2aiWqhmuQkzlfrKWSh9ZTw&amp;__tn__=*NK-R\">#MuisneTuLugarSeguro<\/a><\/span> <span class=\"html-span xdj266r x14z9mp xat24cr x1lziwak xexx8yu xyri2b x18d9i69 x1c1uobl x1hl2dhg x16tdsg8 x1vvkbs\"><a class=\"x1i10hfl xjbqb8w x1ejq31n x18oe1m7 x1sy0etr xstzfhl x972fbf x10w94by x1qhh985 x14e42zd x9f619 x1ypdohk xt0psk2 x3ct3a4 xdj266r x14z9mp xat24cr x1lziwak xexx8yu xyri2b x18d9i69 x1c1uobl x16tdsg8 x1hl2dhg xggy1nq x1a2a7pz xkrqix3 x1sur9pj x1fey0fg x1s688f\" tabindex=\"0\" role=\"link\" href=\"https:\/\/www.facebook.com\/hashtag\/muisneesturismo?__eep__=6&amp;__cft__[0]=AZb58obyp2dKcrL2mhYBYlO0wzJIWkM7JS8LURiSDYo0X1sRwh0Gu9q7ZbVnC09iAQtrA8d-tS30qAM14nVhWoW4s6NQO3J_4rNnYX1eKiEJfARId6QihrEs5kLmgAAf3OsLtjv4i-V6NEWzw_h54Qu-2aiWqhmuQkzlfrKWSh9ZTw&amp;__tn__=*NK-R\">#MuisneEsTurismo<\/a><\/span> <span class=\"html-span xdj266r x14z9mp xat24cr x1lziwak xexx8yu xyri2b x18d9i69 x1c1uobl x1hl2dhg x16tdsg8 x1vvkbs\"><a class=\"x1i10hfl xjbqb8w x1ejq31n x18oe1m7 x1sy0etr xstzfhl x972fbf x10w94by x1qhh985 x14e42zd x9f619 x1ypdohk xt0psk2 x3ct3a4 xdj266r x14z9mp xat24cr x1lziwak xexx8yu xyri2b x18d9i69 x1c1uobl x16tdsg8 x1hl2dhg xggy1nq x1a2a7pz xkrqix3 x1sur9pj x1fey0fg x1s688f\" tabindex=\"0\" role=\"link\" href=\"https:\/\/www.facebook.com\/hashtag\/muisneestudestino?__eep__=6&amp;__cft__[0]=AZb58obyp2dKcrL2mhYBYlO0wzJIWkM7JS8LURiSDYo0X1sRwh0Gu9q7ZbVnC09iAQtrA8d-tS30qAM14nVhWoW4s6NQO3J_4rNnYX1eKiEJfARId6QihrEs5kLmgAAf3OsLtjv4i-V6NEWzw_h54Qu-2aiWqhmuQkzlfrKWSh9ZTw&amp;__tn__=*NK-R\">#MuisneEsTuDestino<\/a><\/span><\/div>\n<div dir=\"auto\"><img loading=\"lazy\" decoding=\"async\" class=\"alignnone size-medium wp-image-19833\" src=\"https:\/\/gadmuisne.gob.ec\/web\/wp-content\/uploads\/2026\/03\/34-240x300.jpg\" alt=\"\" width=\"240\" height=\"300\" srcset=\"https:\/\/gadmuisne.gob.ec\/web\/wp-content\/uploads\/2026\/03\/34-240x300.jpg 240w, https:\/\/gadmuisne.gob.ec\/web\/wp-content\/uploads\/2026\/03\/34-270x338.jpg 270w, https:\/\/gadmuisne.gob.ec\/web\/wp-content\/uploads\/2026\/03\/34-370x463.jpg 370w, https:\/\/gadmuisne.gob.ec\/web\/wp-content\/uploads\/2026\/03\/34.jpg 512w\" sizes=\"auto, (max-width: 240px) 100vw, 240px\" \/><\/div>\n<\/div>\n","protected":false},"excerpt":{"rendered":"<p>\u00a1Solo falta 1 d\u00eda para vivir el gran preg\u00f3n de Carnaval! Las principales calles de Muisne se llenar\u00e1n de m\u00fasica, baile, comparsas y mucha alegr\u00eda, recorriendo nuestro cant\u00f3n hasta llegar a la Playa de Muisne desde las 15h00. \u00a1Prep\u00e1rate para disfrutar el Carnaval 2026 con toda la energ\u00eda, tradici\u00f3n y&#8230;<\/p>\n","protected":false},"author":4,"featured_media":19833,"comment_status":"closed","ping_status":"open","sticky":false,"template":"","format":"standard","meta":{"footnotes":""},"categories":[53],"tags":[],"class_list":["post-19832","post","type-post","status-publish","format-standard","has-post-thumbnail","hentry","category-noticias1"],"_links":{"self":[{"href":"https:\/\/gadmuisne.gob.ec\/web\/wp-json\/wp\/v2\/posts\/19832","targetHints":{"allow":["GET"]}}],"collection":[{"href":"https:\/\/gadmuisne.gob.ec\/web\/wp-json\/wp\/v2\/posts"}],"about":[{"href":"https:\/\/gadmuisne.gob.ec\/web\/wp-json\/wp\/v2\/types\/post"}],"author":[{"embeddable":true,"href":"https:\/\/gadmuisne.gob.ec\/web\/wp-json\/wp\/v2\/users\/4"}],"replies":[{"embeddable":true,"href":"https:\/\/gadmuisne.gob.ec\/web\/wp-json\/wp\/v2\/comments?post=19832"}],"version-history":[{"count":1,"href":"https:\/\/gadmuisne.gob.ec\/web\/wp-json\/wp\/v2\/posts\/19832\/revisions"}],"predecessor-version":[{"id":19834,"href":"https:\/\/gadmuisne.gob.ec\/web\/wp-json\/wp\/v2\/posts\/19832\/revisions\/19834"}],"wp:featuredmedia":[{"embeddable":true,"href":"https:\/\/gadmuisne.gob.ec\/web\/wp-json\/wp\/v2\/media\/19833"}],"wp:attachment":[{"href":"https:\/\/gadmuisne.gob.ec\/web\/wp-json\/wp\/v2\/media?parent=19832"}],"wp:term":[{"taxonomy":"category","embeddable":true,"href":"https:\/\/gadmuisne.gob.ec\/web\/wp-json\/wp\/v2\/categories?post=19832"},{"taxonomy":"post_tag","embeddable":true,"href":"https:\/\/gadmuisne.gob.ec\/web\/wp-json\/wp\/v2\/tags?post=19832"}],"curies":[{"name":"wp","href":"https:\/\/api.w.org\/{rel}","templated":true}]}}