{"id":19867,"date":"2026-03-02T11:13:25","date_gmt":"2026-03-02T16:13:25","guid":{"rendered":"https:\/\/gadmuisne.gob.ec\/web\/?p=19867"},"modified":"2026-03-02T11:13:25","modified_gmt":"2026-03-02T16:13:25","slug":"durante-el-pregon-de-carnaval-y-la-15k-habran-cierres-viales","status":"publish","type":"post","link":"https:\/\/gadmuisne.gob.ec\/web\/durante-el-pregon-de-carnaval-y-la-15k-habran-cierres-viales\/","title":{"rendered":"Durante el Preg\u00f3n de Carnaval y la 15K habr\u00e1n cierres viales"},"content":{"rendered":"<div class=\"xdj266r x14z9mp xat24cr x1lziwak x1vvkbs x126k92a\">\n<div dir=\"auto\" style=\"text-align: justify;\">Durante el Preg\u00f3n de Carnaval y la 15K habr\u00e1n cierres viales<\/div>\n<\/div>\n<div class=\"x14z9mp xat24cr x1lziwak x1vvkbs xtlvy1s x126k92a\" style=\"text-align: justify;\">\n<div dir=\"auto\">Este s\u00e1bado 14 y domingo 15 de febrero se aplicar\u00e1n cierres temporales en varias calles por el desarrollo de las actividades oficiales.<\/div>\n<div dir=\"auto\">Preg\u00f3n: S\u00e1bado 15h00 a 19h00<\/div>\n<\/div>\n<div class=\"x14z9mp xat24cr x1lziwak x1vvkbs xtlvy1s x126k92a\" style=\"text-align: justify;\">\n<div dir=\"auto\">15K: Domingo 09h00 a 11h00<\/div>\n<\/div>\n<div class=\"x14z9mp xat24cr x1lziwak x1vvkbs xtlvy1s x126k92a\">\n<div dir=\"auto\" style=\"text-align: justify;\">Revisa las v\u00edas alternas y planifica tu recorrido con anticipaci\u00f3n. \u00a1Vivamos el Carnaval 2026 con orden y seguridad!<\/div>\n<div dir=\"auto\"><img loading=\"lazy\" decoding=\"async\" class=\"alignnone size-medium wp-image-19868\" src=\"https:\/\/gadmuisne.gob.ec\/web\/wp-content\/uploads\/2026\/03\/52-240x300.jpg\" alt=\"\" width=\"240\" height=\"300\" srcset=\"https:\/\/gadmuisne.gob.ec\/web\/wp-content\/uploads\/2026\/03\/52-240x300.jpg 240w, https:\/\/gadmuisne.gob.ec\/web\/wp-content\/uploads\/2026\/03\/52-819x1024.jpg 819w, https:\/\/gadmuisne.gob.ec\/web\/wp-content\/uploads\/2026\/03\/52-768x960.jpg 768w, https:\/\/gadmuisne.gob.ec\/web\/wp-content\/uploads\/2026\/03\/52-1229x1536.jpg 1229w, https:\/\/gadmuisne.gob.ec\/web\/wp-content\/uploads\/2026\/03\/52-270x338.jpg 270w, https:\/\/gadmuisne.gob.ec\/web\/wp-content\/uploads\/2026\/03\/52-370x463.jpg 370w, https:\/\/gadmuisne.gob.ec\/web\/wp-content\/uploads\/2026\/03\/52-570x713.jpg 570w, https:\/\/gadmuisne.gob.ec\/web\/wp-content\/uploads\/2026\/03\/52-770x963.jpg 770w, https:\/\/gadmuisne.gob.ec\/web\/wp-content\/uploads\/2026\/03\/52-870x1088.jpg 870w, https:\/\/gadmuisne.gob.ec\/web\/wp-content\/uploads\/2026\/03\/52-1170x1463.jpg 1170w, https:\/\/gadmuisne.gob.ec\/web\/wp-content\/uploads\/2026\/03\/52-1570x1963.jpg 1570w, https:\/\/gadmuisne.gob.ec\/web\/wp-content\/uploads\/2026\/03\/52.jpg 1638w\" sizes=\"auto, (max-width: 240px) 100vw, 240px\" \/><\/div>\n<\/div>\n","protected":false},"excerpt":{"rendered":"<p>Durante el Preg\u00f3n de Carnaval y la 15K habr\u00e1n cierres viales Este s\u00e1bado 14 y domingo 15 de febrero se aplicar\u00e1n cierres temporales en varias calles por el desarrollo de las actividades oficiales. Preg\u00f3n: S\u00e1bado 15h00 a 19h00 15K: Domingo 09h00 a 11h00 Revisa las v\u00edas alternas y planifica tu&#8230;<\/p>\n","protected":false},"author":4,"featured_media":19868,"comment_status":"closed","ping_status":"open","sticky":false,"template":"","format":"standard","meta":{"footnotes":""},"categories":[53],"tags":[],"class_list":["post-19867","post","type-post","status-publish","format-standard","has-post-thumbnail","hentry","category-noticias1"],"_links":{"self":[{"href":"https:\/\/gadmuisne.gob.ec\/web\/wp-json\/wp\/v2\/posts\/19867","targetHints":{"allow":["GET"]}}],"collection":[{"href":"https:\/\/gadmuisne.gob.ec\/web\/wp-json\/wp\/v2\/posts"}],"about":[{"href":"https:\/\/gadmuisne.gob.ec\/web\/wp-json\/wp\/v2\/types\/post"}],"author":[{"embeddable":true,"href":"https:\/\/gadmuisne.gob.ec\/web\/wp-json\/wp\/v2\/users\/4"}],"replies":[{"embeddable":true,"href":"https:\/\/gadmuisne.gob.ec\/web\/wp-json\/wp\/v2\/comments?post=19867"}],"version-history":[{"count":1,"href":"https:\/\/gadmuisne.gob.ec\/web\/wp-json\/wp\/v2\/posts\/19867\/revisions"}],"predecessor-version":[{"id":19869,"href":"https:\/\/gadmuisne.gob.ec\/web\/wp-json\/wp\/v2\/posts\/19867\/revisions\/19869"}],"wp:featuredmedia":[{"embeddable":true,"href":"https:\/\/gadmuisne.gob.ec\/web\/wp-json\/wp\/v2\/media\/19868"}],"wp:attachment":[{"href":"https:\/\/gadmuisne.gob.ec\/web\/wp-json\/wp\/v2\/media?parent=19867"}],"wp:term":[{"taxonomy":"category","embeddable":true,"href":"https:\/\/gadmuisne.gob.ec\/web\/wp-json\/wp\/v2\/categories?post=19867"},{"taxonomy":"post_tag","embeddable":true,"href":"https:\/\/gadmuisne.gob.ec\/web\/wp-json\/wp\/v2\/tags?post=19867"}],"curies":[{"name":"wp","href":"https:\/\/api.w.org\/{rel}","templated":true}]}}