{"id":19872,"date":"2026-03-02T11:17:31","date_gmt":"2026-03-02T16:17:31","guid":{"rendered":"https:\/\/gadmuisne.gob.ec\/web\/?p=19872"},"modified":"2026-03-02T11:17:31","modified_gmt":"2026-03-02T16:17:31","slug":"hoy-muisne-es-el-destino-del-carnaval-2026","status":"publish","type":"post","link":"https:\/\/gadmuisne.gob.ec\/web\/hoy-muisne-es-el-destino-del-carnaval-2026\/","title":{"rendered":"Hoy Muisne es el destino del Carnaval 2026\u00a0"},"content":{"rendered":"<div class=\"xdj266r x14z9mp xat24cr x1lziwak x1vvkbs x126k92a\">\n<div dir=\"auto\" style=\"text-align: justify;\">Hoy Muisne es el destino del Carnaval 2026<\/div>\n<\/div>\n<div class=\"x14z9mp xat24cr x1lziwak x1vvkbs xtlvy1s x126k92a\" style=\"text-align: justify;\">\n<div dir=\"auto\">Vive la Elecci\u00f3n Reina Provincial Carnaval 2026 y disfruta de un evento lleno de belleza, cultura y alegr\u00eda en el para\u00edso del sur de Esmeraldas.<\/div>\n<\/div>\n<div class=\"x14z9mp xat24cr x1lziwak x1vvkbs xtlvy1s x126k92a\" style=\"text-align: justify;\">\n<div dir=\"auto\">Explanada Municipal<\/div>\n<div dir=\"auto\">18h00<\/div>\n<\/div>\n<div class=\"x14z9mp xat24cr x1lziwak x1vvkbs xtlvy1s x126k92a\" style=\"text-align: justify;\">\n<div dir=\"auto\">Ven, recorre nuestras playas y s\u00e9 parte de la fiesta que mueve el turismo y la econom\u00eda local<\/div>\n<\/div>\n<div class=\"x14z9mp xat24cr x1lziwak x1vvkbs xtlvy1s x126k92a\">\n<div dir=\"auto\" style=\"text-align: justify;\"><span class=\"html-span xdj266r x14z9mp xat24cr x1lziwak xexx8yu xyri2b x18d9i69 x1c1uobl x1hl2dhg x16tdsg8 x1vvkbs\"><a class=\"x1i10hfl xjbqb8w x1ejq31n x18oe1m7 x1sy0etr xstzfhl x972fbf x10w94by x1qhh985 x14e42zd x9f619 x1ypdohk xt0psk2 x3ct3a4 xdj266r x14z9mp xat24cr x1lziwak xexx8yu xyri2b x18d9i69 x1c1uobl x16tdsg8 x1hl2dhg xggy1nq x1a2a7pz xkrqix3 x1sur9pj x1fey0fg x1s688f\" tabindex=\"0\" role=\"link\" href=\"https:\/\/www.facebook.com\/hashtag\/carnavalmuisne2026?__eep__=6&amp;__cft__[0]=AZY3ZxWo4RdXBa7E7qbzgyemSQoyiXQ50FTpveUJYkWrvZN_-BFxELnsGR8FBLQh1bfW92kyx5Bg5wFexURSVo-likf0Ztz61yne5qWC4N8khK3GSwpF1wWVJSS2nNGW6uzLwqPKVAOeScvpohemEiyDu9Y0V2OV2YYEIMbnCrQ-036TOm-QVMC_uj8nl78T4qo&amp;__tn__=*NK-R\">#CarnavalMuisne2026<\/a><\/span> <span class=\"html-span xdj266r x14z9mp xat24cr x1lziwak xexx8yu xyri2b x18d9i69 x1c1uobl x1hl2dhg x16tdsg8 x1vvkbs\"><a class=\"x1i10hfl xjbqb8w x1ejq31n x18oe1m7 x1sy0etr xstzfhl x972fbf x10w94by x1qhh985 x14e42zd x9f619 x1ypdohk xt0psk2 x3ct3a4 xdj266r x14z9mp xat24cr x1lziwak xexx8yu xyri2b x18d9i69 x1c1uobl x16tdsg8 x1hl2dhg xggy1nq x1a2a7pz xkrqix3 x1sur9pj x1fey0fg x1s688f\" tabindex=\"0\" role=\"link\" href=\"https:\/\/www.facebook.com\/hashtag\/colorfest2026?__eep__=6&amp;__cft__[0]=AZY3ZxWo4RdXBa7E7qbzgyemSQoyiXQ50FTpveUJYkWrvZN_-BFxELnsGR8FBLQh1bfW92kyx5Bg5wFexURSVo-likf0Ztz61yne5qWC4N8khK3GSwpF1wWVJSS2nNGW6uzLwqPKVAOeScvpohemEiyDu9Y0V2OV2YYEIMbnCrQ-036TOm-QVMC_uj8nl78T4qo&amp;__tn__=*NK-R\">#ColorFest2026<\/a><\/span> <span class=\"html-span xdj266r x14z9mp xat24cr x1lziwak xexx8yu xyri2b x18d9i69 x1c1uobl x1hl2dhg x16tdsg8 x1vvkbs\"><a class=\"x1i10hfl xjbqb8w x1ejq31n x18oe1m7 x1sy0etr xstzfhl x972fbf x10w94by x1qhh985 x14e42zd x9f619 x1ypdohk xt0psk2 x3ct3a4 xdj266r x14z9mp xat24cr x1lziwak xexx8yu xyri2b x18d9i69 x1c1uobl x16tdsg8 x1hl2dhg xggy1nq x1a2a7pz xkrqix3 x1sur9pj x1fey0fg x1s688f\" tabindex=\"0\" role=\"link\" href=\"https:\/\/www.facebook.com\/hashtag\/elecci%C3%B3nreinaprovincial?__eep__=6&amp;__cft__[0]=AZY3ZxWo4RdXBa7E7qbzgyemSQoyiXQ50FTpveUJYkWrvZN_-BFxELnsGR8FBLQh1bfW92kyx5Bg5wFexURSVo-likf0Ztz61yne5qWC4N8khK3GSwpF1wWVJSS2nNGW6uzLwqPKVAOeScvpohemEiyDu9Y0V2OV2YYEIMbnCrQ-036TOm-QVMC_uj8nl78T4qo&amp;__tn__=*NK-R\">#Elecci\u00f3nReinaProvincial<\/a><\/span> <span class=\"html-span xdj266r x14z9mp xat24cr x1lziwak xexx8yu xyri2b x18d9i69 x1c1uobl x1hl2dhg x16tdsg8 x1vvkbs\"><a class=\"x1i10hfl xjbqb8w x1ejq31n x18oe1m7 x1sy0etr xstzfhl x972fbf x10w94by x1qhh985 x14e42zd x9f619 x1ypdohk xt0psk2 x3ct3a4 xdj266r x14z9mp xat24cr x1lziwak xexx8yu xyri2b x18d9i69 x1c1uobl x16tdsg8 x1hl2dhg xggy1nq x1a2a7pz xkrqix3 x1sur9pj x1fey0fg x1s688f\" tabindex=\"0\" role=\"link\" href=\"https:\/\/www.facebook.com\/hashtag\/muisneestulugarfavorito?__eep__=6&amp;__cft__[0]=AZY3ZxWo4RdXBa7E7qbzgyemSQoyiXQ50FTpveUJYkWrvZN_-BFxELnsGR8FBLQh1bfW92kyx5Bg5wFexURSVo-likf0Ztz61yne5qWC4N8khK3GSwpF1wWVJSS2nNGW6uzLwqPKVAOeScvpohemEiyDu9Y0V2OV2YYEIMbnCrQ-036TOm-QVMC_uj8nl78T4qo&amp;__tn__=*NK-R\">#MuisneEsTuLugarFavorito<\/a><\/span><\/div>\n<div dir=\"auto\"><img loading=\"lazy\" decoding=\"async\" class=\"alignnone size-medium wp-image-19873\" src=\"https:\/\/gadmuisne.gob.ec\/web\/wp-content\/uploads\/2026\/03\/53-240x300.jpg\" alt=\"\" width=\"240\" height=\"300\" srcset=\"https:\/\/gadmuisne.gob.ec\/web\/wp-content\/uploads\/2026\/03\/53-240x300.jpg 240w, https:\/\/gadmuisne.gob.ec\/web\/wp-content\/uploads\/2026\/03\/53-270x338.jpg 270w, https:\/\/gadmuisne.gob.ec\/web\/wp-content\/uploads\/2026\/03\/53-370x463.jpg 370w, https:\/\/gadmuisne.gob.ec\/web\/wp-content\/uploads\/2026\/03\/53.jpg 512w\" sizes=\"auto, (max-width: 240px) 100vw, 240px\" \/><\/div>\n<\/div>\n","protected":false},"excerpt":{"rendered":"<p>Hoy Muisne es el destino del Carnaval 2026 Vive la Elecci\u00f3n Reina Provincial Carnaval 2026 y disfruta de un evento lleno de belleza, cultura y alegr\u00eda en el para\u00edso del sur de Esmeraldas. Explanada Municipal 18h00 Ven, recorre nuestras playas y s\u00e9 parte de la fiesta que mueve el turismo&#8230;<\/p>\n","protected":false},"author":4,"featured_media":19873,"comment_status":"closed","ping_status":"open","sticky":false,"template":"","format":"standard","meta":{"footnotes":""},"categories":[53],"tags":[],"class_list":["post-19872","post","type-post","status-publish","format-standard","has-post-thumbnail","hentry","category-noticias1"],"_links":{"self":[{"href":"https:\/\/gadmuisne.gob.ec\/web\/wp-json\/wp\/v2\/posts\/19872","targetHints":{"allow":["GET"]}}],"collection":[{"href":"https:\/\/gadmuisne.gob.ec\/web\/wp-json\/wp\/v2\/posts"}],"about":[{"href":"https:\/\/gadmuisne.gob.ec\/web\/wp-json\/wp\/v2\/types\/post"}],"author":[{"embeddable":true,"href":"https:\/\/gadmuisne.gob.ec\/web\/wp-json\/wp\/v2\/users\/4"}],"replies":[{"embeddable":true,"href":"https:\/\/gadmuisne.gob.ec\/web\/wp-json\/wp\/v2\/comments?post=19872"}],"version-history":[{"count":1,"href":"https:\/\/gadmuisne.gob.ec\/web\/wp-json\/wp\/v2\/posts\/19872\/revisions"}],"predecessor-version":[{"id":19874,"href":"https:\/\/gadmuisne.gob.ec\/web\/wp-json\/wp\/v2\/posts\/19872\/revisions\/19874"}],"wp:featuredmedia":[{"embeddable":true,"href":"https:\/\/gadmuisne.gob.ec\/web\/wp-json\/wp\/v2\/media\/19873"}],"wp:attachment":[{"href":"https:\/\/gadmuisne.gob.ec\/web\/wp-json\/wp\/v2\/media?parent=19872"}],"wp:term":[{"taxonomy":"category","embeddable":true,"href":"https:\/\/gadmuisne.gob.ec\/web\/wp-json\/wp\/v2\/categories?post=19872"},{"taxonomy":"post_tag","embeddable":true,"href":"https:\/\/gadmuisne.gob.ec\/web\/wp-json\/wp\/v2\/tags?post=19872"}],"curies":[{"name":"wp","href":"https:\/\/api.w.org\/{rel}","templated":true}]}}