{"id":19920,"date":"2026-03-02T11:39:48","date_gmt":"2026-03-02T16:39:48","guid":{"rendered":"https:\/\/gadmuisne.gob.ec\/web\/?p=19920"},"modified":"2026-03-02T11:40:19","modified_gmt":"2026-03-02T16:40:19","slug":"19920-2","status":"publish","type":"post","link":"https:\/\/gadmuisne.gob.ec\/web\/19920-2\/","title":{"rendered":"\u00a1ES HOY! LA GRAN COMPETENCIA ATL\u00c9TICA 15K MUISNE 2026"},"content":{"rendered":"<div class=\"xdj266r x14z9mp xat24cr x1lziwak x1vvkbs x126k92a\">\n<div dir=\"auto\" style=\"text-align: justify;\">\u00a1ES HOY! LA GRAN COMPETENCIA ATL\u00c9TICA 15K MUISNE 2026<\/div>\n<\/div>\n<div class=\"x14z9mp xat24cr x1lziwak x1vvkbs xtlvy1s x126k92a\" style=\"text-align: justify;\">\n<div dir=\"auto\">Desde El Salto hasta la Playa de Muisne, vive la emoci\u00f3n del deporte en una jornada llena de energ\u00eda, talento y esp\u00edritu competitivo.<\/div>\n<div dir=\"auto\">Categor\u00edas: \u00c9lite, Senior, Juvenil y Ni\u00f1os\u00a0 \u00a0Hora: 08h00\u00a0 \u00a0Lugar: Muisne<\/div>\n<\/div>\n<div class=\"x14z9mp xat24cr x1lziwak x1vvkbs xtlvy1s x126k92a\">\n<div dir=\"auto\" style=\"text-align: justify;\">Invitamos a toda la ciudadan\u00eda a ser parte de este gran evento deportivo que fortalece el turismo, la recreaci\u00f3n y la uni\u00f3n de nuestra comunidad.<\/div>\n<div dir=\"auto\"><img loading=\"lazy\" decoding=\"async\" class=\"alignnone size-medium wp-image-19921\" src=\"https:\/\/gadmuisne.gob.ec\/web\/wp-content\/uploads\/2026\/03\/86-240x300.jpg\" alt=\"\" width=\"240\" height=\"300\" srcset=\"https:\/\/gadmuisne.gob.ec\/web\/wp-content\/uploads\/2026\/03\/86-240x300.jpg 240w, https:\/\/gadmuisne.gob.ec\/web\/wp-content\/uploads\/2026\/03\/86-270x338.jpg 270w, https:\/\/gadmuisne.gob.ec\/web\/wp-content\/uploads\/2026\/03\/86-370x463.jpg 370w, https:\/\/gadmuisne.gob.ec\/web\/wp-content\/uploads\/2026\/03\/86.jpg 512w\" sizes=\"auto, (max-width: 240px) 100vw, 240px\" \/><\/div>\n<\/div>\n","protected":false},"excerpt":{"rendered":"<p>\u00a1ES HOY! LA GRAN COMPETENCIA ATL\u00c9TICA 15K MUISNE 2026 Desde El Salto hasta la Playa de Muisne, vive la emoci\u00f3n del deporte en una jornada llena de energ\u00eda, talento y esp\u00edritu competitivo. Categor\u00edas: \u00c9lite, Senior, Juvenil y Ni\u00f1os\u00a0 \u00a0Hora: 08h00\u00a0 \u00a0Lugar: Muisne Invitamos a toda la ciudadan\u00eda a ser parte&#8230;<\/p>\n","protected":false},"author":4,"featured_media":19921,"comment_status":"closed","ping_status":"open","sticky":false,"template":"","format":"standard","meta":{"footnotes":""},"categories":[53],"tags":[],"class_list":["post-19920","post","type-post","status-publish","format-standard","has-post-thumbnail","hentry","category-noticias1"],"_links":{"self":[{"href":"https:\/\/gadmuisne.gob.ec\/web\/wp-json\/wp\/v2\/posts\/19920","targetHints":{"allow":["GET"]}}],"collection":[{"href":"https:\/\/gadmuisne.gob.ec\/web\/wp-json\/wp\/v2\/posts"}],"about":[{"href":"https:\/\/gadmuisne.gob.ec\/web\/wp-json\/wp\/v2\/types\/post"}],"author":[{"embeddable":true,"href":"https:\/\/gadmuisne.gob.ec\/web\/wp-json\/wp\/v2\/users\/4"}],"replies":[{"embeddable":true,"href":"https:\/\/gadmuisne.gob.ec\/web\/wp-json\/wp\/v2\/comments?post=19920"}],"version-history":[{"count":2,"href":"https:\/\/gadmuisne.gob.ec\/web\/wp-json\/wp\/v2\/posts\/19920\/revisions"}],"predecessor-version":[{"id":19923,"href":"https:\/\/gadmuisne.gob.ec\/web\/wp-json\/wp\/v2\/posts\/19920\/revisions\/19923"}],"wp:featuredmedia":[{"embeddable":true,"href":"https:\/\/gadmuisne.gob.ec\/web\/wp-json\/wp\/v2\/media\/19921"}],"wp:attachment":[{"href":"https:\/\/gadmuisne.gob.ec\/web\/wp-json\/wp\/v2\/media?parent=19920"}],"wp:term":[{"taxonomy":"category","embeddable":true,"href":"https:\/\/gadmuisne.gob.ec\/web\/wp-json\/wp\/v2\/categories?post=19920"},{"taxonomy":"post_tag","embeddable":true,"href":"https:\/\/gadmuisne.gob.ec\/web\/wp-json\/wp\/v2\/tags?post=19920"}],"curies":[{"name":"wp","href":"https:\/\/api.w.org\/{rel}","templated":true}]}}