{"id":20141,"date":"2026-03-02T14:41:32","date_gmt":"2026-03-02T19:41:32","guid":{"rendered":"https:\/\/gadmuisne.gob.ec\/web\/?p=20141"},"modified":"2026-03-02T14:41:32","modified_gmt":"2026-03-02T19:41:32","slug":"la-alcaldia-de-muisne-invitamos-a-toda-la-ciudadania-a-acompanarnos-en-la-graduacion-de-los-jovenes-que-culminaron-con-exito","status":"publish","type":"post","link":"https:\/\/gadmuisne.gob.ec\/web\/la-alcaldia-de-muisne-invitamos-a-toda-la-ciudadania-a-acompanarnos-en-la-graduacion-de-los-jovenes-que-culminaron-con-exito\/","title":{"rendered":"la Alcald\u00eda de Muisne invitamos a toda la ciudadan\u00eda a acompa\u00f1arnos en la graduaci\u00f3n de los j\u00f3venes que culminaron con \u00e9xito."},"content":{"rendered":"<div class=\"xdj266r x14z9mp xat24cr x1lziwak x1vvkbs x126k92a\">\n<div dir=\"auto\" style=\"text-align: justify;\">Desde la Alcald\u00eda de Muisne invitamos a toda la ciudadan\u00eda a acompa\u00f1arnos en la graduaci\u00f3n de los j\u00f3venes que culminaron con \u00e9xito los cursos gratuitos de formaci\u00f3n acad\u00e9mica y profesional, desarrollados en modalidad online gracias a la gesti\u00f3n de la alcaldesa Yuri Colorado mediante el trabajo conjunto con CICPRE.<\/div>\n<\/div>\n<div class=\"x14z9mp xat24cr x1lziwak x1vvkbs xtlvy1s x126k92a\">\n<div dir=\"auto\" style=\"text-align: justify;\">Celebremos juntos este logro que fortalece la preparaci\u00f3n, el emprendimiento y el futuro de nuestro cant\u00f3n.<\/div>\n<div dir=\"auto\"><img loading=\"lazy\" decoding=\"async\" class=\"alignnone size-medium wp-image-20142\" src=\"https:\/\/gadmuisne.gob.ec\/web\/wp-content\/uploads\/2026\/03\/246-240x300.jpg\" alt=\"\" width=\"240\" height=\"300\" srcset=\"https:\/\/gadmuisne.gob.ec\/web\/wp-content\/uploads\/2026\/03\/246-240x300.jpg 240w, https:\/\/gadmuisne.gob.ec\/web\/wp-content\/uploads\/2026\/03\/246-270x338.jpg 270w, https:\/\/gadmuisne.gob.ec\/web\/wp-content\/uploads\/2026\/03\/246-370x463.jpg 370w, https:\/\/gadmuisne.gob.ec\/web\/wp-content\/uploads\/2026\/03\/246.jpg 512w\" sizes=\"auto, (max-width: 240px) 100vw, 240px\" \/><\/div>\n<\/div>\n","protected":false},"excerpt":{"rendered":"<p>Desde la Alcald\u00eda de Muisne invitamos a toda la ciudadan\u00eda a acompa\u00f1arnos en la graduaci\u00f3n de los j\u00f3venes que culminaron con \u00e9xito los cursos gratuitos de formaci\u00f3n acad\u00e9mica y profesional, desarrollados en modalidad online gracias a la gesti\u00f3n de la alcaldesa Yuri Colorado mediante el trabajo conjunto con CICPRE. Celebremos&#8230;<\/p>\n","protected":false},"author":4,"featured_media":20142,"comment_status":"closed","ping_status":"open","sticky":false,"template":"","format":"standard","meta":{"footnotes":""},"categories":[53],"tags":[],"class_list":["post-20141","post","type-post","status-publish","format-standard","has-post-thumbnail","hentry","category-noticias1"],"_links":{"self":[{"href":"https:\/\/gadmuisne.gob.ec\/web\/wp-json\/wp\/v2\/posts\/20141","targetHints":{"allow":["GET"]}}],"collection":[{"href":"https:\/\/gadmuisne.gob.ec\/web\/wp-json\/wp\/v2\/posts"}],"about":[{"href":"https:\/\/gadmuisne.gob.ec\/web\/wp-json\/wp\/v2\/types\/post"}],"author":[{"embeddable":true,"href":"https:\/\/gadmuisne.gob.ec\/web\/wp-json\/wp\/v2\/users\/4"}],"replies":[{"embeddable":true,"href":"https:\/\/gadmuisne.gob.ec\/web\/wp-json\/wp\/v2\/comments?post=20141"}],"version-history":[{"count":1,"href":"https:\/\/gadmuisne.gob.ec\/web\/wp-json\/wp\/v2\/posts\/20141\/revisions"}],"predecessor-version":[{"id":20143,"href":"https:\/\/gadmuisne.gob.ec\/web\/wp-json\/wp\/v2\/posts\/20141\/revisions\/20143"}],"wp:featuredmedia":[{"embeddable":true,"href":"https:\/\/gadmuisne.gob.ec\/web\/wp-json\/wp\/v2\/media\/20142"}],"wp:attachment":[{"href":"https:\/\/gadmuisne.gob.ec\/web\/wp-json\/wp\/v2\/media?parent=20141"}],"wp:term":[{"taxonomy":"category","embeddable":true,"href":"https:\/\/gadmuisne.gob.ec\/web\/wp-json\/wp\/v2\/categories?post=20141"},{"taxonomy":"post_tag","embeddable":true,"href":"https:\/\/gadmuisne.gob.ec\/web\/wp-json\/wp\/v2\/tags?post=20141"}],"curies":[{"name":"wp","href":"https:\/\/api.w.org\/{rel}","templated":true}]}}