{"id":20161,"date":"2026-03-02T14:50:03","date_gmt":"2026-03-02T19:50:03","guid":{"rendered":"https:\/\/gadmuisne.gob.ec\/web\/?p=20161"},"modified":"2026-03-02T14:50:03","modified_gmt":"2026-03-02T19:50:03","slug":"muisne-fortalece-la-participacion-ciudadana-y-la-igualdad-de-genero","status":"publish","type":"post","link":"https:\/\/gadmuisne.gob.ec\/web\/muisne-fortalece-la-participacion-ciudadana-y-la-igualdad-de-genero\/","title":{"rendered":"\u00a0Muisne fortalece la participaci\u00f3n ciudadana y la igualdad de g\u00e9nero"},"content":{"rendered":"<div class=\"xdj266r x14z9mp xat24cr x1lziwak x1vvkbs x126k92a\">\n<div dir=\"auto\" style=\"text-align: justify;\">\u00a0Muisne fortalece la participaci\u00f3n ciudadana y la igualdad de g\u00e9nero<\/div>\n<\/div>\n<div class=\"x14z9mp xat24cr x1lziwak x1vvkbs xtlvy1s x126k92a\" style=\"text-align: justify;\">\n<div dir=\"auto\">La Alcald\u00eda de Muisne, en articulaci\u00f3n con el Gobierno de La Rioja, SET y FEPP, desarroll\u00f3 un ciclo de talleres sobre pol\u00edticas p\u00fablicas, igualdad de g\u00e9nero y mecanismos de participaci\u00f3n ciudadana, dirigido a organizaciones de turismo comunitario, comunidades y funcionarios municipales.<\/div>\n<\/div>\n<div class=\"x14z9mp xat24cr x1lziwak x1vvkbs xtlvy1s x126k92a\" style=\"text-align: justify;\">\n<div dir=\"auto\">A trav\u00e9s de la cooperaci\u00f3n internacional seguimos impulsando procesos que fortalecen el trabajo conjunto y el desarrollo sostenible del cant\u00f3n.<\/div>\n<\/div>\n<div class=\"x14z9mp xat24cr x1lziwak x1vvkbs xtlvy1s x126k92a\" style=\"text-align: justify;\">\n<div dir=\"auto\">\u00a0M\u00e1s participaci\u00f3n<\/div>\n<div dir=\"auto\">\u00a0M\u00e1s igualdad<\/div>\n<div dir=\"auto\">\u00a0M\u00e1s desarrollo para Muisne<\/div>\n<\/div>\n<div class=\"x14z9mp xat24cr x1lziwak x1vvkbs xtlvy1s x126k92a\">\n<div dir=\"auto\" style=\"text-align: justify;\"><span class=\"html-span xdj266r x14z9mp xat24cr x1lziwak xexx8yu xyri2b x18d9i69 x1c1uobl x1hl2dhg x16tdsg8 x1vvkbs\"><a class=\"x1i10hfl xjbqb8w x1ejq31n x18oe1m7 x1sy0etr xstzfhl x972fbf x10w94by x1qhh985 x14e42zd x9f619 x1ypdohk xt0psk2 x3ct3a4 xdj266r x14z9mp xat24cr x1lziwak xexx8yu xyri2b x18d9i69 x1c1uobl x16tdsg8 x1hl2dhg xggy1nq x1a2a7pz xkrqix3 x1sur9pj x1fey0fg x1s688f\" tabindex=\"0\" role=\"link\" href=\"https:\/\/www.facebook.com\/infofeppesmeraldas?__cft__[0]=AZZPWMbyDXlFhs5it9YI0qk0vTCB4VdrjZ1Xp6QrJ5M6r2xy0YaEq6-8wx-6Rdyy458Vw2m0ewnfPAEU05IswJn6TKhdFDjNmtXAnT_-6uvaPxNhbewUTN2JVR_bCqkT0cBNyG1DPxUZ9vmY2VnO2ivYUH_Iy5UjOotaiVhMQosmnjsua9XCrIkFvsZOo53nDCM&amp;__tn__=-]K-R\"><span class=\"xt0psk2\"><span class=\"xjp7ctv\">FEPP Regional Esmeraldas<\/span><\/span><\/a><\/span><\/div>\n<div dir=\"auto\"><img loading=\"lazy\" decoding=\"async\" class=\"alignnone size-medium wp-image-20162\" src=\"https:\/\/gadmuisne.gob.ec\/web\/wp-content\/uploads\/2026\/03\/260-300x200.jpg\" alt=\"\" width=\"300\" height=\"200\" srcset=\"https:\/\/gadmuisne.gob.ec\/web\/wp-content\/uploads\/2026\/03\/260-300x200.jpg 300w, https:\/\/gadmuisne.gob.ec\/web\/wp-content\/uploads\/2026\/03\/260-1024x683.jpg 1024w, https:\/\/gadmuisne.gob.ec\/web\/wp-content\/uploads\/2026\/03\/260-768x512.jpg 768w, https:\/\/gadmuisne.gob.ec\/web\/wp-content\/uploads\/2026\/03\/260-270x180.jpg 270w, https:\/\/gadmuisne.gob.ec\/web\/wp-content\/uploads\/2026\/03\/260-370x247.jpg 370w, https:\/\/gadmuisne.gob.ec\/web\/wp-content\/uploads\/2026\/03\/260-570x380.jpg 570w, https:\/\/gadmuisne.gob.ec\/web\/wp-content\/uploads\/2026\/03\/260-770x513.jpg 770w, https:\/\/gadmuisne.gob.ec\/web\/wp-content\/uploads\/2026\/03\/260-870x580.jpg 870w, https:\/\/gadmuisne.gob.ec\/web\/wp-content\/uploads\/2026\/03\/260.jpg 1083w\" sizes=\"auto, (max-width: 300px) 100vw, 300px\" \/><img loading=\"lazy\" decoding=\"async\" class=\"alignnone size-medium wp-image-20163\" src=\"https:\/\/gadmuisne.gob.ec\/web\/wp-content\/uploads\/2026\/03\/261-300x200.jpg\" alt=\"\" width=\"300\" height=\"200\" srcset=\"https:\/\/gadmuisne.gob.ec\/web\/wp-content\/uploads\/2026\/03\/261-300x200.jpg 300w, https:\/\/gadmuisne.gob.ec\/web\/wp-content\/uploads\/2026\/03\/261-1024x683.jpg 1024w, https:\/\/gadmuisne.gob.ec\/web\/wp-content\/uploads\/2026\/03\/261-768x512.jpg 768w, https:\/\/gadmuisne.gob.ec\/web\/wp-content\/uploads\/2026\/03\/261-270x180.jpg 270w, https:\/\/gadmuisne.gob.ec\/web\/wp-content\/uploads\/2026\/03\/261-370x247.jpg 370w, https:\/\/gadmuisne.gob.ec\/web\/wp-content\/uploads\/2026\/03\/261-570x380.jpg 570w, https:\/\/gadmuisne.gob.ec\/web\/wp-content\/uploads\/2026\/03\/261-770x513.jpg 770w, https:\/\/gadmuisne.gob.ec\/web\/wp-content\/uploads\/2026\/03\/261-870x580.jpg 870w, https:\/\/gadmuisne.gob.ec\/web\/wp-content\/uploads\/2026\/03\/261.jpg 1083w\" sizes=\"auto, (max-width: 300px) 100vw, 300px\" \/><img loading=\"lazy\" decoding=\"async\" class=\"alignnone size-medium wp-image-20164\" src=\"https:\/\/gadmuisne.gob.ec\/web\/wp-content\/uploads\/2026\/03\/262-300x200.jpg\" alt=\"\" width=\"300\" height=\"200\" srcset=\"https:\/\/gadmuisne.gob.ec\/web\/wp-content\/uploads\/2026\/03\/262-300x200.jpg 300w, https:\/\/gadmuisne.gob.ec\/web\/wp-content\/uploads\/2026\/03\/262-1024x683.jpg 1024w, https:\/\/gadmuisne.gob.ec\/web\/wp-content\/uploads\/2026\/03\/262-768x512.jpg 768w, https:\/\/gadmuisne.gob.ec\/web\/wp-content\/uploads\/2026\/03\/262-270x180.jpg 270w, https:\/\/gadmuisne.gob.ec\/web\/wp-content\/uploads\/2026\/03\/262-370x247.jpg 370w, https:\/\/gadmuisne.gob.ec\/web\/wp-content\/uploads\/2026\/03\/262-570x380.jpg 570w, https:\/\/gadmuisne.gob.ec\/web\/wp-content\/uploads\/2026\/03\/262-770x513.jpg 770w, https:\/\/gadmuisne.gob.ec\/web\/wp-content\/uploads\/2026\/03\/262-870x580.jpg 870w, https:\/\/gadmuisne.gob.ec\/web\/wp-content\/uploads\/2026\/03\/262.jpg 1083w\" sizes=\"auto, (max-width: 300px) 100vw, 300px\" \/><img loading=\"lazy\" decoding=\"async\" class=\"alignnone size-medium wp-image-20165\" src=\"https:\/\/gadmuisne.gob.ec\/web\/wp-content\/uploads\/2026\/03\/263-300x200.jpg\" alt=\"\" width=\"300\" height=\"200\" srcset=\"https:\/\/gadmuisne.gob.ec\/web\/wp-content\/uploads\/2026\/03\/263-300x200.jpg 300w, https:\/\/gadmuisne.gob.ec\/web\/wp-content\/uploads\/2026\/03\/263-1024x683.jpg 1024w, https:\/\/gadmuisne.gob.ec\/web\/wp-content\/uploads\/2026\/03\/263-768x512.jpg 768w, https:\/\/gadmuisne.gob.ec\/web\/wp-content\/uploads\/2026\/03\/263-270x180.jpg 270w, https:\/\/gadmuisne.gob.ec\/web\/wp-content\/uploads\/2026\/03\/263-370x247.jpg 370w, https:\/\/gadmuisne.gob.ec\/web\/wp-content\/uploads\/2026\/03\/263-570x380.jpg 570w, https:\/\/gadmuisne.gob.ec\/web\/wp-content\/uploads\/2026\/03\/263-770x513.jpg 770w, https:\/\/gadmuisne.gob.ec\/web\/wp-content\/uploads\/2026\/03\/263-870x580.jpg 870w, https:\/\/gadmuisne.gob.ec\/web\/wp-content\/uploads\/2026\/03\/263.jpg 1083w\" sizes=\"auto, (max-width: 300px) 100vw, 300px\" \/><img loading=\"lazy\" decoding=\"async\" class=\"alignnone size-medium wp-image-20166\" src=\"https:\/\/gadmuisne.gob.ec\/web\/wp-content\/uploads\/2026\/03\/264-300x200.jpg\" alt=\"\" width=\"300\" height=\"200\" srcset=\"https:\/\/gadmuisne.gob.ec\/web\/wp-content\/uploads\/2026\/03\/264-300x200.jpg 300w, https:\/\/gadmuisne.gob.ec\/web\/wp-content\/uploads\/2026\/03\/264-1024x683.jpg 1024w, https:\/\/gadmuisne.gob.ec\/web\/wp-content\/uploads\/2026\/03\/264-768x512.jpg 768w, https:\/\/gadmuisne.gob.ec\/web\/wp-content\/uploads\/2026\/03\/264-270x180.jpg 270w, https:\/\/gadmuisne.gob.ec\/web\/wp-content\/uploads\/2026\/03\/264-370x247.jpg 370w, https:\/\/gadmuisne.gob.ec\/web\/wp-content\/uploads\/2026\/03\/264-570x380.jpg 570w, https:\/\/gadmuisne.gob.ec\/web\/wp-content\/uploads\/2026\/03\/264-770x513.jpg 770w, https:\/\/gadmuisne.gob.ec\/web\/wp-content\/uploads\/2026\/03\/264-870x580.jpg 870w, https:\/\/gadmuisne.gob.ec\/web\/wp-content\/uploads\/2026\/03\/264.jpg 1083w\" sizes=\"auto, (max-width: 300px) 100vw, 300px\" \/><img loading=\"lazy\" decoding=\"async\" class=\"alignnone size-medium wp-image-20167\" src=\"https:\/\/gadmuisne.gob.ec\/web\/wp-content\/uploads\/2026\/03\/265-300x200.jpg\" alt=\"\" width=\"300\" height=\"200\" srcset=\"https:\/\/gadmuisne.gob.ec\/web\/wp-content\/uploads\/2026\/03\/265-300x200.jpg 300w, https:\/\/gadmuisne.gob.ec\/web\/wp-content\/uploads\/2026\/03\/265-1024x683.jpg 1024w, https:\/\/gadmuisne.gob.ec\/web\/wp-content\/uploads\/2026\/03\/265-768x512.jpg 768w, https:\/\/gadmuisne.gob.ec\/web\/wp-content\/uploads\/2026\/03\/265-270x180.jpg 270w, https:\/\/gadmuisne.gob.ec\/web\/wp-content\/uploads\/2026\/03\/265-370x247.jpg 370w, https:\/\/gadmuisne.gob.ec\/web\/wp-content\/uploads\/2026\/03\/265-570x380.jpg 570w, https:\/\/gadmuisne.gob.ec\/web\/wp-content\/uploads\/2026\/03\/265-770x513.jpg 770w, https:\/\/gadmuisne.gob.ec\/web\/wp-content\/uploads\/2026\/03\/265-870x580.jpg 870w, https:\/\/gadmuisne.gob.ec\/web\/wp-content\/uploads\/2026\/03\/265.jpg 1083w\" sizes=\"auto, (max-width: 300px) 100vw, 300px\" \/><img loading=\"lazy\" decoding=\"async\" class=\"alignnone size-medium wp-image-20168\" src=\"https:\/\/gadmuisne.gob.ec\/web\/wp-content\/uploads\/2026\/03\/266-300x200.jpg\" alt=\"\" width=\"300\" height=\"200\" srcset=\"https:\/\/gadmuisne.gob.ec\/web\/wp-content\/uploads\/2026\/03\/266-300x200.jpg 300w, https:\/\/gadmuisne.gob.ec\/web\/wp-content\/uploads\/2026\/03\/266-1024x683.jpg 1024w, https:\/\/gadmuisne.gob.ec\/web\/wp-content\/uploads\/2026\/03\/266-768x512.jpg 768w, https:\/\/gadmuisne.gob.ec\/web\/wp-content\/uploads\/2026\/03\/266-270x180.jpg 270w, https:\/\/gadmuisne.gob.ec\/web\/wp-content\/uploads\/2026\/03\/266-370x247.jpg 370w, https:\/\/gadmuisne.gob.ec\/web\/wp-content\/uploads\/2026\/03\/266-570x380.jpg 570w, https:\/\/gadmuisne.gob.ec\/web\/wp-content\/uploads\/2026\/03\/266-770x513.jpg 770w, https:\/\/gadmuisne.gob.ec\/web\/wp-content\/uploads\/2026\/03\/266-870x580.jpg 870w, https:\/\/gadmuisne.gob.ec\/web\/wp-content\/uploads\/2026\/03\/266.jpg 1083w\" sizes=\"auto, (max-width: 300px) 100vw, 300px\" \/><img loading=\"lazy\" decoding=\"async\" class=\"alignnone size-medium wp-image-20169\" src=\"https:\/\/gadmuisne.gob.ec\/web\/wp-content\/uploads\/2026\/03\/267-300x200.jpg\" alt=\"\" width=\"300\" height=\"200\" srcset=\"https:\/\/gadmuisne.gob.ec\/web\/wp-content\/uploads\/2026\/03\/267-300x200.jpg 300w, https:\/\/gadmuisne.gob.ec\/web\/wp-content\/uploads\/2026\/03\/267-1024x683.jpg 1024w, https:\/\/gadmuisne.gob.ec\/web\/wp-content\/uploads\/2026\/03\/267-768x512.jpg 768w, https:\/\/gadmuisne.gob.ec\/web\/wp-content\/uploads\/2026\/03\/267-270x180.jpg 270w, https:\/\/gadmuisne.gob.ec\/web\/wp-content\/uploads\/2026\/03\/267-370x247.jpg 370w, https:\/\/gadmuisne.gob.ec\/web\/wp-content\/uploads\/2026\/03\/267-570x380.jpg 570w, https:\/\/gadmuisne.gob.ec\/web\/wp-content\/uploads\/2026\/03\/267-770x513.jpg 770w, https:\/\/gadmuisne.gob.ec\/web\/wp-content\/uploads\/2026\/03\/267-870x580.jpg 870w, https:\/\/gadmuisne.gob.ec\/web\/wp-content\/uploads\/2026\/03\/267.jpg 1083w\" sizes=\"auto, (max-width: 300px) 100vw, 300px\" \/><img loading=\"lazy\" decoding=\"async\" class=\"alignnone size-medium wp-image-20170\" src=\"https:\/\/gadmuisne.gob.ec\/web\/wp-content\/uploads\/2026\/03\/268-300x200.jpg\" alt=\"\" width=\"300\" height=\"200\" srcset=\"https:\/\/gadmuisne.gob.ec\/web\/wp-content\/uploads\/2026\/03\/268-300x200.jpg 300w, https:\/\/gadmuisne.gob.ec\/web\/wp-content\/uploads\/2026\/03\/268-1024x683.jpg 1024w, https:\/\/gadmuisne.gob.ec\/web\/wp-content\/uploads\/2026\/03\/268-768x512.jpg 768w, https:\/\/gadmuisne.gob.ec\/web\/wp-content\/uploads\/2026\/03\/268-270x180.jpg 270w, https:\/\/gadmuisne.gob.ec\/web\/wp-content\/uploads\/2026\/03\/268-370x247.jpg 370w, https:\/\/gadmuisne.gob.ec\/web\/wp-content\/uploads\/2026\/03\/268-570x380.jpg 570w, https:\/\/gadmuisne.gob.ec\/web\/wp-content\/uploads\/2026\/03\/268-770x513.jpg 770w, https:\/\/gadmuisne.gob.ec\/web\/wp-content\/uploads\/2026\/03\/268-870x580.jpg 870w, https:\/\/gadmuisne.gob.ec\/web\/wp-content\/uploads\/2026\/03\/268.jpg 1083w\" sizes=\"auto, (max-width: 300px) 100vw, 300px\" \/><\/div>\n<\/div>\n","protected":false},"excerpt":{"rendered":"<p>\u00a0Muisne fortalece la participaci\u00f3n ciudadana y la igualdad de g\u00e9nero La Alcald\u00eda de Muisne, en articulaci\u00f3n con el Gobierno de La Rioja, SET y FEPP, desarroll\u00f3 un ciclo de talleres sobre pol\u00edticas p\u00fablicas, igualdad de g\u00e9nero y mecanismos de participaci\u00f3n ciudadana, dirigido a organizaciones de turismo comunitario, comunidades y funcionarios&#8230;<\/p>\n","protected":false},"author":4,"featured_media":20162,"comment_status":"closed","ping_status":"open","sticky":false,"template":"","format":"standard","meta":{"footnotes":""},"categories":[53],"tags":[],"class_list":["post-20161","post","type-post","status-publish","format-standard","has-post-thumbnail","hentry","category-noticias1"],"_links":{"self":[{"href":"https:\/\/gadmuisne.gob.ec\/web\/wp-json\/wp\/v2\/posts\/20161","targetHints":{"allow":["GET"]}}],"collection":[{"href":"https:\/\/gadmuisne.gob.ec\/web\/wp-json\/wp\/v2\/posts"}],"about":[{"href":"https:\/\/gadmuisne.gob.ec\/web\/wp-json\/wp\/v2\/types\/post"}],"author":[{"embeddable":true,"href":"https:\/\/gadmuisne.gob.ec\/web\/wp-json\/wp\/v2\/users\/4"}],"replies":[{"embeddable":true,"href":"https:\/\/gadmuisne.gob.ec\/web\/wp-json\/wp\/v2\/comments?post=20161"}],"version-history":[{"count":1,"href":"https:\/\/gadmuisne.gob.ec\/web\/wp-json\/wp\/v2\/posts\/20161\/revisions"}],"predecessor-version":[{"id":20171,"href":"https:\/\/gadmuisne.gob.ec\/web\/wp-json\/wp\/v2\/posts\/20161\/revisions\/20171"}],"wp:featuredmedia":[{"embeddable":true,"href":"https:\/\/gadmuisne.gob.ec\/web\/wp-json\/wp\/v2\/media\/20162"}],"wp:attachment":[{"href":"https:\/\/gadmuisne.gob.ec\/web\/wp-json\/wp\/v2\/media?parent=20161"}],"wp:term":[{"taxonomy":"category","embeddable":true,"href":"https:\/\/gadmuisne.gob.ec\/web\/wp-json\/wp\/v2\/categories?post=20161"},{"taxonomy":"post_tag","embeddable":true,"href":"https:\/\/gadmuisne.gob.ec\/web\/wp-json\/wp\/v2\/tags?post=20161"}],"curies":[{"name":"wp","href":"https:\/\/api.w.org\/{rel}","templated":true}]}}