{"id":20340,"date":"2026-03-02T15:52:32","date_gmt":"2026-03-02T20:52:32","guid":{"rendered":"https:\/\/gadmuisne.gob.ec\/web\/?p=20340"},"modified":"2026-03-02T15:52:32","modified_gmt":"2026-03-02T20:52:32","slug":"la-alcaldia-de-muisne-se-realizo-el-taller-de-fortalecimiento-de-capacidades","status":"publish","type":"post","link":"https:\/\/gadmuisne.gob.ec\/web\/la-alcaldia-de-muisne-se-realizo-el-taller-de-fortalecimiento-de-capacidades\/","title":{"rendered":"La Alcald\u00eda de Muisne se realiz\u00f3 el \u00abTaller de Fortalecimiento de Capacidades\u00bb"},"content":{"rendered":"<p style=\"text-align: justify;\">La Alcald\u00eda de Muisne, a trav\u00e9s del Concejo Cantonal de Protecci\u00f3n de Derechos, en el marco de la mesa cantonal de g\u00e9nero, se realiz\u00f3 el \u00abTaller de Fortalecimiento de Capacidades\u00bb, el cu\u00e1l cont\u00f3 con la participaci\u00f3n de: <span class=\"html-span xdj266r x14z9mp xat24cr x1lziwak xexx8yu xyri2b x18d9i69 x1c1uobl x1hl2dhg x16tdsg8 x1vvkbs\"><a class=\"x1i10hfl xjbqb8w x1ejq31n x18oe1m7 x1sy0etr xstzfhl x972fbf x10w94by x1qhh985 x14e42zd x9f619 x1ypdohk xt0psk2 x3ct3a4 xdj266r x14z9mp xat24cr x1lziwak xexx8yu xyri2b x18d9i69 x1c1uobl x16tdsg8 x1hl2dhg xggy1nq x1a2a7pz xkrqix3 x1sur9pj x1fey0fg x1s688f\" tabindex=\"0\" role=\"link\" href=\"https:\/\/www.facebook.com\/CyberZoneEsmeraldas?__cft__[0]=AZY5vS_si2XNrvNjlJ98VD8Vs-eTYvuV6BmQz2a1Z80vwQ7iuY-U8DrRLBxrG_SAW3K87Jt6-hG9dzuNVQRdYbRliql4TPo3ZsbckX8T4QlnQl-aZZwJceZ4vspEXmd7dwif4J7jF9UXxzCRq3dI4KwmuIiW6fgrPB28pIjAsnh0H2ol-vLv8wACiJre3uZzILY&amp;__tn__=-]K-R\"><span class=\"xt0psk2\"><span class=\"xjp7ctv\">Gobernaci\u00f3n Esmeraldas<\/span><\/span><\/a><\/span> , Tenencias Pol\u00edticas de las ocho parroquias, <span class=\"html-span xdj266r x14z9mp xat24cr x1lziwak xexx8yu xyri2b x18d9i69 x1c1uobl x1hl2dhg x16tdsg8 x1vvkbs\"><a class=\"x1i10hfl xjbqb8w x1ejq31n x18oe1m7 x1sy0etr xstzfhl x972fbf x10w94by x1qhh985 x14e42zd x9f619 x1ypdohk xt0psk2 x3ct3a4 xdj266r x14z9mp xat24cr x1lziwak xexx8yu xyri2b x18d9i69 x1c1uobl x16tdsg8 x1hl2dhg xggy1nq x1a2a7pz xkrqix3 x1sur9pj x1fey0fg x1s688f\" tabindex=\"0\" role=\"link\" href=\"https:\/\/www.facebook.com\/MinisterioDeGobiernoEcuador?__cft__[0]=AZY5vS_si2XNrvNjlJ98VD8Vs-eTYvuV6BmQz2a1Z80vwQ7iuY-U8DrRLBxrG_SAW3K87Jt6-hG9dzuNVQRdYbRliql4TPo3ZsbckX8T4QlnQl-aZZwJceZ4vspEXmd7dwif4J7jF9UXxzCRq3dI4KwmuIiW6fgrPB28pIjAsnh0H2ol-vLv8wACiJre3uZzILY&amp;__tn__=-]K-R\"><span class=\"xt0psk2\"><span class=\"xjp7ctv\">Ministerio de Gobierno<\/span><\/span><\/a><\/span>, <span class=\"html-span xdj266r x14z9mp xat24cr x1lziwak xexx8yu xyri2b x18d9i69 x1c1uobl x1hl2dhg x16tdsg8 x1vvkbs\"><a class=\"x1i10hfl xjbqb8w x1ejq31n x18oe1m7 x1sy0etr xstzfhl x972fbf x10w94by x1qhh985 x14e42zd x9f619 x1ypdohk xt0psk2 x3ct3a4 xdj266r x14z9mp xat24cr x1lziwak xexx8yu xyri2b x18d9i69 x1c1uobl x16tdsg8 x1hl2dhg xggy1nq x1a2a7pz xkrqix3 x1sur9pj x1fey0fg x1s688f\" tabindex=\"0\" role=\"link\" href=\"https:\/\/www.facebook.com\/InclusionEcuador?__cft__[0]=AZY5vS_si2XNrvNjlJ98VD8Vs-eTYvuV6BmQz2a1Z80vwQ7iuY-U8DrRLBxrG_SAW3K87Jt6-hG9dzuNVQRdYbRliql4TPo3ZsbckX8T4QlnQl-aZZwJceZ4vspEXmd7dwif4J7jF9UXxzCRq3dI4KwmuIiW6fgrPB28pIjAsnh0H2ol-vLv8wACiJre3uZzILY&amp;__tn__=-]K-R\"><span class=\"xt0psk2\"><span class=\"xjp7ctv\">Ministerio de Desarrollo Humano<\/span><\/span><\/a><\/span>, <span class=\"html-span xdj266r x14z9mp xat24cr x1lziwak xexx8yu xyri2b x18d9i69 x1c1uobl x1hl2dhg x16tdsg8 x1vvkbs\"><a class=\"x1i10hfl xjbqb8w x1ejq31n x18oe1m7 x1sy0etr xstzfhl x972fbf x10w94by x1qhh985 x14e42zd x9f619 x1ypdohk xt0psk2 x3ct3a4 xdj266r x14z9mp xat24cr x1lziwak xexx8yu xyri2b x18d9i69 x1c1uobl x16tdsg8 x1hl2dhg xggy1nq x1a2a7pz xkrqix3 x1sur9pj x1fey0fg x1s688f\" tabindex=\"0\" role=\"link\" href=\"https:\/\/www.facebook.com\/SaludEcuador?__cft__[0]=AZY5vS_si2XNrvNjlJ98VD8Vs-eTYvuV6BmQz2a1Z80vwQ7iuY-U8DrRLBxrG_SAW3K87Jt6-hG9dzuNVQRdYbRliql4TPo3ZsbckX8T4QlnQl-aZZwJceZ4vspEXmd7dwif4J7jF9UXxzCRq3dI4KwmuIiW6fgrPB28pIjAsnh0H2ol-vLv8wACiJre3uZzILY&amp;__tn__=-]K-R\"><span class=\"xt0psk2\"><span class=\"xjp7ctv\">Ministerio de Salud P\u00fablica<\/span><\/span><\/a><\/span>, <span class=\"html-span xdj266r x14z9mp xat24cr x1lziwak xexx8yu xyri2b x18d9i69 x1c1uobl x1hl2dhg x16tdsg8 x1vvkbs\"><a class=\"x1i10hfl xjbqb8w x1ejq31n x18oe1m7 x1sy0etr xstzfhl x972fbf x10w94by x1qhh985 x14e42zd x9f619 x1ypdohk xt0psk2 x3ct3a4 xdj266r x14z9mp xat24cr x1lziwak xexx8yu xyri2b x18d9i69 x1c1uobl x16tdsg8 x1hl2dhg xggy1nq x1a2a7pz xkrqix3 x1sur9pj x1fey0fg x1s688f\" tabindex=\"0\" role=\"link\" href=\"https:\/\/www.facebook.com\/policia.ecuador?__cft__[0]=AZY5vS_si2XNrvNjlJ98VD8Vs-eTYvuV6BmQz2a1Z80vwQ7iuY-U8DrRLBxrG_SAW3K87Jt6-hG9dzuNVQRdYbRliql4TPo3ZsbckX8T4QlnQl-aZZwJceZ4vspEXmd7dwif4J7jF9UXxzCRq3dI4KwmuIiW6fgrPB28pIjAsnh0H2ol-vLv8wACiJre3uZzILY&amp;__tn__=-]K-R\"><span class=\"xt0psk2\"><span class=\"xjp7ctv\">Polic\u00eda Nacional<\/span><\/span><\/a><\/span>, <span class=\"html-span xdj266r x14z9mp xat24cr x1lziwak xexx8yu xyri2b x18d9i69 x1c1uobl x1hl2dhg x16tdsg8 x1vvkbs\"><a class=\"x1i10hfl xjbqb8w x1ejq31n x18oe1m7 x1sy0etr xstzfhl x972fbf x10w94by x1qhh985 x14e42zd x9f619 x1ypdohk xt0psk2 x3ct3a4 xdj266r x14z9mp xat24cr x1lziwak xexx8yu xyri2b x18d9i69 x1c1uobl x16tdsg8 x1hl2dhg xggy1nq x1a2a7pz xkrqix3 x1sur9pj x1fey0fg x1s688f\" tabindex=\"0\" role=\"link\" href=\"https:\/\/www.facebook.com\/PazyDesarrolloEcuador?__cft__[0]=AZY5vS_si2XNrvNjlJ98VD8Vs-eTYvuV6BmQz2a1Z80vwQ7iuY-U8DrRLBxrG_SAW3K87Jt6-hG9dzuNVQRdYbRliql4TPo3ZsbckX8T4QlnQl-aZZwJceZ4vspEXmd7dwif4J7jF9UXxzCRq3dI4KwmuIiW6fgrPB28pIjAsnh0H2ol-vLv8wACiJre3uZzILY&amp;__tn__=-]K-R\"><span class=\"xt0psk2\"><span class=\"xjp7ctv\">Paz y Desarrollo<\/span><\/span><\/a><\/span>, <span class=\"html-span xdj266r x14z9mp xat24cr x1lziwak xexx8yu xyri2b x18d9i69 x1c1uobl x1hl2dhg x16tdsg8 x1vvkbs\"><a class=\"x1i10hfl xjbqb8w x1ejq31n x18oe1m7 x1sy0etr xstzfhl x972fbf x10w94by x1qhh985 x14e42zd x9f619 x1ypdohk xt0psk2 x3ct3a4 xdj266r x14z9mp xat24cr x1lziwak xexx8yu xyri2b x18d9i69 x1c1uobl x16tdsg8 x1hl2dhg xggy1nq x1a2a7pz xkrqix3 x1sur9pj x1fey0fg x1s688f\" tabindex=\"0\" role=\"link\" href=\"https:\/\/www.facebook.com\/ayudaenaccion?__cft__[0]=AZY5vS_si2XNrvNjlJ98VD8Vs-eTYvuV6BmQz2a1Z80vwQ7iuY-U8DrRLBxrG_SAW3K87Jt6-hG9dzuNVQRdYbRliql4TPo3ZsbckX8T4QlnQl-aZZwJceZ4vspEXmd7dwif4J7jF9UXxzCRq3dI4KwmuIiW6fgrPB28pIjAsnh0H2ol-vLv8wACiJre3uZzILY&amp;__tn__=-]K-R\"><span class=\"xt0psk2\"><span class=\"xjp7ctv\">Ayuda En Acci\u00f3n<\/span><\/span><\/a><\/span>, <span class=\"html-span xdj266r x14z9mp xat24cr x1lziwak xexx8yu xyri2b x18d9i69 x1c1uobl x1hl2dhg x16tdsg8 x1vvkbs\"><a class=\"x1i10hfl xjbqb8w x1ejq31n x18oe1m7 x1sy0etr xstzfhl x972fbf x10w94by x1qhh985 x14e42zd x9f619 x1ypdohk xt0psk2 x3ct3a4 xdj266r x14z9mp xat24cr x1lziwak xexx8yu xyri2b x18d9i69 x1c1uobl x16tdsg8 x1hl2dhg xggy1nq x1a2a7pz xkrqix3 x1sur9pj x1fey0fg x1s688f\" tabindex=\"0\" role=\"link\" href=\"https:\/\/www.facebook.com\/OVCIECUADOR?__cft__[0]=AZY5vS_si2XNrvNjlJ98VD8Vs-eTYvuV6BmQz2a1Z80vwQ7iuY-U8DrRLBxrG_SAW3K87Jt6-hG9dzuNVQRdYbRliql4TPo3ZsbckX8T4QlnQl-aZZwJceZ4vspEXmd7dwif4J7jF9UXxzCRq3dI4KwmuIiW6fgrPB28pIjAsnh0H2ol-vLv8wACiJre3uZzILY&amp;__tn__=-]K-R\"><span class=\"xt0psk2\"><span class=\"xjp7ctv\">Ovci Esmeraldas<\/span><\/span><\/a><\/span>, las defensoras Muru Warmi y el Foro de Mujeres, reforzando el trabajo conjunto por una sociedad m\u00e1s justa y libre de violencia.<\/p>\n<p><img loading=\"lazy\" decoding=\"async\" class=\"alignnone size-medium wp-image-20341\" src=\"https:\/\/gadmuisne.gob.ec\/web\/wp-content\/uploads\/2026\/03\/381-300x225.jpg\" alt=\"\" width=\"300\" height=\"225\" srcset=\"https:\/\/gadmuisne.gob.ec\/web\/wp-content\/uploads\/2026\/03\/381-300x225.jpg 300w, https:\/\/gadmuisne.gob.ec\/web\/wp-content\/uploads\/2026\/03\/381-1024x768.jpg 1024w, https:\/\/gadmuisne.gob.ec\/web\/wp-content\/uploads\/2026\/03\/381-768x576.jpg 768w, https:\/\/gadmuisne.gob.ec\/web\/wp-content\/uploads\/2026\/03\/381-1536x1152.jpg 1536w, https:\/\/gadmuisne.gob.ec\/web\/wp-content\/uploads\/2026\/03\/381-270x203.jpg 270w, https:\/\/gadmuisne.gob.ec\/web\/wp-content\/uploads\/2026\/03\/381-370x278.jpg 370w, https:\/\/gadmuisne.gob.ec\/web\/wp-content\/uploads\/2026\/03\/381-570x428.jpg 570w, https:\/\/gadmuisne.gob.ec\/web\/wp-content\/uploads\/2026\/03\/381-770x578.jpg 770w, https:\/\/gadmuisne.gob.ec\/web\/wp-content\/uploads\/2026\/03\/381-870x653.jpg 870w, https:\/\/gadmuisne.gob.ec\/web\/wp-content\/uploads\/2026\/03\/381-1170x878.jpg 1170w, https:\/\/gadmuisne.gob.ec\/web\/wp-content\/uploads\/2026\/03\/381-1570x1178.jpg 1570w, https:\/\/gadmuisne.gob.ec\/web\/wp-content\/uploads\/2026\/03\/381.jpg 2048w\" sizes=\"auto, (max-width: 300px) 100vw, 300px\" \/><img loading=\"lazy\" decoding=\"async\" class=\"alignnone size-medium wp-image-20342\" src=\"https:\/\/gadmuisne.gob.ec\/web\/wp-content\/uploads\/2026\/03\/382-300x225.jpg\" alt=\"\" width=\"300\" height=\"225\" srcset=\"https:\/\/gadmuisne.gob.ec\/web\/wp-content\/uploads\/2026\/03\/382-300x225.jpg 300w, https:\/\/gadmuisne.gob.ec\/web\/wp-content\/uploads\/2026\/03\/382-1024x768.jpg 1024w, https:\/\/gadmuisne.gob.ec\/web\/wp-content\/uploads\/2026\/03\/382-768x576.jpg 768w, https:\/\/gadmuisne.gob.ec\/web\/wp-content\/uploads\/2026\/03\/382-1536x1152.jpg 1536w, https:\/\/gadmuisne.gob.ec\/web\/wp-content\/uploads\/2026\/03\/382-270x203.jpg 270w, https:\/\/gadmuisne.gob.ec\/web\/wp-content\/uploads\/2026\/03\/382-370x278.jpg 370w, https:\/\/gadmuisne.gob.ec\/web\/wp-content\/uploads\/2026\/03\/382-570x428.jpg 570w, https:\/\/gadmuisne.gob.ec\/web\/wp-content\/uploads\/2026\/03\/382-770x578.jpg 770w, https:\/\/gadmuisne.gob.ec\/web\/wp-content\/uploads\/2026\/03\/382-870x653.jpg 870w, https:\/\/gadmuisne.gob.ec\/web\/wp-content\/uploads\/2026\/03\/382-1170x878.jpg 1170w, https:\/\/gadmuisne.gob.ec\/web\/wp-content\/uploads\/2026\/03\/382-1570x1178.jpg 1570w, https:\/\/gadmuisne.gob.ec\/web\/wp-content\/uploads\/2026\/03\/382.jpg 2048w\" sizes=\"auto, (max-width: 300px) 100vw, 300px\" \/><img loading=\"lazy\" decoding=\"async\" class=\"alignnone size-medium wp-image-20343\" src=\"https:\/\/gadmuisne.gob.ec\/web\/wp-content\/uploads\/2026\/03\/383-300x225.jpg\" alt=\"\" width=\"300\" height=\"225\" srcset=\"https:\/\/gadmuisne.gob.ec\/web\/wp-content\/uploads\/2026\/03\/383-300x225.jpg 300w, https:\/\/gadmuisne.gob.ec\/web\/wp-content\/uploads\/2026\/03\/383-1024x768.jpg 1024w, https:\/\/gadmuisne.gob.ec\/web\/wp-content\/uploads\/2026\/03\/383-768x576.jpg 768w, https:\/\/gadmuisne.gob.ec\/web\/wp-content\/uploads\/2026\/03\/383-1536x1152.jpg 1536w, https:\/\/gadmuisne.gob.ec\/web\/wp-content\/uploads\/2026\/03\/383-270x203.jpg 270w, https:\/\/gadmuisne.gob.ec\/web\/wp-content\/uploads\/2026\/03\/383-370x278.jpg 370w, https:\/\/gadmuisne.gob.ec\/web\/wp-content\/uploads\/2026\/03\/383-570x428.jpg 570w, https:\/\/gadmuisne.gob.ec\/web\/wp-content\/uploads\/2026\/03\/383-770x578.jpg 770w, https:\/\/gadmuisne.gob.ec\/web\/wp-content\/uploads\/2026\/03\/383-870x653.jpg 870w, https:\/\/gadmuisne.gob.ec\/web\/wp-content\/uploads\/2026\/03\/383-1170x878.jpg 1170w, https:\/\/gadmuisne.gob.ec\/web\/wp-content\/uploads\/2026\/03\/383-1570x1178.jpg 1570w, https:\/\/gadmuisne.gob.ec\/web\/wp-content\/uploads\/2026\/03\/383.jpg 2048w\" sizes=\"auto, (max-width: 300px) 100vw, 300px\" \/><img loading=\"lazy\" decoding=\"async\" class=\"alignnone size-medium wp-image-20344\" src=\"https:\/\/gadmuisne.gob.ec\/web\/wp-content\/uploads\/2026\/03\/384-300x225.jpg\" alt=\"\" width=\"300\" height=\"225\" srcset=\"https:\/\/gadmuisne.gob.ec\/web\/wp-content\/uploads\/2026\/03\/384-300x225.jpg 300w, https:\/\/gadmuisne.gob.ec\/web\/wp-content\/uploads\/2026\/03\/384-1024x768.jpg 1024w, https:\/\/gadmuisne.gob.ec\/web\/wp-content\/uploads\/2026\/03\/384-768x576.jpg 768w, https:\/\/gadmuisne.gob.ec\/web\/wp-content\/uploads\/2026\/03\/384-1536x1152.jpg 1536w, https:\/\/gadmuisne.gob.ec\/web\/wp-content\/uploads\/2026\/03\/384-270x203.jpg 270w, https:\/\/gadmuisne.gob.ec\/web\/wp-content\/uploads\/2026\/03\/384-370x278.jpg 370w, https:\/\/gadmuisne.gob.ec\/web\/wp-content\/uploads\/2026\/03\/384-570x428.jpg 570w, https:\/\/gadmuisne.gob.ec\/web\/wp-content\/uploads\/2026\/03\/384-770x578.jpg 770w, https:\/\/gadmuisne.gob.ec\/web\/wp-content\/uploads\/2026\/03\/384-870x653.jpg 870w, https:\/\/gadmuisne.gob.ec\/web\/wp-content\/uploads\/2026\/03\/384-1170x878.jpg 1170w, https:\/\/gadmuisne.gob.ec\/web\/wp-content\/uploads\/2026\/03\/384-1570x1178.jpg 1570w, https:\/\/gadmuisne.gob.ec\/web\/wp-content\/uploads\/2026\/03\/384.jpg 2048w\" sizes=\"auto, (max-width: 300px) 100vw, 300px\" \/><img loading=\"lazy\" decoding=\"async\" class=\"alignnone size-medium wp-image-20345\" src=\"https:\/\/gadmuisne.gob.ec\/web\/wp-content\/uploads\/2026\/03\/385-300x225.jpg\" alt=\"\" width=\"300\" height=\"225\" srcset=\"https:\/\/gadmuisne.gob.ec\/web\/wp-content\/uploads\/2026\/03\/385-300x225.jpg 300w, https:\/\/gadmuisne.gob.ec\/web\/wp-content\/uploads\/2026\/03\/385-1024x768.jpg 1024w, https:\/\/gadmuisne.gob.ec\/web\/wp-content\/uploads\/2026\/03\/385-768x576.jpg 768w, https:\/\/gadmuisne.gob.ec\/web\/wp-content\/uploads\/2026\/03\/385-1536x1152.jpg 1536w, https:\/\/gadmuisne.gob.ec\/web\/wp-content\/uploads\/2026\/03\/385-270x203.jpg 270w, https:\/\/gadmuisne.gob.ec\/web\/wp-content\/uploads\/2026\/03\/385-370x278.jpg 370w, https:\/\/gadmuisne.gob.ec\/web\/wp-content\/uploads\/2026\/03\/385-570x428.jpg 570w, https:\/\/gadmuisne.gob.ec\/web\/wp-content\/uploads\/2026\/03\/385-770x578.jpg 770w, https:\/\/gadmuisne.gob.ec\/web\/wp-content\/uploads\/2026\/03\/385-870x653.jpg 870w, https:\/\/gadmuisne.gob.ec\/web\/wp-content\/uploads\/2026\/03\/385-1170x878.jpg 1170w, https:\/\/gadmuisne.gob.ec\/web\/wp-content\/uploads\/2026\/03\/385-1570x1178.jpg 1570w, https:\/\/gadmuisne.gob.ec\/web\/wp-content\/uploads\/2026\/03\/385.jpg 2048w\" sizes=\"auto, (max-width: 300px) 100vw, 300px\" \/><img loading=\"lazy\" decoding=\"async\" class=\"alignnone size-medium wp-image-20346\" src=\"https:\/\/gadmuisne.gob.ec\/web\/wp-content\/uploads\/2026\/03\/386-300x225.jpg\" alt=\"\" width=\"300\" height=\"225\" srcset=\"https:\/\/gadmuisne.gob.ec\/web\/wp-content\/uploads\/2026\/03\/386-300x225.jpg 300w, https:\/\/gadmuisne.gob.ec\/web\/wp-content\/uploads\/2026\/03\/386-1024x768.jpg 1024w, https:\/\/gadmuisne.gob.ec\/web\/wp-content\/uploads\/2026\/03\/386-768x576.jpg 768w, https:\/\/gadmuisne.gob.ec\/web\/wp-content\/uploads\/2026\/03\/386-1536x1152.jpg 1536w, https:\/\/gadmuisne.gob.ec\/web\/wp-content\/uploads\/2026\/03\/386-270x203.jpg 270w, https:\/\/gadmuisne.gob.ec\/web\/wp-content\/uploads\/2026\/03\/386-370x278.jpg 370w, https:\/\/gadmuisne.gob.ec\/web\/wp-content\/uploads\/2026\/03\/386-570x428.jpg 570w, https:\/\/gadmuisne.gob.ec\/web\/wp-content\/uploads\/2026\/03\/386-770x578.jpg 770w, https:\/\/gadmuisne.gob.ec\/web\/wp-content\/uploads\/2026\/03\/386-870x653.jpg 870w, https:\/\/gadmuisne.gob.ec\/web\/wp-content\/uploads\/2026\/03\/386-1170x878.jpg 1170w, https:\/\/gadmuisne.gob.ec\/web\/wp-content\/uploads\/2026\/03\/386-1570x1178.jpg 1570w, https:\/\/gadmuisne.gob.ec\/web\/wp-content\/uploads\/2026\/03\/386.jpg 2048w\" sizes=\"auto, (max-width: 300px) 100vw, 300px\" \/><\/p>\n","protected":false},"excerpt":{"rendered":"<p>La Alcald\u00eda de Muisne, a trav\u00e9s del Concejo Cantonal de Protecci\u00f3n de Derechos, en el marco de la mesa cantonal de g\u00e9nero, se realiz\u00f3 el \u00abTaller de Fortalecimiento de Capacidades\u00bb, el cu\u00e1l cont\u00f3 con la participaci\u00f3n de: Gobernaci\u00f3n Esmeraldas , Tenencias Pol\u00edticas de las ocho parroquias, Ministerio de Gobierno, Ministerio&#8230;<\/p>\n","protected":false},"author":4,"featured_media":20341,"comment_status":"closed","ping_status":"open","sticky":false,"template":"","format":"standard","meta":{"footnotes":""},"categories":[53],"tags":[],"class_list":["post-20340","post","type-post","status-publish","format-standard","has-post-thumbnail","hentry","category-noticias1"],"_links":{"self":[{"href":"https:\/\/gadmuisne.gob.ec\/web\/wp-json\/wp\/v2\/posts\/20340","targetHints":{"allow":["GET"]}}],"collection":[{"href":"https:\/\/gadmuisne.gob.ec\/web\/wp-json\/wp\/v2\/posts"}],"about":[{"href":"https:\/\/gadmuisne.gob.ec\/web\/wp-json\/wp\/v2\/types\/post"}],"author":[{"embeddable":true,"href":"https:\/\/gadmuisne.gob.ec\/web\/wp-json\/wp\/v2\/users\/4"}],"replies":[{"embeddable":true,"href":"https:\/\/gadmuisne.gob.ec\/web\/wp-json\/wp\/v2\/comments?post=20340"}],"version-history":[{"count":1,"href":"https:\/\/gadmuisne.gob.ec\/web\/wp-json\/wp\/v2\/posts\/20340\/revisions"}],"predecessor-version":[{"id":20347,"href":"https:\/\/gadmuisne.gob.ec\/web\/wp-json\/wp\/v2\/posts\/20340\/revisions\/20347"}],"wp:featuredmedia":[{"embeddable":true,"href":"https:\/\/gadmuisne.gob.ec\/web\/wp-json\/wp\/v2\/media\/20341"}],"wp:attachment":[{"href":"https:\/\/gadmuisne.gob.ec\/web\/wp-json\/wp\/v2\/media?parent=20340"}],"wp:term":[{"taxonomy":"category","embeddable":true,"href":"https:\/\/gadmuisne.gob.ec\/web\/wp-json\/wp\/v2\/categories?post=20340"},{"taxonomy":"post_tag","embeddable":true,"href":"https:\/\/gadmuisne.gob.ec\/web\/wp-json\/wp\/v2\/tags?post=20340"}],"curies":[{"name":"wp","href":"https:\/\/api.w.org\/{rel}","templated":true}]}}