{"id":20943,"date":"2026-04-22T09:31:14","date_gmt":"2026-04-22T14:31:14","guid":{"rendered":"https:\/\/gadmuisne.gob.ec\/web\/?p=20943"},"modified":"2026-04-22T09:31:14","modified_gmt":"2026-04-22T14:31:14","slug":"20943-2","status":"publish","type":"post","link":"https:\/\/gadmuisne.gob.ec\/web\/20943-2\/","title":{"rendered":""},"content":{"rendered":"<p style=\"text-align: justify;\">\n<p>BOLET\u00cdN DE PRENSA Nro. 14<\/p>\n<div class=\"absolute inset-0 overflow-hidden\">\n<div class=\"flex h-full flex-col\">\n<div class=\"min-h-0 min-w-0 flex flex-col grow relative h-full\" data-slot=\"flexbox\">\n<div class=\"group\/scroller flex flex-col overflow-hidden z-0 scrollbar-hide relative perspective-[1px] perspective-origin-top-right transform-3d overflow-y-auto overscroll-y-contain h-full px-6\">\n<div class=\"flex flex-col relative grow-1\">\n<div class=\"mx-auto box-border flex w-full max-w-[1920px] shrink-0 flex-col\">\n<div class=\"flex flex-col\">\n<div class=\"mt-4 starting:opacity-0 starting:translate-y-[20vh] [transition:transform_0.3s_var(--ease-spring-snappy),opacity_150ms]\" data-message-item=\"true\" data-message-id=\"281882ab-a40b-4b3d-ace4-177ccb777f9c_7452723109453185495_assistant\">\n<div class=\"min-h-0 min-w-0 flex flex-col gap-x-0 gap-y-0 shrink-0\" data-slot=\"flexbox\">\n<div class=\"w-full min-w-0\">\n<div class=\"group\/assistant-message relative min-w-0\" data-testid=\"assistant-message\" data-streaming-state=\"DONE\" data-streaming-complete=\"true\">\n<div class=\"mt-4\">\n<div class=\"w-full min-w-0\">\n<div class=\"min-w-0 space-y-6\">\n<div class=\"min-w-0\">\n<div class=\"markdown-content min-w-0\">\n<div class=\"stack mx-auto flex max-w-3xl min-w-0 flex-col items-center overflow-visible\">\n<div class=\"min-w-0 w-full\">\n<div class=\"ur-markdown prose prose-trimmed citation-aware\" dir=\"auto\">\n<div class=\"space-y-4 whitespace-normal [&amp;&gt;*:first-child]:mt-0 [&amp;&gt;*:last-child]:mb-0 mb-4 flex flex-col gap-6\">\n<p><span class=\"font-semibold\" data-streamdown=\"strong\">Muisne,\u00a0 22 de abril de 2026<\/span><\/p>\n<p><span class=\"font-semibold\" data-streamdown=\"strong\">Contin\u00faa la Campa\u00f1a de Carnetizaci\u00f3n para pescadores del cant\u00f3n Muisne: la jornada lleg\u00f3 a la parroquia Galera<\/span><\/p>\n<p>La Municipalidad de Muisne contin\u00faa con la\u00a0<span class=\"font-semibold\" data-streamdown=\"strong\">Campa\u00f1a de Carnetizaci\u00f3n<\/span>\u00a0dirigida a los pescadores artesanales del cant\u00f3n, con el objetivo de agilizar el acceso a tr\u00e1mites, servicios y beneficios que brinda la instituci\u00f3n.<\/p>\n<p>Como parte de esta iniciativa, personal municipal visit\u00f3 la parroquia\u00a0<span class=\"font-semibold\" data-streamdown=\"strong\">Galera<\/span> para realizar el registro de datos y levantamiento de informaci\u00f3n necesaria para la obtenci\u00f3n del carnet de pescador artesanal. Pescadores que accedan a este carnet pueden ser beneficiados con.<\/p>\n<ul class=\"list-inside list-disc whitespace-normal [&amp;&gt;li]:ps-6\" data-streamdown=\"unordered-list\">\n<li class=\"py-1 [&amp;&gt;p]:inline\" data-streamdown=\"list-item\"><span class=\"font-semibold\" data-streamdown=\"strong\">Agiliza tr\u00e1mites<\/span>\u00a0ante la Municipalidad y otras entidades p\u00fablicas.<\/li>\n<li class=\"py-1 [&amp;&gt;p]:inline\" data-streamdown=\"list-item\"><span class=\"font-semibold\" data-streamdown=\"strong\">Facilita el acceso<\/span>\u00a0a programas de apoyo, capacitaciones y proyectos productivos.<\/li>\n<li class=\"py-1 [&amp;&gt;p]:inline\" data-streamdown=\"list-item\"><span class=\"font-semibold\" data-streamdown=\"strong\">Fortalece la base de datos<\/span>\u00a0del sector pesquero para mejorar la planificaci\u00f3n de servicios y beneficios.<\/li>\n<li class=\"py-1 [&amp;&gt;p]:inline\" data-streamdown=\"list-item\"><span class=\"font-semibold\" data-streamdown=\"strong\">Acredita formalmente<\/span> la actividad pesquera artesanal de los beneficiarios.<\/li>\n<\/ul>\n<p>\u00abEstamos acercando la instituci\u00f3n a territorio. Con la carnetizaci\u00f3n, nuestros pescadores tendr\u00e1n una herramienta que les abre puertas a servicios municipales y gestiones m\u00e1s r\u00e1pidas. Seguiremos recorriendo las parroquias pesqueras del cant\u00f3n\u00bb, se\u00f1al\u00f3 Yuri Colorado M\u00e1rquez, alcaldesa de Muisne.<\/p>\n<p>La campa\u00f1a continuar\u00e1 en las dem\u00e1s parroquias del cant\u00f3n. Se invita a los pescadores a estar atentos a los canales oficiales del GAD Municipal de Muisne para conocer fechas y requisitos. En el cant\u00f3n Muisne, se espera registra unos 1500 pescadores y recolectores.<\/p>\n<p><img loading=\"lazy\" decoding=\"async\" class=\"alignnone size-medium wp-image-20944\" src=\"https:\/\/gadmuisne.gob.ec\/web\/wp-content\/uploads\/2026\/04\/678774932_889006474196906_7525279678810097018_n-300x225.jpg\" alt=\"\" width=\"300\" height=\"225\" srcset=\"https:\/\/gadmuisne.gob.ec\/web\/wp-content\/uploads\/2026\/04\/678774932_889006474196906_7525279678810097018_n-300x225.jpg 300w, https:\/\/gadmuisne.gob.ec\/web\/wp-content\/uploads\/2026\/04\/678774932_889006474196906_7525279678810097018_n-1024x768.jpg 1024w, https:\/\/gadmuisne.gob.ec\/web\/wp-content\/uploads\/2026\/04\/678774932_889006474196906_7525279678810097018_n-768x576.jpg 768w, https:\/\/gadmuisne.gob.ec\/web\/wp-content\/uploads\/2026\/04\/678774932_889006474196906_7525279678810097018_n-270x203.jpg 270w, https:\/\/gadmuisne.gob.ec\/web\/wp-content\/uploads\/2026\/04\/678774932_889006474196906_7525279678810097018_n-370x278.jpg 370w, https:\/\/gadmuisne.gob.ec\/web\/wp-content\/uploads\/2026\/04\/678774932_889006474196906_7525279678810097018_n-570x428.jpg 570w, https:\/\/gadmuisne.gob.ec\/web\/wp-content\/uploads\/2026\/04\/678774932_889006474196906_7525279678810097018_n-770x578.jpg 770w, https:\/\/gadmuisne.gob.ec\/web\/wp-content\/uploads\/2026\/04\/678774932_889006474196906_7525279678810097018_n-870x653.jpg 870w, https:\/\/gadmuisne.gob.ec\/web\/wp-content\/uploads\/2026\/04\/678774932_889006474196906_7525279678810097018_n-1170x878.jpg 1170w, https:\/\/gadmuisne.gob.ec\/web\/wp-content\/uploads\/2026\/04\/678774932_889006474196906_7525279678810097018_n.jpg 1280w\" sizes=\"auto, (max-width: 300px) 100vw, 300px\" \/><img loading=\"lazy\" decoding=\"async\" class=\"alignnone size-medium wp-image-20945\" src=\"https:\/\/gadmuisne.gob.ec\/web\/wp-content\/uploads\/2026\/04\/678912641_889006484196905_338736880710978738_n-300x225.jpg\" alt=\"\" width=\"300\" height=\"225\" srcset=\"https:\/\/gadmuisne.gob.ec\/web\/wp-content\/uploads\/2026\/04\/678912641_889006484196905_338736880710978738_n-300x225.jpg 300w, https:\/\/gadmuisne.gob.ec\/web\/wp-content\/uploads\/2026\/04\/678912641_889006484196905_338736880710978738_n-1024x768.jpg 1024w, https:\/\/gadmuisne.gob.ec\/web\/wp-content\/uploads\/2026\/04\/678912641_889006484196905_338736880710978738_n-768x576.jpg 768w, https:\/\/gadmuisne.gob.ec\/web\/wp-content\/uploads\/2026\/04\/678912641_889006484196905_338736880710978738_n-270x203.jpg 270w, https:\/\/gadmuisne.gob.ec\/web\/wp-content\/uploads\/2026\/04\/678912641_889006484196905_338736880710978738_n-370x278.jpg 370w, https:\/\/gadmuisne.gob.ec\/web\/wp-content\/uploads\/2026\/04\/678912641_889006484196905_338736880710978738_n-570x428.jpg 570w, https:\/\/gadmuisne.gob.ec\/web\/wp-content\/uploads\/2026\/04\/678912641_889006484196905_338736880710978738_n-770x578.jpg 770w, https:\/\/gadmuisne.gob.ec\/web\/wp-content\/uploads\/2026\/04\/678912641_889006484196905_338736880710978738_n-870x653.jpg 870w, https:\/\/gadmuisne.gob.ec\/web\/wp-content\/uploads\/2026\/04\/678912641_889006484196905_338736880710978738_n-1170x878.jpg 1170w, https:\/\/gadmuisne.gob.ec\/web\/wp-content\/uploads\/2026\/04\/678912641_889006484196905_338736880710978738_n.jpg 1280w\" sizes=\"auto, (max-width: 300px) 100vw, 300px\" \/><img loading=\"lazy\" decoding=\"async\" class=\"alignnone size-medium wp-image-20946\" src=\"https:\/\/gadmuisne.gob.ec\/web\/wp-content\/uploads\/2026\/04\/679835145_889006477530239_3183091225228440733_n-300x225.jpg\" alt=\"\" width=\"300\" height=\"225\" srcset=\"https:\/\/gadmuisne.gob.ec\/web\/wp-content\/uploads\/2026\/04\/679835145_889006477530239_3183091225228440733_n-300x225.jpg 300w, https:\/\/gadmuisne.gob.ec\/web\/wp-content\/uploads\/2026\/04\/679835145_889006477530239_3183091225228440733_n-1024x768.jpg 1024w, https:\/\/gadmuisne.gob.ec\/web\/wp-content\/uploads\/2026\/04\/679835145_889006477530239_3183091225228440733_n-768x576.jpg 768w, https:\/\/gadmuisne.gob.ec\/web\/wp-content\/uploads\/2026\/04\/679835145_889006477530239_3183091225228440733_n-270x203.jpg 270w, https:\/\/gadmuisne.gob.ec\/web\/wp-content\/uploads\/2026\/04\/679835145_889006477530239_3183091225228440733_n-370x278.jpg 370w, https:\/\/gadmuisne.gob.ec\/web\/wp-content\/uploads\/2026\/04\/679835145_889006477530239_3183091225228440733_n-570x428.jpg 570w, https:\/\/gadmuisne.gob.ec\/web\/wp-content\/uploads\/2026\/04\/679835145_889006477530239_3183091225228440733_n-770x578.jpg 770w, https:\/\/gadmuisne.gob.ec\/web\/wp-content\/uploads\/2026\/04\/679835145_889006477530239_3183091225228440733_n-870x653.jpg 870w, https:\/\/gadmuisne.gob.ec\/web\/wp-content\/uploads\/2026\/04\/679835145_889006477530239_3183091225228440733_n-1170x878.jpg 1170w, https:\/\/gadmuisne.gob.ec\/web\/wp-content\/uploads\/2026\/04\/679835145_889006477530239_3183091225228440733_n.jpg 1280w\" sizes=\"auto, (max-width: 300px) 100vw, 300px\" \/><\/p>\n<\/div>\n<\/div>\n<\/div>\n<\/div>\n<\/div>\n<\/div>\n<\/div>\n<div class=\"group\/assistant-message-actions mx-auto flex min-h-11 max-w-3xl items-center select-none\">\n<div class=\"min-h-0 min-w-0 flex items-center gap-x-1 gap-y-1 [&amp;&gt;*:first-child]:-ms-1\" data-slot=\"flexbox\">\n<div class=\"flex items-center gap-1\">\n<div class=\"contents\"><\/div>\n<div class=\"contents\"><\/div>\n<div class=\"contents\"><\/div>\n<\/div>\n<\/div>\n<\/div>\n<\/div>\n<\/div>\n<\/div>\n<\/div>\n<\/div>\n<\/div>\n<\/div>\n<div class=\"pointer-events-none h-0\" aria-hidden=\"true\"><\/div>\n<div class=\"pointer-events-none sticky bottom-[var(--composer-overlap)] z-10 flex h-0 justify-center\"><\/div>\n<\/div>\n<\/div>\n<div class=\"bg-transparent hidden absolute box-content top-0 end-0 z-20 opacity-0 w-[16px] h-full transition-opacity duration-500 ease-[ease] hover:opacity-30\" data-thumb=\"1\"><\/div>\n<div class=\"border-box hidden end-0 pointer-events-none absolute top-0 p-[4px] z-20 opacity-0 transition-opacity duration-300 ease-[ease] origin-top-right w-[16px] group-hover\/scroller:opacity-100 group-hover\/scroller:duration-0\" data-thumb=\"1\">\n<div class=\"w-full h-full rounded-4 bg-(--scroll-thumb)\"><\/div>\n<\/div>\n<\/div>\n<\/div>\n<\/div>\n<\/div>\n<div class=\"pointer-events-none flex-1\"><\/div>\n<div class=\"pointer-events-none relative z-20 flex w-full shrink-0 flex-col items-center px-6 pb-6\">\n<div class=\"pointer-events-auto\">\n<div class=\"relative mx-auto w-full max-w-3xl\"><\/div>\n<\/div>\n<div class=\"pointer-events-none absolute bottom-0 h-[52px] w-full pe-3\">\n<div class=\"bg-bg-primary h-full\"><\/div>\n<\/div>\n<div class=\"shadow-blur-elevation-01 rounded-32 relative z-10 w-full max-w-3xl pointer-events-auto\">\n<div class=\"bg-fill-task-banner rounded-32 overflow-hidden\">\n<div class=\"flex w-full max-w-3xl flex-col items-center\">\n<div class=\"relative w-full\">\n<div class=\"backdrop-blur-elevation-01 bg-fill-blur-thick shadow-blur-elevation-01 rounded-32 relative flex w-full cursor-text flex-col overflow-hidden px-3 pb-3 max-h-[206px]\">\n<div class=\"group\/scroller overflow-hidden z-0 scrollbar-hide relative perspective-[1px] perspective-origin-top-right transform-3d overscroll-y-contain flex min-h-0 flex-1 flex-col overflow-y-auto -me-3 pe-3 mt-3\">\n<div class=\"flex flex-col relative grow-1\">\n<div class=\"flex items-center gap-0.5\">\n<div class=\"flex-1 px-2 py-1\">\n<div class=\"relative\">\n<div class=\"\">\n<div class=\"relative\">\n<div class=\"outline-none undefined\" role=\"textbox\" contenteditable=\"true\" spellcheck=\"true\" data-testid=\"composer-input\" data-composer-focus=\"true\" data-lexical-editor=\"true\"><\/div>\n<\/div>\n<\/div>\n<\/div>\n<\/div>\n<\/div>\n<\/div>\n<\/div>\n<\/div>\n<\/div>\n<\/div>\n<\/div>\n<\/div>\n<\/div>\n","protected":false},"excerpt":{"rendered":"<p>BOLET\u00cdN DE PRENSA Nro. 14 Muisne,\u00a0 22 de abril de 2026 Contin\u00faa la Campa\u00f1a de Carnetizaci\u00f3n para pescadores del cant\u00f3n Muisne: la jornada lleg\u00f3 a la parroquia Galera La Municipalidad de Muisne contin\u00faa con la\u00a0Campa\u00f1a de Carnetizaci\u00f3n\u00a0dirigida a los pescadores artesanales del cant\u00f3n, con el objetivo de agilizar el acceso&#8230;<\/p>\n","protected":false},"author":4,"featured_media":20945,"comment_status":"closed","ping_status":"open","sticky":false,"template":"","format":"standard","meta":{"footnotes":""},"categories":[35,53],"tags":[],"class_list":["post-20943","post","type-post","status-publish","format-standard","has-post-thumbnail","hentry","category-actividades","category-noticias1"],"_links":{"self":[{"href":"https:\/\/gadmuisne.gob.ec\/web\/wp-json\/wp\/v2\/posts\/20943","targetHints":{"allow":["GET"]}}],"collection":[{"href":"https:\/\/gadmuisne.gob.ec\/web\/wp-json\/wp\/v2\/posts"}],"about":[{"href":"https:\/\/gadmuisne.gob.ec\/web\/wp-json\/wp\/v2\/types\/post"}],"author":[{"embeddable":true,"href":"https:\/\/gadmuisne.gob.ec\/web\/wp-json\/wp\/v2\/users\/4"}],"replies":[{"embeddable":true,"href":"https:\/\/gadmuisne.gob.ec\/web\/wp-json\/wp\/v2\/comments?post=20943"}],"version-history":[{"count":1,"href":"https:\/\/gadmuisne.gob.ec\/web\/wp-json\/wp\/v2\/posts\/20943\/revisions"}],"predecessor-version":[{"id":20947,"href":"https:\/\/gadmuisne.gob.ec\/web\/wp-json\/wp\/v2\/posts\/20943\/revisions\/20947"}],"wp:featuredmedia":[{"embeddable":true,"href":"https:\/\/gadmuisne.gob.ec\/web\/wp-json\/wp\/v2\/media\/20945"}],"wp:attachment":[{"href":"https:\/\/gadmuisne.gob.ec\/web\/wp-json\/wp\/v2\/media?parent=20943"}],"wp:term":[{"taxonomy":"category","embeddable":true,"href":"https:\/\/gadmuisne.gob.ec\/web\/wp-json\/wp\/v2\/categories?post=20943"},{"taxonomy":"post_tag","embeddable":true,"href":"https:\/\/gadmuisne.gob.ec\/web\/wp-json\/wp\/v2\/tags?post=20943"}],"curies":[{"name":"wp","href":"https:\/\/api.w.org\/{rel}","templated":true}]}}