{"id":20985,"date":"2026-04-24T10:22:05","date_gmt":"2026-04-24T15:22:05","guid":{"rendered":"https:\/\/gadmuisne.gob.ec\/web\/?p=20985"},"modified":"2026-04-24T11:10:16","modified_gmt":"2026-04-24T16:10:16","slug":"alcaldia-de-muisne-repotencia-luminarias-en-cancha-de-bellavista-parroquia-daule","status":"publish","type":"post","link":"https:\/\/gadmuisne.gob.ec\/web\/alcaldia-de-muisne-repotencia-luminarias-en-cancha-de-bellavista-parroquia-daule\/","title":{"rendered":"Alcald\u00eda de Muisne repotencia luminarias en cancha de Bellavista, parroquia Daule"},"content":{"rendered":"<h3 class=\"mt-6 mb-2 font-semibold text-xl\" style=\"text-align: justify;\" data-streamdown=\"heading-3\"><span class=\"font-semibold\" data-streamdown=\"strong\">BOLET\u00cdN DE PRENSA Nro. 16<\/span><\/h3>\n<p style=\"text-align: justify;\"><span class=\"font-semibold\" data-streamdown=\"strong\">Muisne, 23 de abril de 2026<\/span><\/p>\n<p style=\"text-align: justify;\"><span class=\"font-semibold\" data-streamdown=\"strong\">Alcald\u00eda de Muisne repotencia luminarias en cancha de Bellavista, parroquia Daule<\/span><\/p>\n<p style=\"text-align: justify;\">Por disposici\u00f3n de la alcaldesa\u00a0<span class=\"font-semibold\" data-streamdown=\"strong\">Yuri Colorado M\u00e1rquez<\/span>, la Alcald\u00eda de Muisne ejecut\u00f3 trabajos de\u00a0<span class=\"font-semibold\" data-streamdown=\"strong\">repotenciaci\u00f3n de las luminarias<\/span>\u00a0en la cancha del recinto\u00a0<span class=\"font-semibold\" data-streamdown=\"strong\">Bellavista<\/span>, perteneciente a la parroquia\u00a0<span class=\"font-semibold\" data-streamdown=\"strong\">Daule<\/span>.<\/p>\n<p style=\"text-align: justify;\">Esta importante intervenci\u00f3n permitir\u00e1 mejorar las condiciones para la pr\u00e1ctica deportiva en horarios nocturnos y brindar\u00e1 mayor seguridad a toda la comunidad, fomentando espacios sanos de recreaci\u00f3n y encuentro familiar.<\/p>\n<p style=\"text-align: justify;\"><span class=\"font-semibold\" data-streamdown=\"strong\">Detalles de la intervenci\u00f3n<\/span><\/p>\n<ul class=\"list-inside list-disc whitespace-normal [&amp;&gt;li]:ps-6\" style=\"text-align: justify;\" data-streamdown=\"unordered-list\">\n<li class=\"py-1 [&amp;&gt;p]:inline\" data-streamdown=\"list-item\"><span class=\"font-semibold\" data-streamdown=\"strong\">Lugar<\/span>: Cancha del recinto Bellavista, parroquia Daule.<\/li>\n<li class=\"py-1 [&amp;&gt;p]:inline\" data-streamdown=\"list-item\"><span class=\"font-semibold\" data-streamdown=\"strong\">Trabajos realizados<\/span>: Repotenciaci\u00f3n y mantenimiento del sistema de iluminaci\u00f3n.<\/li>\n<li class=\"py-1 [&amp;&gt;p]:inline\" data-streamdown=\"list-item\"><span class=\"font-semibold\" data-streamdown=\"strong\">Beneficio directo<\/span>: Deportistas, j\u00f3venes, ni\u00f1os y familias del sector.<\/li>\n<li class=\"py-1 [&amp;&gt;p]:inline\" data-streamdown=\"list-item\"><span class=\"font-semibold\" data-streamdown=\"strong\">Objetivo<\/span>: Promover el deporte, la convivencia comunitaria y la seguridad en espacios p\u00fablicos.<\/li>\n<\/ul>\n<p style=\"text-align: justify;\"><span class=\"font-semibold\" data-streamdown=\"strong\">Compromiso con el deporte<\/span><br \/>\nLa administraci\u00f3n municipal mantiene su compromiso de recuperar y mejorar los espacios deportivos del cant\u00f3n. \u201cUna cancha iluminada es un barrio m\u00e1s seguro y una juventud con m\u00e1s oportunidades. Seguimos trabajando en cada recinto y parroquia de Muisne\u201d, indic\u00f3 la alcaldesa Yuri Colorado M\u00e1rquez.<\/p>\n<p style=\"text-align: justify;\">El GAD Municipal continuar\u00e1 atendiendo los requerimientos de las comunidades para fortalecer la infraestructura deportiva y recreativa en todo el cant\u00f3n.<\/p>\n<p><img loading=\"lazy\" decoding=\"async\" class=\"alignnone size-medium wp-image-20990\" src=\"https:\/\/gadmuisne.gob.ec\/web\/wp-content\/uploads\/2026\/04\/681031993_890688587362028_8792877267208484452_n-1-300x226.jpg\" alt=\"\" width=\"300\" height=\"226\" srcset=\"https:\/\/gadmuisne.gob.ec\/web\/wp-content\/uploads\/2026\/04\/681031993_890688587362028_8792877267208484452_n-1-300x226.jpg 300w, https:\/\/gadmuisne.gob.ec\/web\/wp-content\/uploads\/2026\/04\/681031993_890688587362028_8792877267208484452_n-1-1024x772.jpg 1024w, https:\/\/gadmuisne.gob.ec\/web\/wp-content\/uploads\/2026\/04\/681031993_890688587362028_8792877267208484452_n-1-768x579.jpg 768w, https:\/\/gadmuisne.gob.ec\/web\/wp-content\/uploads\/2026\/04\/681031993_890688587362028_8792877267208484452_n-1-270x203.jpg 270w, https:\/\/gadmuisne.gob.ec\/web\/wp-content\/uploads\/2026\/04\/681031993_890688587362028_8792877267208484452_n-1-370x279.jpg 370w, https:\/\/gadmuisne.gob.ec\/web\/wp-content\/uploads\/2026\/04\/681031993_890688587362028_8792877267208484452_n-1-570x429.jpg 570w, https:\/\/gadmuisne.gob.ec\/web\/wp-content\/uploads\/2026\/04\/681031993_890688587362028_8792877267208484452_n-1-770x580.jpg 770w, https:\/\/gadmuisne.gob.ec\/web\/wp-content\/uploads\/2026\/04\/681031993_890688587362028_8792877267208484452_n-1-870x655.jpg 870w, https:\/\/gadmuisne.gob.ec\/web\/wp-content\/uploads\/2026\/04\/681031993_890688587362028_8792877267208484452_n-1.jpg 1168w\" sizes=\"auto, (max-width: 300px) 100vw, 300px\" \/><\/p>\n<p>&nbsp;<\/p>\n","protected":false},"excerpt":{"rendered":"<p>BOLET\u00cdN DE PRENSA Nro. 16 Muisne, 23 de abril de 2026 Alcald\u00eda de Muisne repotencia luminarias en cancha de Bellavista, parroquia Daule Por disposici\u00f3n de la alcaldesa\u00a0Yuri Colorado M\u00e1rquez, la Alcald\u00eda de Muisne ejecut\u00f3 trabajos de\u00a0repotenciaci\u00f3n de las luminarias\u00a0en la cancha del recinto\u00a0Bellavista, perteneciente a la parroquia\u00a0Daule. Esta importante intervenci\u00f3n&#8230;<\/p>\n","protected":false},"author":4,"featured_media":20986,"comment_status":"closed","ping_status":"open","sticky":false,"template":"","format":"standard","meta":{"footnotes":""},"categories":[35,53],"tags":[],"class_list":["post-20985","post","type-post","status-publish","format-standard","has-post-thumbnail","hentry","category-actividades","category-noticias1"],"_links":{"self":[{"href":"https:\/\/gadmuisne.gob.ec\/web\/wp-json\/wp\/v2\/posts\/20985","targetHints":{"allow":["GET"]}}],"collection":[{"href":"https:\/\/gadmuisne.gob.ec\/web\/wp-json\/wp\/v2\/posts"}],"about":[{"href":"https:\/\/gadmuisne.gob.ec\/web\/wp-json\/wp\/v2\/types\/post"}],"author":[{"embeddable":true,"href":"https:\/\/gadmuisne.gob.ec\/web\/wp-json\/wp\/v2\/users\/4"}],"replies":[{"embeddable":true,"href":"https:\/\/gadmuisne.gob.ec\/web\/wp-json\/wp\/v2\/comments?post=20985"}],"version-history":[{"count":4,"href":"https:\/\/gadmuisne.gob.ec\/web\/wp-json\/wp\/v2\/posts\/20985\/revisions"}],"predecessor-version":[{"id":20991,"href":"https:\/\/gadmuisne.gob.ec\/web\/wp-json\/wp\/v2\/posts\/20985\/revisions\/20991"}],"wp:featuredmedia":[{"embeddable":true,"href":"https:\/\/gadmuisne.gob.ec\/web\/wp-json\/wp\/v2\/media\/20986"}],"wp:attachment":[{"href":"https:\/\/gadmuisne.gob.ec\/web\/wp-json\/wp\/v2\/media?parent=20985"}],"wp:term":[{"taxonomy":"category","embeddable":true,"href":"https:\/\/gadmuisne.gob.ec\/web\/wp-json\/wp\/v2\/categories?post=20985"},{"taxonomy":"post_tag","embeddable":true,"href":"https:\/\/gadmuisne.gob.ec\/web\/wp-json\/wp\/v2\/tags?post=20985"}],"curies":[{"name":"wp","href":"https:\/\/api.w.org\/{rel}","templated":true}]}}