{"id":21005,"date":"2026-04-24T14:42:02","date_gmt":"2026-04-24T19:42:02","guid":{"rendered":"https:\/\/gadmuisne.gob.ec\/web\/?p=21005"},"modified":"2026-04-24T14:42:02","modified_gmt":"2026-04-24T19:42:02","slug":"21005-2","status":"publish","type":"post","link":"https:\/\/gadmuisne.gob.ec\/web\/21005-2\/","title":{"rendered":""},"content":{"rendered":"<div class=\"xdj266r x14z9mp xat24cr x1lziwak x1vvkbs x126k92a\">\n<div dir=\"auto\" style=\"text-align: justify;\">BOLET\u00cdN DE PRENSA Nro. 18<\/div>\n<\/div>\n<div dir=\"auto\">\n<p style=\"text-align: justify;\"><span class=\"font-semibold\" data-streamdown=\"strong\">Muisne, Esmeraldas \u2013 24 de abril de 2026<\/span><\/p>\n<p style=\"text-align: justify;\"><span class=\"font-semibold\" data-streamdown=\"strong\">Muisne se proyecta al mundo: alcaldesa Yuri Colorado consolida alianzas en el #MayorsSummit2026 en EE.UU.<\/span><br \/>\n<span class=\"font-semibold\" data-streamdown=\"strong\">Cooperaci\u00f3n con Universidad Internacional de Florida impulsar\u00e1 estrategias de inversi\u00f3n para el cant\u00f3n<\/span><\/p>\n<p style=\"text-align: justify;\">La alcaldesa del cant\u00f3n Muisne y presidenta de la\u00a0<span class=\"font-semibold\" data-streamdown=\"strong\">Asociaci\u00f3n de Municipalidades Ecuatorianas (AME)<\/span>,\u00a0<span class=\"font-semibold\" data-streamdown=\"strong\">Yuri Colorado M\u00e1rquez<\/span>, particip\u00f3 en el\u00a0<span class=\"font-semibold\" data-streamdown=\"strong\">#MayorsSummit2026<\/span>\u00a0en Estados Unidos, donde consolid\u00f3 alianzas estrat\u00e9gicas con l\u00edderes regionales de toda Am\u00e9rica.<\/p>\n<p style=\"text-align: justify;\">Durante la cumbre, la primera autoridad de Muisne mantuvo reuniones de alto nivel orientadas a la\u00a0<span class=\"font-semibold\" data-streamdown=\"strong\">cooperaci\u00f3n internacional, el desarrollo local y la atracci\u00f3n de inversiones<\/span>\u00a0para los GADs del Ecuador.<\/p>\n<p style=\"text-align: justify;\"><span class=\"font-semibold\" data-streamdown=\"strong\">Ejes de la agenda internacional<\/span><\/p>\n<ul class=\"list-inside list-disc whitespace-normal [&amp;&gt;li]:ps-6\" style=\"text-align: justify;\" data-streamdown=\"unordered-list\">\n<li class=\"py-1 [&amp;&gt;p]:inline\" data-streamdown=\"list-item\"><span class=\"font-semibold\" data-streamdown=\"strong\">Alianzas estrat\u00e9gicas<\/span>: Acercamientos con alcaldes y autoridades de la regi\u00f3n para intercambio de experiencias en gesti\u00f3n municipal, sostenibilidad y reactivaci\u00f3n econ\u00f3mica.<\/li>\n<li class=\"py-1 [&amp;&gt;p]:inline\" data-streamdown=\"list-item\"><span class=\"font-semibold\" data-streamdown=\"strong\">Cooperaci\u00f3n acad\u00e9mica<\/span>: Articulaci\u00f3n con la\u00a0<span class=\"font-semibold\" data-streamdown=\"strong\">Universidad Internacional de Florida<\/span>\u00a0para dise\u00f1ar nuevas estrategias de inversi\u00f3n que permitan dinamizar la econom\u00eda de Muisne y fortalecer el tejido productivo local.<\/li>\n<li class=\"py-1 [&amp;&gt;p]:inline\" data-streamdown=\"list-item\"><span class=\"font-semibold\" data-streamdown=\"strong\">Posicionamiento de Muisne<\/span>: Visibilizar al cant\u00f3n en espacios internacionales como un territorio con potencial tur\u00edstico, pesquero, agr\u00edcola y con oportunidades para inversi\u00f3n.<\/li>\n<\/ul>\n<p style=\"text-align: justify;\"><span class=\"font-semibold\" data-streamdown=\"strong\">Declaraciones<\/span><br \/>\n\u201cEstamos abriendo puertas para Muisne y para todos los municipios del pa\u00eds. Estas alianzas nos permiten traer conocimiento, inversi\u00f3n y oportunidades que se traduzcan en empleo y bienestar para nuestra gente\u201d, se\u00f1al\u00f3 la alcaldesa\u00a0<span class=\"font-semibold\" data-streamdown=\"strong\">Yuri Colorado M\u00e1rquez<\/span>\u00a0desde el #MayorsSummit2026.<\/p>\n<p style=\"text-align: justify;\">Como presidenta de AME, Colorado reafirm\u00f3 el compromiso de trabajar en bloque para que la cooperaci\u00f3n internacional llegue a cada rinc\u00f3n del Ecuador, priorizando a los cantones que m\u00e1s lo necesitan.<\/p>\n<p style=\"text-align: justify;\"><span class=\"font-semibold\" data-streamdown=\"strong\">Impacto para Muisne<\/span><br \/>\nLa cooperaci\u00f3n con la Universidad Internacional de Florida contempla mesas t\u00e9cnicas para identificar proyectos de inversi\u00f3n en:<\/p>\n<ol class=\"list-inside list-decimal whitespace-normal [&amp;&gt;li]:ps-6\" data-streamdown=\"ordered-list\">\n<li class=\"py-1 [&amp;&gt;p]:inline\" style=\"text-align: justify;\" data-streamdown=\"list-item\"><span class=\"font-semibold\" data-streamdown=\"strong\">Turismo sostenible<\/span>\u00a0en la franja costera y manglares.<\/li>\n<li class=\"py-1 [&amp;&gt;p]:inline\" style=\"text-align: justify;\" data-streamdown=\"list-item\"><span class=\"font-semibold\" data-streamdown=\"strong\">Econom\u00eda azul<\/span>: pesca artesanal y valor agregado a productos del mar.<\/li>\n<li class=\"py-1 [&amp;&gt;p]:inline\" style=\"text-align: justify;\" data-streamdown=\"list-item\"><span class=\"font-semibold\" data-streamdown=\"strong\">Infraestructura y servicios b\u00e1sicos<\/span>\u00a0con enfoque resiliente.<\/li>\n<li class=\"py-1 [&amp;&gt;p]:inline\" style=\"text-align: justify;\" data-streamdown=\"list-item\"><span class=\"font-semibold\" data-streamdown=\"strong\">Fortalecimiento de capacidades<\/span>\u00a0para funcionarios y emprendedores locales.<\/li>\n<\/ol>\n<p><img loading=\"lazy\" decoding=\"async\" class=\"alignnone size-medium wp-image-21006\" src=\"https:\/\/gadmuisne.gob.ec\/web\/wp-content\/uploads\/2026\/04\/681443202_1384187210421972_8498797191524930011_n-300x201.jpg\" alt=\"\" width=\"300\" height=\"201\" srcset=\"https:\/\/gadmuisne.gob.ec\/web\/wp-content\/uploads\/2026\/04\/681443202_1384187210421972_8498797191524930011_n-300x201.jpg 300w, https:\/\/gadmuisne.gob.ec\/web\/wp-content\/uploads\/2026\/04\/681443202_1384187210421972_8498797191524930011_n-1024x685.jpg 1024w, https:\/\/gadmuisne.gob.ec\/web\/wp-content\/uploads\/2026\/04\/681443202_1384187210421972_8498797191524930011_n-768x513.jpg 768w, https:\/\/gadmuisne.gob.ec\/web\/wp-content\/uploads\/2026\/04\/681443202_1384187210421972_8498797191524930011_n-1536x1027.jpg 1536w, https:\/\/gadmuisne.gob.ec\/web\/wp-content\/uploads\/2026\/04\/681443202_1384187210421972_8498797191524930011_n-270x180.jpg 270w, https:\/\/gadmuisne.gob.ec\/web\/wp-content\/uploads\/2026\/04\/681443202_1384187210421972_8498797191524930011_n-370x247.jpg 370w, https:\/\/gadmuisne.gob.ec\/web\/wp-content\/uploads\/2026\/04\/681443202_1384187210421972_8498797191524930011_n-570x381.jpg 570w, https:\/\/gadmuisne.gob.ec\/web\/wp-content\/uploads\/2026\/04\/681443202_1384187210421972_8498797191524930011_n-770x515.jpg 770w, https:\/\/gadmuisne.gob.ec\/web\/wp-content\/uploads\/2026\/04\/681443202_1384187210421972_8498797191524930011_n-870x582.jpg 870w, https:\/\/gadmuisne.gob.ec\/web\/wp-content\/uploads\/2026\/04\/681443202_1384187210421972_8498797191524930011_n-1170x782.jpg 1170w, https:\/\/gadmuisne.gob.ec\/web\/wp-content\/uploads\/2026\/04\/681443202_1384187210421972_8498797191524930011_n-1570x1049.jpg 1570w, https:\/\/gadmuisne.gob.ec\/web\/wp-content\/uploads\/2026\/04\/681443202_1384187210421972_8498797191524930011_n.jpg 2048w\" sizes=\"auto, (max-width: 300px) 100vw, 300px\" \/><img loading=\"lazy\" decoding=\"async\" class=\"alignnone size-medium wp-image-21007\" src=\"https:\/\/gadmuisne.gob.ec\/web\/wp-content\/uploads\/2026\/04\/678981392_1384186957088664_8788701332260657761_n-225x300.jpg\" alt=\"\" width=\"225\" height=\"300\" srcset=\"https:\/\/gadmuisne.gob.ec\/web\/wp-content\/uploads\/2026\/04\/678981392_1384186957088664_8788701332260657761_n-225x300.jpg 225w, https:\/\/gadmuisne.gob.ec\/web\/wp-content\/uploads\/2026\/04\/678981392_1384186957088664_8788701332260657761_n-768x1024.jpg 768w, https:\/\/gadmuisne.gob.ec\/web\/wp-content\/uploads\/2026\/04\/678981392_1384186957088664_8788701332260657761_n-1152x1536.jpg 1152w, https:\/\/gadmuisne.gob.ec\/web\/wp-content\/uploads\/2026\/04\/678981392_1384186957088664_8788701332260657761_n-270x360.jpg 270w, https:\/\/gadmuisne.gob.ec\/web\/wp-content\/uploads\/2026\/04\/678981392_1384186957088664_8788701332260657761_n-370x493.jpg 370w, https:\/\/gadmuisne.gob.ec\/web\/wp-content\/uploads\/2026\/04\/678981392_1384186957088664_8788701332260657761_n-570x760.jpg 570w, https:\/\/gadmuisne.gob.ec\/web\/wp-content\/uploads\/2026\/04\/678981392_1384186957088664_8788701332260657761_n-770x1027.jpg 770w, https:\/\/gadmuisne.gob.ec\/web\/wp-content\/uploads\/2026\/04\/678981392_1384186957088664_8788701332260657761_n-870x1160.jpg 870w, https:\/\/gadmuisne.gob.ec\/web\/wp-content\/uploads\/2026\/04\/678981392_1384186957088664_8788701332260657761_n-1170x1560.jpg 1170w, https:\/\/gadmuisne.gob.ec\/web\/wp-content\/uploads\/2026\/04\/678981392_1384186957088664_8788701332260657761_n.jpg 1536w\" sizes=\"auto, (max-width: 225px) 100vw, 225px\" \/><img loading=\"lazy\" decoding=\"async\" class=\"alignnone size-medium wp-image-21008\" src=\"https:\/\/gadmuisne.gob.ec\/web\/wp-content\/uploads\/2026\/04\/679062035_1384187143755312_2160762258317665802_n-225x300.jpg\" alt=\"\" width=\"225\" height=\"300\" srcset=\"https:\/\/gadmuisne.gob.ec\/web\/wp-content\/uploads\/2026\/04\/679062035_1384187143755312_2160762258317665802_n-225x300.jpg 225w, https:\/\/gadmuisne.gob.ec\/web\/wp-content\/uploads\/2026\/04\/679062035_1384187143755312_2160762258317665802_n-768x1024.jpg 768w, https:\/\/gadmuisne.gob.ec\/web\/wp-content\/uploads\/2026\/04\/679062035_1384187143755312_2160762258317665802_n-1152x1536.jpg 1152w, https:\/\/gadmuisne.gob.ec\/web\/wp-content\/uploads\/2026\/04\/679062035_1384187143755312_2160762258317665802_n-270x360.jpg 270w, https:\/\/gadmuisne.gob.ec\/web\/wp-content\/uploads\/2026\/04\/679062035_1384187143755312_2160762258317665802_n-370x493.jpg 370w, https:\/\/gadmuisne.gob.ec\/web\/wp-content\/uploads\/2026\/04\/679062035_1384187143755312_2160762258317665802_n-570x760.jpg 570w, https:\/\/gadmuisne.gob.ec\/web\/wp-content\/uploads\/2026\/04\/679062035_1384187143755312_2160762258317665802_n-770x1027.jpg 770w, https:\/\/gadmuisne.gob.ec\/web\/wp-content\/uploads\/2026\/04\/679062035_1384187143755312_2160762258317665802_n-870x1160.jpg 870w, https:\/\/gadmuisne.gob.ec\/web\/wp-content\/uploads\/2026\/04\/679062035_1384187143755312_2160762258317665802_n-1170x1560.jpg 1170w, https:\/\/gadmuisne.gob.ec\/web\/wp-content\/uploads\/2026\/04\/679062035_1384187143755312_2160762258317665802_n.jpg 1536w\" sizes=\"auto, (max-width: 225px) 100vw, 225px\" \/><img loading=\"lazy\" decoding=\"async\" class=\"alignnone size-medium wp-image-21009\" src=\"https:\/\/gadmuisne.gob.ec\/web\/wp-content\/uploads\/2026\/04\/679099591_1384187130421980_5095623716806881132_n-300x201.jpg\" alt=\"\" width=\"300\" height=\"201\" srcset=\"https:\/\/gadmuisne.gob.ec\/web\/wp-content\/uploads\/2026\/04\/679099591_1384187130421980_5095623716806881132_n-300x201.jpg 300w, https:\/\/gadmuisne.gob.ec\/web\/wp-content\/uploads\/2026\/04\/679099591_1384187130421980_5095623716806881132_n-1024x685.jpg 1024w, https:\/\/gadmuisne.gob.ec\/web\/wp-content\/uploads\/2026\/04\/679099591_1384187130421980_5095623716806881132_n-768x513.jpg 768w, https:\/\/gadmuisne.gob.ec\/web\/wp-content\/uploads\/2026\/04\/679099591_1384187130421980_5095623716806881132_n-1536x1027.jpg 1536w, https:\/\/gadmuisne.gob.ec\/web\/wp-content\/uploads\/2026\/04\/679099591_1384187130421980_5095623716806881132_n-270x180.jpg 270w, https:\/\/gadmuisne.gob.ec\/web\/wp-content\/uploads\/2026\/04\/679099591_1384187130421980_5095623716806881132_n-370x247.jpg 370w, https:\/\/gadmuisne.gob.ec\/web\/wp-content\/uploads\/2026\/04\/679099591_1384187130421980_5095623716806881132_n-570x381.jpg 570w, https:\/\/gadmuisne.gob.ec\/web\/wp-content\/uploads\/2026\/04\/679099591_1384187130421980_5095623716806881132_n-770x515.jpg 770w, https:\/\/gadmuisne.gob.ec\/web\/wp-content\/uploads\/2026\/04\/679099591_1384187130421980_5095623716806881132_n-870x582.jpg 870w, https:\/\/gadmuisne.gob.ec\/web\/wp-content\/uploads\/2026\/04\/679099591_1384187130421980_5095623716806881132_n-1170x782.jpg 1170w, https:\/\/gadmuisne.gob.ec\/web\/wp-content\/uploads\/2026\/04\/679099591_1384187130421980_5095623716806881132_n-1570x1049.jpg 1570w, https:\/\/gadmuisne.gob.ec\/web\/wp-content\/uploads\/2026\/04\/679099591_1384187130421980_5095623716806881132_n.jpg 2048w\" sizes=\"auto, (max-width: 300px) 100vw, 300px\" \/><\/p>\n<\/div>\n","protected":false},"excerpt":{"rendered":"<p>BOLET\u00cdN DE PRENSA Nro. 18 Muisne, Esmeraldas \u2013 24 de abril de 2026 Muisne se proyecta al mundo: alcaldesa Yuri Colorado consolida alianzas en el #MayorsSummit2026 en EE.UU. Cooperaci\u00f3n con Universidad Internacional de Florida impulsar\u00e1 estrategias de inversi\u00f3n para el cant\u00f3n La alcaldesa del cant\u00f3n Muisne y presidenta de la\u00a0Asociaci\u00f3n&#8230;<\/p>\n","protected":false},"author":4,"featured_media":21006,"comment_status":"closed","ping_status":"open","sticky":false,"template":"","format":"standard","meta":{"footnotes":""},"categories":[35,53],"tags":[],"class_list":["post-21005","post","type-post","status-publish","format-standard","has-post-thumbnail","hentry","category-actividades","category-noticias1"],"_links":{"self":[{"href":"https:\/\/gadmuisne.gob.ec\/web\/wp-json\/wp\/v2\/posts\/21005","targetHints":{"allow":["GET"]}}],"collection":[{"href":"https:\/\/gadmuisne.gob.ec\/web\/wp-json\/wp\/v2\/posts"}],"about":[{"href":"https:\/\/gadmuisne.gob.ec\/web\/wp-json\/wp\/v2\/types\/post"}],"author":[{"embeddable":true,"href":"https:\/\/gadmuisne.gob.ec\/web\/wp-json\/wp\/v2\/users\/4"}],"replies":[{"embeddable":true,"href":"https:\/\/gadmuisne.gob.ec\/web\/wp-json\/wp\/v2\/comments?post=21005"}],"version-history":[{"count":1,"href":"https:\/\/gadmuisne.gob.ec\/web\/wp-json\/wp\/v2\/posts\/21005\/revisions"}],"predecessor-version":[{"id":21010,"href":"https:\/\/gadmuisne.gob.ec\/web\/wp-json\/wp\/v2\/posts\/21005\/revisions\/21010"}],"wp:featuredmedia":[{"embeddable":true,"href":"https:\/\/gadmuisne.gob.ec\/web\/wp-json\/wp\/v2\/media\/21006"}],"wp:attachment":[{"href":"https:\/\/gadmuisne.gob.ec\/web\/wp-json\/wp\/v2\/media?parent=21005"}],"wp:term":[{"taxonomy":"category","embeddable":true,"href":"https:\/\/gadmuisne.gob.ec\/web\/wp-json\/wp\/v2\/categories?post=21005"},{"taxonomy":"post_tag","embeddable":true,"href":"https:\/\/gadmuisne.gob.ec\/web\/wp-json\/wp\/v2\/tags?post=21005"}],"curies":[{"name":"wp","href":"https:\/\/api.w.org\/{rel}","templated":true}]}}