{"id":21021,"date":"2026-04-27T14:30:47","date_gmt":"2026-04-27T19:30:47","guid":{"rendered":"https:\/\/gadmuisne.gob.ec\/web\/?p=21021"},"modified":"2026-04-27T14:30:47","modified_gmt":"2026-04-27T19:30:47","slug":"presidenta-de-la-ame-yuri-colorado-y-secretario-juridico-de-la-presidencia-articulan-acciones-por-el-desarrollo-municipal","status":"publish","type":"post","link":"https:\/\/gadmuisne.gob.ec\/web\/presidenta-de-la-ame-yuri-colorado-y-secretario-juridico-de-la-presidencia-articulan-acciones-por-el-desarrollo-municipal\/","title":{"rendered":"PRESIDENTA DE LA AME, YURI COLORADO, Y SECRETARIO JUR\u00cdDICO DE LA PRESIDENCIA ARTICULAN ACCIONES POR EL DESARROLLO MUNICIPAL"},"content":{"rendered":"<p style=\"text-align: justify;\"><span class=\"font-semibold\" data-streamdown=\"strong\">BOLET\u00cdN DE PRENSA<\/span><br \/>\n<span class=\"font-semibold\" data-streamdown=\"strong\">Quito, 27 de abril de 2026<\/span><\/p>\n<h3 class=\"mt-6 mb-2 font-semibold text-xl\" style=\"text-align: justify;\" data-streamdown=\"heading-3\"><span class=\"font-semibold\" data-streamdown=\"strong\">PRESIDENTA DE LA AME, YURI COLORADO, Y SECRETARIO JUR\u00cdDICO DE LA PRESIDENCIA ARTICULAN ACCIONES POR EL DESARROLLO MUNICIPAL<\/span><\/h3>\n<p style=\"text-align: justify;\"><span class=\"font-semibold\" data-streamdown=\"strong\">\u201cEl desarrollo de nuestros municipios se consolida a trav\u00e9s de una gesti\u00f3n articulada, visi\u00f3n estrat\u00e9gica y un firme compromiso con la unidad nacional\u201d<\/span>, destac\u00f3 la presidenta de la Asociaci\u00f3n de Municipalidades Ecuatorianas (AME), Yuri Colorado M\u00e1rquez.<\/p>\n<p style=\"text-align: justify;\">La m\u00e1xima representante de los 222 municipios del pa\u00eds mantuvo una\u00a0<span class=\"font-semibold\" data-streamdown=\"strong\">reuni\u00f3n de alto nivel con Enrique Herrer\u00eda, secretario jur\u00eddico de la Presidencia de la Rep\u00fablica<\/span>, con el prop\u00f3sito de impulsar acciones coordinadas que fortalezcan el desarrollo integral, sostenible y equitativo de los cantones del Ecuador.<\/p>\n<p style=\"text-align: justify;\">Durante el encuentro, ambas autoridades dialogaron sobre mecanismos que permitan agilizar proyectos prioritarios para los Gobiernos Aut\u00f3nomos Descentralizados, optimizar la cooperaci\u00f3n entre el Ejecutivo y los municipios, y garantizar seguridad jur\u00eddica en la ejecuci\u00f3n de obras que beneficien directamente a la ciudadan\u00eda.<\/p>\n<p style=\"text-align: justify;\">La presidenta de la AME, Yuri Colorado, subray\u00f3 la importancia del trabajo conjunto:\u00a0<em>\u201cDesde la AME estamos convencidos de que solo con unidad, planificaci\u00f3n y voluntad pol\u00edtica lograremos cerrar brechas y llevar desarrollo a cada rinc\u00f3n del pa\u00eds. Los alcaldes y alcaldesas contamos con el respaldo t\u00e9cnico y jur\u00eddico para transformar nuestros territorios\u201d<\/em>.<\/p>\n<p style=\"text-align: justify;\">Por su parte, el secretario jur\u00eddico de la Presidencia ratific\u00f3 la apertura del Gobierno Nacional para trabajar de manera coordinada con los municipios, respetando la autonom\u00eda y promoviendo la eficiencia en la gesti\u00f3n p\u00fablica.<\/p>\n<p style=\"text-align: justify;\">Esta reuni\u00f3n se enmarca en la agenda de trabajo que lidera la presidenta Yuri Colorado para posicionar a la AME como un ente articulador entre los municipios y el Gobierno Central, priorizando temas como agua potable, vialidad, vivienda y reactivaci\u00f3n econ\u00f3mica local.<\/p>\n<p><img loading=\"lazy\" decoding=\"async\" class=\"alignnone size-medium wp-image-21022\" src=\"https:\/\/gadmuisne.gob.ec\/web\/wp-content\/uploads\/2026\/04\/680496455_1386877626819597_761667250965107295_n-169x300.jpg\" alt=\"\" width=\"169\" height=\"300\" srcset=\"https:\/\/gadmuisne.gob.ec\/web\/wp-content\/uploads\/2026\/04\/680496455_1386877626819597_761667250965107295_n-169x300.jpg 169w, https:\/\/gadmuisne.gob.ec\/web\/wp-content\/uploads\/2026\/04\/680496455_1386877626819597_761667250965107295_n-576x1024.jpg 576w, https:\/\/gadmuisne.gob.ec\/web\/wp-content\/uploads\/2026\/04\/680496455_1386877626819597_761667250965107295_n-768x1365.jpg 768w, https:\/\/gadmuisne.gob.ec\/web\/wp-content\/uploads\/2026\/04\/680496455_1386877626819597_761667250965107295_n-864x1536.jpg 864w, https:\/\/gadmuisne.gob.ec\/web\/wp-content\/uploads\/2026\/04\/680496455_1386877626819597_761667250965107295_n-270x480.jpg 270w, https:\/\/gadmuisne.gob.ec\/web\/wp-content\/uploads\/2026\/04\/680496455_1386877626819597_761667250965107295_n-370x658.jpg 370w, https:\/\/gadmuisne.gob.ec\/web\/wp-content\/uploads\/2026\/04\/680496455_1386877626819597_761667250965107295_n-570x1013.jpg 570w, https:\/\/gadmuisne.gob.ec\/web\/wp-content\/uploads\/2026\/04\/680496455_1386877626819597_761667250965107295_n-770x1369.jpg 770w, https:\/\/gadmuisne.gob.ec\/web\/wp-content\/uploads\/2026\/04\/680496455_1386877626819597_761667250965107295_n-870x1547.jpg 870w, https:\/\/gadmuisne.gob.ec\/web\/wp-content\/uploads\/2026\/04\/680496455_1386877626819597_761667250965107295_n.jpg 900w\" sizes=\"auto, (max-width: 169px) 100vw, 169px\" \/><\/p>\n","protected":false},"excerpt":{"rendered":"<p>BOLET\u00cdN DE PRENSA Quito, 27 de abril de 2026 PRESIDENTA DE LA AME, YURI COLORADO, Y SECRETARIO JUR\u00cdDICO DE LA PRESIDENCIA ARTICULAN ACCIONES POR EL DESARROLLO MUNICIPAL \u201cEl desarrollo de nuestros municipios se consolida a trav\u00e9s de una gesti\u00f3n articulada, visi\u00f3n estrat\u00e9gica y un firme compromiso con la unidad nacional\u201d,&#8230;<\/p>\n","protected":false},"author":4,"featured_media":21022,"comment_status":"closed","ping_status":"open","sticky":false,"template":"","format":"standard","meta":{"footnotes":""},"categories":[35,53],"tags":[],"class_list":["post-21021","post","type-post","status-publish","format-standard","has-post-thumbnail","hentry","category-actividades","category-noticias1"],"_links":{"self":[{"href":"https:\/\/gadmuisne.gob.ec\/web\/wp-json\/wp\/v2\/posts\/21021","targetHints":{"allow":["GET"]}}],"collection":[{"href":"https:\/\/gadmuisne.gob.ec\/web\/wp-json\/wp\/v2\/posts"}],"about":[{"href":"https:\/\/gadmuisne.gob.ec\/web\/wp-json\/wp\/v2\/types\/post"}],"author":[{"embeddable":true,"href":"https:\/\/gadmuisne.gob.ec\/web\/wp-json\/wp\/v2\/users\/4"}],"replies":[{"embeddable":true,"href":"https:\/\/gadmuisne.gob.ec\/web\/wp-json\/wp\/v2\/comments?post=21021"}],"version-history":[{"count":1,"href":"https:\/\/gadmuisne.gob.ec\/web\/wp-json\/wp\/v2\/posts\/21021\/revisions"}],"predecessor-version":[{"id":21023,"href":"https:\/\/gadmuisne.gob.ec\/web\/wp-json\/wp\/v2\/posts\/21021\/revisions\/21023"}],"wp:featuredmedia":[{"embeddable":true,"href":"https:\/\/gadmuisne.gob.ec\/web\/wp-json\/wp\/v2\/media\/21022"}],"wp:attachment":[{"href":"https:\/\/gadmuisne.gob.ec\/web\/wp-json\/wp\/v2\/media?parent=21021"}],"wp:term":[{"taxonomy":"category","embeddable":true,"href":"https:\/\/gadmuisne.gob.ec\/web\/wp-json\/wp\/v2\/categories?post=21021"},{"taxonomy":"post_tag","embeddable":true,"href":"https:\/\/gadmuisne.gob.ec\/web\/wp-json\/wp\/v2\/tags?post=21021"}],"curies":[{"name":"wp","href":"https:\/\/api.w.org\/{rel}","templated":true}]}}