{"id":21054,"date":"2026-04-28T09:54:54","date_gmt":"2026-04-28T14:54:54","guid":{"rendered":"https:\/\/gadmuisne.gob.ec\/web\/?p=21054"},"modified":"2026-04-28T09:54:54","modified_gmt":"2026-04-28T14:54:54","slug":"alcaldia-de-muisne-traslada-material-petreo-para-mejorar-la-via-el-leon-en-la-parroquia-daule","status":"publish","type":"post","link":"https:\/\/gadmuisne.gob.ec\/web\/alcaldia-de-muisne-traslada-material-petreo-para-mejorar-la-via-el-leon-en-la-parroquia-daule\/","title":{"rendered":"ALCALD\u00cdA DE MUISNE TRASLADA MATERIAL P\u00c9TREO PARA MEJORAR LA V\u00cdA EL LE\u00d3N EN LA PARROQUIA DAULE"},"content":{"rendered":"<p style=\"text-align: justify;\"><strong>BOLET\u00cdN DE PRENSA Nro. 22<\/strong><\/p>\n<p style=\"text-align: justify;\"><strong>Muisne, 27 de abril de 2026<\/strong><\/p>\n<p style=\"text-align: justify;\"><strong>ALCALD\u00cdA DE MUISNE TRASLADA MATERIAL P\u00c9TREO PARA MEJORAR LA V\u00cdA EL LE\u00d3N EN LA PARROQUIA DAULE<\/strong><\/p>\n<p style=\"text-align: justify;\">La Alcald\u00eda de Muisne ejecuta el\u00a0<strong>transporte de material p\u00e9treo hacia la v\u00eda El Le\u00f3n<\/strong>, ubicada en la parroquia Daule, como parte de los trabajos previos al mejoramiento vial del sector.<\/p>\n<p style=\"text-align: justify;\">Esta acci\u00f3n se realiza en\u00a0<strong>articulaci\u00f3n con la Prefectura de Esmeraldas y la comunidad<\/strong>, demostrando el trabajo conjunto entre instituciones y ciudadan\u00eda para atender las necesidades del cant\u00f3n.<\/p>\n<p style=\"text-align: justify;\">El traslado de material prepara el terreno para una\u00a0<strong>pr\u00f3xima intervenci\u00f3n con motoniveladora y rodillo<\/strong>, maquinaria que permitir\u00e1 nivelar y compactar la v\u00eda. El objetivo es\u00a0<strong>mejorar la transitabilidad de cientos de familias<\/strong>\u00a0que utilizan diariamente esta ruta estrat\u00e9gica para movilizarse, sacar sus productos y acceder a servicios.<\/p>\n<p style=\"text-align: justify;\">La alcaldesa\u00a0<strong>Yuri Colorado M\u00e1rquez<\/strong>\u00a0ratific\u00f3 que la vialidad rural es una prioridad en su administraci\u00f3n.\u00a0<em>\u201cEstamos llegando con hechos. La v\u00eda El Le\u00f3n es clave para Daule y vamos a dejarla en condiciones dignas. Trabajamos con la Prefectura y con la gente porque as\u00ed se construye el Muisne que todos queremos\u201d<\/em>, se\u00f1al\u00f3.<\/p>\n<p style=\"text-align: justify;\"><img loading=\"lazy\" decoding=\"async\" class=\"alignnone size-medium wp-image-21055\" src=\"https:\/\/gadmuisne.gob.ec\/web\/wp-content\/uploads\/2026\/04\/683612563_894126953684858_7831526222705580188_n-300x169.jpg\" alt=\"\" width=\"300\" height=\"169\" srcset=\"https:\/\/gadmuisne.gob.ec\/web\/wp-content\/uploads\/2026\/04\/683612563_894126953684858_7831526222705580188_n-300x169.jpg 300w, https:\/\/gadmuisne.gob.ec\/web\/wp-content\/uploads\/2026\/04\/683612563_894126953684858_7831526222705580188_n-1024x576.jpg 1024w, https:\/\/gadmuisne.gob.ec\/web\/wp-content\/uploads\/2026\/04\/683612563_894126953684858_7831526222705580188_n-768x432.jpg 768w, https:\/\/gadmuisne.gob.ec\/web\/wp-content\/uploads\/2026\/04\/683612563_894126953684858_7831526222705580188_n-1536x864.jpg 1536w, https:\/\/gadmuisne.gob.ec\/web\/wp-content\/uploads\/2026\/04\/683612563_894126953684858_7831526222705580188_n-270x152.jpg 270w, https:\/\/gadmuisne.gob.ec\/web\/wp-content\/uploads\/2026\/04\/683612563_894126953684858_7831526222705580188_n-370x208.jpg 370w, https:\/\/gadmuisne.gob.ec\/web\/wp-content\/uploads\/2026\/04\/683612563_894126953684858_7831526222705580188_n-570x321.jpg 570w, https:\/\/gadmuisne.gob.ec\/web\/wp-content\/uploads\/2026\/04\/683612563_894126953684858_7831526222705580188_n-770x433.jpg 770w, https:\/\/gadmuisne.gob.ec\/web\/wp-content\/uploads\/2026\/04\/683612563_894126953684858_7831526222705580188_n-870x489.jpg 870w, https:\/\/gadmuisne.gob.ec\/web\/wp-content\/uploads\/2026\/04\/683612563_894126953684858_7831526222705580188_n-1170x658.jpg 1170w, https:\/\/gadmuisne.gob.ec\/web\/wp-content\/uploads\/2026\/04\/683612563_894126953684858_7831526222705580188_n-1570x883.jpg 1570w, https:\/\/gadmuisne.gob.ec\/web\/wp-content\/uploads\/2026\/04\/683612563_894126953684858_7831526222705580188_n.jpg 1600w\" sizes=\"auto, (max-width: 300px) 100vw, 300px\" \/><img loading=\"lazy\" decoding=\"async\" class=\"alignnone size-medium wp-image-21056\" src=\"https:\/\/gadmuisne.gob.ec\/web\/wp-content\/uploads\/2026\/04\/681844997_894127027018184_6066428921209245043_n-300x166.jpg\" alt=\"\" width=\"300\" height=\"166\" srcset=\"https:\/\/gadmuisne.gob.ec\/web\/wp-content\/uploads\/2026\/04\/681844997_894127027018184_6066428921209245043_n-300x166.jpg 300w, https:\/\/gadmuisne.gob.ec\/web\/wp-content\/uploads\/2026\/04\/681844997_894127027018184_6066428921209245043_n-1024x567.jpg 1024w, https:\/\/gadmuisne.gob.ec\/web\/wp-content\/uploads\/2026\/04\/681844997_894127027018184_6066428921209245043_n-768x425.jpg 768w, https:\/\/gadmuisne.gob.ec\/web\/wp-content\/uploads\/2026\/04\/681844997_894127027018184_6066428921209245043_n-1536x851.jpg 1536w, https:\/\/gadmuisne.gob.ec\/web\/wp-content\/uploads\/2026\/04\/681844997_894127027018184_6066428921209245043_n-270x150.jpg 270w, https:\/\/gadmuisne.gob.ec\/web\/wp-content\/uploads\/2026\/04\/681844997_894127027018184_6066428921209245043_n-370x205.jpg 370w, https:\/\/gadmuisne.gob.ec\/web\/wp-content\/uploads\/2026\/04\/681844997_894127027018184_6066428921209245043_n-570x316.jpg 570w, https:\/\/gadmuisne.gob.ec\/web\/wp-content\/uploads\/2026\/04\/681844997_894127027018184_6066428921209245043_n-770x426.jpg 770w, https:\/\/gadmuisne.gob.ec\/web\/wp-content\/uploads\/2026\/04\/681844997_894127027018184_6066428921209245043_n-870x482.jpg 870w, https:\/\/gadmuisne.gob.ec\/web\/wp-content\/uploads\/2026\/04\/681844997_894127027018184_6066428921209245043_n-1170x648.jpg 1170w, https:\/\/gadmuisne.gob.ec\/web\/wp-content\/uploads\/2026\/04\/681844997_894127027018184_6066428921209245043_n-1570x869.jpg 1570w, https:\/\/gadmuisne.gob.ec\/web\/wp-content\/uploads\/2026\/04\/681844997_894127027018184_6066428921209245043_n.jpg 2048w\" sizes=\"auto, (max-width: 300px) 100vw, 300px\" \/><\/p>\n","protected":false},"excerpt":{"rendered":"<p>BOLET\u00cdN DE PRENSA Nro. 22 Muisne, 27 de abril de 2026 ALCALD\u00cdA DE MUISNE TRASLADA MATERIAL P\u00c9TREO PARA MEJORAR LA V\u00cdA EL LE\u00d3N EN LA PARROQUIA DAULE La Alcald\u00eda de Muisne ejecuta el\u00a0transporte de material p\u00e9treo hacia la v\u00eda El Le\u00f3n, ubicada en la parroquia Daule, como parte de los&#8230;<\/p>\n","protected":false},"author":4,"featured_media":21055,"comment_status":"closed","ping_status":"open","sticky":false,"template":"","format":"standard","meta":{"footnotes":""},"categories":[35,53],"tags":[],"class_list":["post-21054","post","type-post","status-publish","format-standard","has-post-thumbnail","hentry","category-actividades","category-noticias1"],"_links":{"self":[{"href":"https:\/\/gadmuisne.gob.ec\/web\/wp-json\/wp\/v2\/posts\/21054","targetHints":{"allow":["GET"]}}],"collection":[{"href":"https:\/\/gadmuisne.gob.ec\/web\/wp-json\/wp\/v2\/posts"}],"about":[{"href":"https:\/\/gadmuisne.gob.ec\/web\/wp-json\/wp\/v2\/types\/post"}],"author":[{"embeddable":true,"href":"https:\/\/gadmuisne.gob.ec\/web\/wp-json\/wp\/v2\/users\/4"}],"replies":[{"embeddable":true,"href":"https:\/\/gadmuisne.gob.ec\/web\/wp-json\/wp\/v2\/comments?post=21054"}],"version-history":[{"count":1,"href":"https:\/\/gadmuisne.gob.ec\/web\/wp-json\/wp\/v2\/posts\/21054\/revisions"}],"predecessor-version":[{"id":21057,"href":"https:\/\/gadmuisne.gob.ec\/web\/wp-json\/wp\/v2\/posts\/21054\/revisions\/21057"}],"wp:featuredmedia":[{"embeddable":true,"href":"https:\/\/gadmuisne.gob.ec\/web\/wp-json\/wp\/v2\/media\/21055"}],"wp:attachment":[{"href":"https:\/\/gadmuisne.gob.ec\/web\/wp-json\/wp\/v2\/media?parent=21054"}],"wp:term":[{"taxonomy":"category","embeddable":true,"href":"https:\/\/gadmuisne.gob.ec\/web\/wp-json\/wp\/v2\/categories?post=21054"},{"taxonomy":"post_tag","embeddable":true,"href":"https:\/\/gadmuisne.gob.ec\/web\/wp-json\/wp\/v2\/tags?post=21054"}],"curies":[{"name":"wp","href":"https:\/\/api.w.org\/{rel}","templated":true}]}}