{"id":21058,"date":"2026-04-29T12:26:36","date_gmt":"2026-04-29T17:26:36","guid":{"rendered":"https:\/\/gadmuisne.gob.ec\/web\/?p=21058"},"modified":"2026-04-29T12:26:53","modified_gmt":"2026-04-29T17:26:53","slug":"en-coordinacion-con-el-ministerio-de-salud-publica-eb-ejecuta-acciones-preventivas-para-proteger-a-las-familias-de-enfermedades-tropicales-en-la-isla-de-muisne","status":"publish","type":"post","link":"https:\/\/gadmuisne.gob.ec\/web\/en-coordinacion-con-el-ministerio-de-salud-publica-eb-ejecuta-acciones-preventivas-para-proteger-a-las-familias-de-enfermedades-tropicales-en-la-isla-de-muisne\/","title":{"rendered":"En coordinaci\u00f3n con el Ministerio de Salud P\u00fablica, EB ejecuta acciones preventivas para proteger a las familias de enfermedades tropicales en la Isla de Muisne."},"content":{"rendered":"<h3 class=\"mt-6 mb-2 font-semibold text-xl\" style=\"text-align: justify;\" data-streamdown=\"heading-3\"><span class=\"font-semibold\" data-streamdown=\"strong\">BOLET\u00cdN DE PRENSA Nro. 23<\/span><\/h3>\n<h3 class=\"mt-6 mb-2 font-semibold text-xl\" style=\"text-align: justify;\" data-streamdown=\"heading-3\"><em>Muisne, 29 de abril de 2026<\/em><\/h3>\n<p style=\"text-align: justify;\"><span class=\"font-semibold\" data-streamdown=\"strong\">En coordinaci\u00f3n con el Ministerio de Salud P\u00fablica, EB ejecuta acciones preventivas para proteger a las familias de enfermedades tropicales en la Isla de Muisne.<\/span><\/p>\n<p style=\"text-align: justify;\">Como parte del compromiso con la salud y el bienestar de la comunidad, EB contin\u00faa desplegando jornadas de\u00a0<span class=\"font-semibold\" data-streamdown=\"strong\">Control Vectorial<\/span>\u00a0en el Barrio Central. Las brigadas t\u00e9cnicas trabajan directamente en territorio para cortar el ciclo de reproducci\u00f3n del mosquito transmisor del dengue, chikungunya y zika.<\/p>\n<p style=\"text-align: justify;\"><span class=\"font-semibold\" data-streamdown=\"strong\">Acciones ejecutadas:<\/span><\/p>\n<ul class=\"list-inside list-disc whitespace-normal [&amp;&gt;li]:ps-6\" style=\"text-align: justify;\" data-streamdown=\"unordered-list\">\n<li class=\"py-1 [&amp;&gt;p]:inline\" data-streamdown=\"list-item\"><span class=\"font-semibold\" data-streamdown=\"strong\">Entrega de toldos impregnados<\/span>\u00a0a familias vulnerables para protecci\u00f3n durante el descanso.<\/li>\n<li class=\"py-1 [&amp;&gt;p]:inline\" data-streamdown=\"list-item\"><span class=\"font-semibold\" data-streamdown=\"strong\">Abatizaci\u00f3n<\/span>\u00a0de dep\u00f3sitos de agua para eliminar larvas en tanques, cisternas y recipientes dom\u00e9sticos.<\/li>\n<li class=\"py-1 [&amp;&gt;p]:inline\" data-streamdown=\"list-item\"><span class=\"font-semibold\" data-streamdown=\"strong\">Fumigaci\u00f3n con termonebulizadora<\/span>\u00a0en calles, solares y espacios p\u00fablicos para reducir la poblaci\u00f3n de mosquitos adultos y eliminar focos de infecci\u00f3n.<\/li>\n<\/ul>\n<p style=\"text-align: justify;\"><span class=\"font-semibold\" data-streamdown=\"strong\">Objetivo<\/span><br \/>\nReducir los \u00edndices de enfermedades tropicales mediante la intervenci\u00f3n integral: atacamos al vector en sus tres fases \u2014huevo, larva y adulto\u2014 y fortalecemos la prevenci\u00f3n desde los hogares.<\/p>\n<p style=\"text-align: justify;\"><span class=\"font-semibold\" data-streamdown=\"strong\">Llamado a la comunidad<\/span><br \/>\nEB invita a los vecinos del Barrio Central a colaborar con las brigadas, permitir el ingreso para la abatizaci\u00f3n y fumigaci\u00f3n, y mantener sus patios libres de recipientes que acumulen agua.\u00a0<span class=\"font-semibold\" data-streamdown=\"strong\">La prevenci\u00f3n es tarea de todos.<\/span><\/p>\n<p><img loading=\"lazy\" decoding=\"async\" class=\"alignnone size-medium wp-image-21059\" src=\"https:\/\/gadmuisne.gob.ec\/web\/wp-content\/uploads\/2026\/04\/686180349_895008333596720_4893534519685557761_n-300x225.jpg\" alt=\"\" width=\"300\" height=\"225\" srcset=\"https:\/\/gadmuisne.gob.ec\/web\/wp-content\/uploads\/2026\/04\/686180349_895008333596720_4893534519685557761_n-300x225.jpg 300w, https:\/\/gadmuisne.gob.ec\/web\/wp-content\/uploads\/2026\/04\/686180349_895008333596720_4893534519685557761_n-1024x768.jpg 1024w, https:\/\/gadmuisne.gob.ec\/web\/wp-content\/uploads\/2026\/04\/686180349_895008333596720_4893534519685557761_n-768x576.jpg 768w, https:\/\/gadmuisne.gob.ec\/web\/wp-content\/uploads\/2026\/04\/686180349_895008333596720_4893534519685557761_n-270x203.jpg 270w, https:\/\/gadmuisne.gob.ec\/web\/wp-content\/uploads\/2026\/04\/686180349_895008333596720_4893534519685557761_n-370x278.jpg 370w, https:\/\/gadmuisne.gob.ec\/web\/wp-content\/uploads\/2026\/04\/686180349_895008333596720_4893534519685557761_n-570x428.jpg 570w, https:\/\/gadmuisne.gob.ec\/web\/wp-content\/uploads\/2026\/04\/686180349_895008333596720_4893534519685557761_n-770x578.jpg 770w, https:\/\/gadmuisne.gob.ec\/web\/wp-content\/uploads\/2026\/04\/686180349_895008333596720_4893534519685557761_n-870x653.jpg 870w, https:\/\/gadmuisne.gob.ec\/web\/wp-content\/uploads\/2026\/04\/686180349_895008333596720_4893534519685557761_n-1170x878.jpg 1170w, https:\/\/gadmuisne.gob.ec\/web\/wp-content\/uploads\/2026\/04\/686180349_895008333596720_4893534519685557761_n.jpg 1280w\" sizes=\"auto, (max-width: 300px) 100vw, 300px\" \/><img loading=\"lazy\" decoding=\"async\" class=\"alignnone size-medium wp-image-21060\" src=\"https:\/\/gadmuisne.gob.ec\/web\/wp-content\/uploads\/2026\/04\/686187817_895008346930052_6577621452641568137_n-300x225.jpg\" alt=\"\" width=\"300\" height=\"225\" srcset=\"https:\/\/gadmuisne.gob.ec\/web\/wp-content\/uploads\/2026\/04\/686187817_895008346930052_6577621452641568137_n-300x225.jpg 300w, https:\/\/gadmuisne.gob.ec\/web\/wp-content\/uploads\/2026\/04\/686187817_895008346930052_6577621452641568137_n-1024x767.jpg 1024w, https:\/\/gadmuisne.gob.ec\/web\/wp-content\/uploads\/2026\/04\/686187817_895008346930052_6577621452641568137_n-768x575.jpg 768w, https:\/\/gadmuisne.gob.ec\/web\/wp-content\/uploads\/2026\/04\/686187817_895008346930052_6577621452641568137_n-270x202.jpg 270w, https:\/\/gadmuisne.gob.ec\/web\/wp-content\/uploads\/2026\/04\/686187817_895008346930052_6577621452641568137_n-370x277.jpg 370w, https:\/\/gadmuisne.gob.ec\/web\/wp-content\/uploads\/2026\/04\/686187817_895008346930052_6577621452641568137_n-570x427.jpg 570w, https:\/\/gadmuisne.gob.ec\/web\/wp-content\/uploads\/2026\/04\/686187817_895008346930052_6577621452641568137_n-770x577.jpg 770w, https:\/\/gadmuisne.gob.ec\/web\/wp-content\/uploads\/2026\/04\/686187817_895008346930052_6577621452641568137_n-870x652.jpg 870w, https:\/\/gadmuisne.gob.ec\/web\/wp-content\/uploads\/2026\/04\/686187817_895008346930052_6577621452641568137_n-1170x877.jpg 1170w, https:\/\/gadmuisne.gob.ec\/web\/wp-content\/uploads\/2026\/04\/686187817_895008346930052_6577621452641568137_n.jpg 1280w\" sizes=\"auto, (max-width: 300px) 100vw, 300px\" \/><img loading=\"lazy\" decoding=\"async\" class=\"alignnone size-medium wp-image-21061\" src=\"https:\/\/gadmuisne.gob.ec\/web\/wp-content\/uploads\/2026\/04\/686186382_895008370263383_5818684028490397603_n-300x225.jpg\" alt=\"\" width=\"300\" height=\"225\" srcset=\"https:\/\/gadmuisne.gob.ec\/web\/wp-content\/uploads\/2026\/04\/686186382_895008370263383_5818684028490397603_n-300x225.jpg 300w, https:\/\/gadmuisne.gob.ec\/web\/wp-content\/uploads\/2026\/04\/686186382_895008370263383_5818684028490397603_n-1024x766.jpg 1024w, https:\/\/gadmuisne.gob.ec\/web\/wp-content\/uploads\/2026\/04\/686186382_895008370263383_5818684028490397603_n-768x575.jpg 768w, https:\/\/gadmuisne.gob.ec\/web\/wp-content\/uploads\/2026\/04\/686186382_895008370263383_5818684028490397603_n-270x202.jpg 270w, https:\/\/gadmuisne.gob.ec\/web\/wp-content\/uploads\/2026\/04\/686186382_895008370263383_5818684028490397603_n-370x277.jpg 370w, https:\/\/gadmuisne.gob.ec\/web\/wp-content\/uploads\/2026\/04\/686186382_895008370263383_5818684028490397603_n-570x427.jpg 570w, https:\/\/gadmuisne.gob.ec\/web\/wp-content\/uploads\/2026\/04\/686186382_895008370263383_5818684028490397603_n-770x576.jpg 770w, https:\/\/gadmuisne.gob.ec\/web\/wp-content\/uploads\/2026\/04\/686186382_895008370263383_5818684028490397603_n-870x651.jpg 870w, https:\/\/gadmuisne.gob.ec\/web\/wp-content\/uploads\/2026\/04\/686186382_895008370263383_5818684028490397603_n-1170x876.jpg 1170w, https:\/\/gadmuisne.gob.ec\/web\/wp-content\/uploads\/2026\/04\/686186382_895008370263383_5818684028490397603_n.jpg 1280w\" sizes=\"auto, (max-width: 300px) 100vw, 300px\" \/><img loading=\"lazy\" decoding=\"async\" class=\"alignnone size-medium wp-image-21062\" src=\"https:\/\/gadmuisne.gob.ec\/web\/wp-content\/uploads\/2026\/04\/686225833_895008336930053_4610010818136320948_n-300x225.jpg\" alt=\"\" width=\"300\" height=\"225\" srcset=\"https:\/\/gadmuisne.gob.ec\/web\/wp-content\/uploads\/2026\/04\/686225833_895008336930053_4610010818136320948_n-300x225.jpg 300w, https:\/\/gadmuisne.gob.ec\/web\/wp-content\/uploads\/2026\/04\/686225833_895008336930053_4610010818136320948_n-1024x768.jpg 1024w, https:\/\/gadmuisne.gob.ec\/web\/wp-content\/uploads\/2026\/04\/686225833_895008336930053_4610010818136320948_n-768x576.jpg 768w, https:\/\/gadmuisne.gob.ec\/web\/wp-content\/uploads\/2026\/04\/686225833_895008336930053_4610010818136320948_n-270x203.jpg 270w, https:\/\/gadmuisne.gob.ec\/web\/wp-content\/uploads\/2026\/04\/686225833_895008336930053_4610010818136320948_n-370x278.jpg 370w, https:\/\/gadmuisne.gob.ec\/web\/wp-content\/uploads\/2026\/04\/686225833_895008336930053_4610010818136320948_n-570x428.jpg 570w, https:\/\/gadmuisne.gob.ec\/web\/wp-content\/uploads\/2026\/04\/686225833_895008336930053_4610010818136320948_n-770x578.jpg 770w, https:\/\/gadmuisne.gob.ec\/web\/wp-content\/uploads\/2026\/04\/686225833_895008336930053_4610010818136320948_n-870x653.jpg 870w, https:\/\/gadmuisne.gob.ec\/web\/wp-content\/uploads\/2026\/04\/686225833_895008336930053_4610010818136320948_n.jpg 1057w\" sizes=\"auto, (max-width: 300px) 100vw, 300px\" \/><\/p>\n","protected":false},"excerpt":{"rendered":"<p>BOLET\u00cdN DE PRENSA Nro. 23 Muisne, 29 de abril de 2026 En coordinaci\u00f3n con el Ministerio de Salud P\u00fablica, EB ejecuta acciones preventivas para proteger a las familias de enfermedades tropicales en la Isla de Muisne. Como parte del compromiso con la salud y el bienestar de la comunidad, EB&#8230;<\/p>\n","protected":false},"author":4,"featured_media":21061,"comment_status":"closed","ping_status":"open","sticky":false,"template":"","format":"standard","meta":{"footnotes":""},"categories":[35,53],"tags":[],"class_list":["post-21058","post","type-post","status-publish","format-standard","has-post-thumbnail","hentry","category-actividades","category-noticias1"],"_links":{"self":[{"href":"https:\/\/gadmuisne.gob.ec\/web\/wp-json\/wp\/v2\/posts\/21058","targetHints":{"allow":["GET"]}}],"collection":[{"href":"https:\/\/gadmuisne.gob.ec\/web\/wp-json\/wp\/v2\/posts"}],"about":[{"href":"https:\/\/gadmuisne.gob.ec\/web\/wp-json\/wp\/v2\/types\/post"}],"author":[{"embeddable":true,"href":"https:\/\/gadmuisne.gob.ec\/web\/wp-json\/wp\/v2\/users\/4"}],"replies":[{"embeddable":true,"href":"https:\/\/gadmuisne.gob.ec\/web\/wp-json\/wp\/v2\/comments?post=21058"}],"version-history":[{"count":1,"href":"https:\/\/gadmuisne.gob.ec\/web\/wp-json\/wp\/v2\/posts\/21058\/revisions"}],"predecessor-version":[{"id":21063,"href":"https:\/\/gadmuisne.gob.ec\/web\/wp-json\/wp\/v2\/posts\/21058\/revisions\/21063"}],"wp:featuredmedia":[{"embeddable":true,"href":"https:\/\/gadmuisne.gob.ec\/web\/wp-json\/wp\/v2\/media\/21061"}],"wp:attachment":[{"href":"https:\/\/gadmuisne.gob.ec\/web\/wp-json\/wp\/v2\/media?parent=21058"}],"wp:term":[{"taxonomy":"category","embeddable":true,"href":"https:\/\/gadmuisne.gob.ec\/web\/wp-json\/wp\/v2\/categories?post=21058"},{"taxonomy":"post_tag","embeddable":true,"href":"https:\/\/gadmuisne.gob.ec\/web\/wp-json\/wp\/v2\/tags?post=21058"}],"curies":[{"name":"wp","href":"https:\/\/api.w.org\/{rel}","templated":true}]}}