{"id":3981,"date":"2022-12-28T18:06:52","date_gmt":"2022-12-28T17:06:52","guid":{"rendered":"https:\/\/gadmuisne.gob.ec\/web\/?p=3981"},"modified":"2023-01-03T18:11:43","modified_gmt":"2023-01-03T17:11:43","slug":"el-alcalde-de-muisne-visita-de-manera-personal-los-avances-de-los-trabajos-de-la-planta-de-tratamiento-de-san-jose-de-chamanaga","status":"publish","type":"post","link":"https:\/\/gadmuisne.gob.ec\/web\/el-alcalde-de-muisne-visita-de-manera-personal-los-avances-de-los-trabajos-de-la-planta-de-tratamiento-de-san-jose-de-chamanaga\/","title":{"rendered":"El Alcalde de Muisne Visita de Manera Personal los avances de los trabajos de la planta de tratamiento de San J\u00f2se de Chamanaga."},"content":{"rendered":"<div dir=\"auto\">\n<div dir=\"auto\"><img loading=\"lazy\" decoding=\"async\" class=\"size-medium wp-image-3983 alignleft\" src=\"https:\/\/gadmuisne.gob.ec\/web\/wp-content\/uploads\/2023\/01\/322116882_846513116635529_3871891906946605719_n-300x224.jpeg\" alt=\"\" width=\"300\" height=\"224\" srcset=\"https:\/\/gadmuisne.gob.ec\/web\/wp-content\/uploads\/2023\/01\/322116882_846513116635529_3871891906946605719_n-300x224.jpeg 300w, https:\/\/gadmuisne.gob.ec\/web\/wp-content\/uploads\/2023\/01\/322116882_846513116635529_3871891906946605719_n-1024x766.jpeg 1024w, https:\/\/gadmuisne.gob.ec\/web\/wp-content\/uploads\/2023\/01\/322116882_846513116635529_3871891906946605719_n-768x575.jpeg 768w, https:\/\/gadmuisne.gob.ec\/web\/wp-content\/uploads\/2023\/01\/322116882_846513116635529_3871891906946605719_n-270x202.jpeg 270w, https:\/\/gadmuisne.gob.ec\/web\/wp-content\/uploads\/2023\/01\/322116882_846513116635529_3871891906946605719_n-370x277.jpeg 370w, https:\/\/gadmuisne.gob.ec\/web\/wp-content\/uploads\/2023\/01\/322116882_846513116635529_3871891906946605719_n-570x427.jpeg 570w, https:\/\/gadmuisne.gob.ec\/web\/wp-content\/uploads\/2023\/01\/322116882_846513116635529_3871891906946605719_n-770x576.jpeg 770w, https:\/\/gadmuisne.gob.ec\/web\/wp-content\/uploads\/2023\/01\/322116882_846513116635529_3871891906946605719_n-870x651.jpeg 870w, https:\/\/gadmuisne.gob.ec\/web\/wp-content\/uploads\/2023\/01\/322116882_846513116635529_3871891906946605719_n.jpeg 1160w\" sizes=\"auto, (max-width: 300px) 100vw, 300px\" \/>&nbsp;<\/p>\n<div dir=\"auto\"><a class=\"x1i10hfl xjbqb8w x6umtig x1b1mbwd xaqea5y xav7gou x9f619 x1ypdohk xt0psk2 xe8uvvx xdj266r x11i5rnm xat24cr x1mh8g0r xexx8yu x4uap5 x18d9i69 xkhd6sd x16tdsg8 x1hl2dhg xggy1nq x1a2a7pz xt0b8zv x1qq9wsj xo1l8bm\" tabindex=\"0\" role=\"link\" href=\"https:\/\/www.facebook.com\/hashtag\/aguaparachamanga?__eep__=6&amp;__cft__[0]=AZWkDSkNy0oim2U5zab8XEU8cAkiZIxKhu2_hIdVhCf2YNjaDqrbnf850Qr8_0BH1fAJvHjOAdozUEBCzxEbQVk2Vafp0QgigULBBZuaPDcg2HCqTYBVAwk0csGt67oeBXAAU7tZqI49Nh_RYqmTSKA1FlOWo8qFJIo4EbOzkDhWDHF26pgi0dE8aLld420i3n_cV0APh9JJOxfEa4NXcrlq&amp;__tn__=*NK-R\">#AguaParaChamanga<\/a> | El alcalde de Muisne <a class=\"x1i10hfl xjbqb8w x6umtig x1b1mbwd xaqea5y xav7gou x9f619 x1ypdohk xt0psk2 xe8uvvx xdj266r x11i5rnm xat24cr x1mh8g0r xexx8yu x4uap5 x18d9i69 xkhd6sd x16tdsg8 x1hl2dhg xggy1nq x1a2a7pz xt0b8zv x1qq9wsj xo1l8bm\" tabindex=\"0\" role=\"link\" href=\"https:\/\/www.facebook.com\/TaironQuinte?__cft__[0]=AZWkDSkNy0oim2U5zab8XEU8cAkiZIxKhu2_hIdVhCf2YNjaDqrbnf850Qr8_0BH1fAJvHjOAdozUEBCzxEbQVk2Vafp0QgigULBBZuaPDcg2HCqTYBVAwk0csGt67oeBXAAU7tZqI49Nh_RYqmTSKA1FlOWo8qFJIo4EbOzkDhWDHF26pgi0dE8aLld420i3n_cV0APh9JJOxfEa4NXcrlq&amp;__tn__=-]K-R\"><span class=\"xt0psk2\">Tairon Quintero Vera<\/span><\/a>, visita de manera personal los avances de los trabajos ejecutados en la planta de tratamiento de agua potable de San Jos\u00e9 de Chamanga, donde gracias a esta decisi\u00f3n del burgomaestre Tairon Quintero Vera, pronto nuestros hermanos contar\u00e1n con el l\u00edquido vital.<span class=\"x3nfvp2 x1j61x8r x1fcty0u xdj266r xhhsvwb xat24cr xgzva0m xxymvpz xlup9mm x1kky2od\"><img loading=\"lazy\" decoding=\"async\" src=\"https:\/\/static.xx.fbcdn.net\/images\/emoji.php\/v9\/tdc\/1\/16\/1f6b0.png\" alt=\"\ud83d\udeb0\" width=\"16\" height=\"16\" \/><\/span><\/div>\n<div dir=\"auto\"><a class=\"x1i10hfl xjbqb8w x6umtig x1b1mbwd xaqea5y xav7gou x9f619 x1ypdohk xt0psk2 xe8uvvx xdj266r x11i5rnm xat24cr x1mh8g0r xexx8yu x4uap5 x18d9i69 xkhd6sd x16tdsg8 x1hl2dhg xggy1nq x1a2a7pz xt0b8zv x1qq9wsj xo1l8bm\" tabindex=\"0\" role=\"link\" href=\"https:\/\/www.facebook.com\/hashtag\/nopodemosparar?__eep__=6&amp;__cft__[0]=AZWkDSkNy0oim2U5zab8XEU8cAkiZIxKhu2_hIdVhCf2YNjaDqrbnf850Qr8_0BH1fAJvHjOAdozUEBCzxEbQVk2Vafp0QgigULBBZuaPDcg2HCqTYBVAwk0csGt67oeBXAAU7tZqI49Nh_RYqmTSKA1FlOWo8qFJIo4EbOzkDhWDHF26pgi0dE8aLld420i3n_cV0APh9JJOxfEa4NXcrlq&amp;__tn__=*NK-R\">#NoPodemosParar<\/a><\/div>\n<div dir=\"auto\"><a class=\"x1i10hfl xjbqb8w x6umtig x1b1mbwd xaqea5y xav7gou x9f619 x1ypdohk xt0psk2 xe8uvvx xdj266r x11i5rnm xat24cr x1mh8g0r xexx8yu x4uap5 x18d9i69 xkhd6sd x16tdsg8 x1hl2dhg xggy1nq x1a2a7pz xt0b8zv x1qq9wsj xo1l8bm\" tabindex=\"0\" role=\"link\" href=\"https:\/\/www.facebook.com\/hashtag\/vamosacontinuar?__eep__=6&amp;__cft__[0]=AZWkDSkNy0oim2U5zab8XEU8cAkiZIxKhu2_hIdVhCf2YNjaDqrbnf850Qr8_0BH1fAJvHjOAdozUEBCzxEbQVk2Vafp0QgigULBBZuaPDcg2HCqTYBVAwk0csGt67oeBXAAU7tZqI49Nh_RYqmTSKA1FlOWo8qFJIo4EbOzkDhWDHF26pgi0dE8aLld420i3n_cV0APh9JJOxfEa4NXcrlq&amp;__tn__=*NK-R\">#VamosAContinuar<\/a><\/div>\n<\/div>\n<div dir=\"auto\"><\/div>\n<\/div>\n","protected":false},"excerpt":{"rendered":"<p>Actualizaci\u00f3n Plan de Desarrollo y Ordenamiento Territorial (PDOT) y Plan de Uso y Gesti\u00f3n de Suelo del Cant\u00f3n Muisne (PUGS), mismos que ser\u00e1n las herramientas t\u00e9cnicas y normativas para la toma de decisiones estrategias que permitan mejorar la calidad de vida, a largo plazo, de la poblaci\u00f3n a quienes representan.<\/p>\n","protected":false},"author":1,"featured_media":3974,"comment_status":"closed","ping_status":"open","sticky":false,"template":"","format":"standard","meta":{"footnotes":""},"categories":[35],"tags":[],"class_list":["post-3981","post","type-post","status-publish","format-standard","has-post-thumbnail","hentry","category-actividades"],"_links":{"self":[{"href":"https:\/\/gadmuisne.gob.ec\/web\/wp-json\/wp\/v2\/posts\/3981","targetHints":{"allow":["GET"]}}],"collection":[{"href":"https:\/\/gadmuisne.gob.ec\/web\/wp-json\/wp\/v2\/posts"}],"about":[{"href":"https:\/\/gadmuisne.gob.ec\/web\/wp-json\/wp\/v2\/types\/post"}],"author":[{"embeddable":true,"href":"https:\/\/gadmuisne.gob.ec\/web\/wp-json\/wp\/v2\/users\/1"}],"replies":[{"embeddable":true,"href":"https:\/\/gadmuisne.gob.ec\/web\/wp-json\/wp\/v2\/comments?post=3981"}],"version-history":[{"count":3,"href":"https:\/\/gadmuisne.gob.ec\/web\/wp-json\/wp\/v2\/posts\/3981\/revisions"}],"predecessor-version":[{"id":3985,"href":"https:\/\/gadmuisne.gob.ec\/web\/wp-json\/wp\/v2\/posts\/3981\/revisions\/3985"}],"wp:featuredmedia":[{"embeddable":true,"href":"https:\/\/gadmuisne.gob.ec\/web\/wp-json\/wp\/v2\/media\/3974"}],"wp:attachment":[{"href":"https:\/\/gadmuisne.gob.ec\/web\/wp-json\/wp\/v2\/media?parent=3981"}],"wp:term":[{"taxonomy":"category","embeddable":true,"href":"https:\/\/gadmuisne.gob.ec\/web\/wp-json\/wp\/v2\/categories?post=3981"},{"taxonomy":"post_tag","embeddable":true,"href":"https:\/\/gadmuisne.gob.ec\/web\/wp-json\/wp\/v2\/tags?post=3981"}],"curies":[{"name":"wp","href":"https:\/\/api.w.org\/{rel}","templated":true}]}}