{"id":3988,"date":"2022-12-21T11:22:34","date_gmt":"2022-12-21T10:22:34","guid":{"rendered":"https:\/\/gadmuisne.gob.ec\/web\/?p=3988"},"modified":"2023-01-03T18:25:55","modified_gmt":"2023-01-03T17:25:55","slug":"el-alcalde-de-muisne-tairon-quintero-brindo-un-pequeno-agasajo-a-los-adultos-mayores","status":"publish","type":"post","link":"https:\/\/gadmuisne.gob.ec\/web\/el-alcalde-de-muisne-tairon-quintero-brindo-un-pequeno-agasajo-a-los-adultos-mayores\/","title":{"rendered":"El Alcalde de Muisne Tairon Quintero, Brind\u00f3 un peque\u00f1o agasajo Navide\u00f1o a los Adultos Mayores ."},"content":{"rendered":"<div dir=\"auto\">\n<div dir=\"auto\">\n<p><img loading=\"lazy\" decoding=\"async\" class=\"size-medium wp-image-3987 alignleft\" src=\"https:\/\/gadmuisne.gob.ec\/web\/wp-content\/uploads\/2023\/01\/u-300x241.jpg\" alt=\"\" width=\"300\" height=\"241\" srcset=\"https:\/\/gadmuisne.gob.ec\/web\/wp-content\/uploads\/2023\/01\/u-300x241.jpg 300w, https:\/\/gadmuisne.gob.ec\/web\/wp-content\/uploads\/2023\/01\/u-1024x824.jpg 1024w, https:\/\/gadmuisne.gob.ec\/web\/wp-content\/uploads\/2023\/01\/u-768x618.jpg 768w, https:\/\/gadmuisne.gob.ec\/web\/wp-content\/uploads\/2023\/01\/u-1536x1236.jpg 1536w, https:\/\/gadmuisne.gob.ec\/web\/wp-content\/uploads\/2023\/01\/u-2048x1648.jpg 2048w, https:\/\/gadmuisne.gob.ec\/web\/wp-content\/uploads\/2023\/01\/u-270x217.jpg 270w, https:\/\/gadmuisne.gob.ec\/web\/wp-content\/uploads\/2023\/01\/u-370x298.jpg 370w, https:\/\/gadmuisne.gob.ec\/web\/wp-content\/uploads\/2023\/01\/u-570x459.jpg 570w, https:\/\/gadmuisne.gob.ec\/web\/wp-content\/uploads\/2023\/01\/u-770x620.jpg 770w, https:\/\/gadmuisne.gob.ec\/web\/wp-content\/uploads\/2023\/01\/u-870x700.jpg 870w, https:\/\/gadmuisne.gob.ec\/web\/wp-content\/uploads\/2023\/01\/u-1170x942.jpg 1170w\" sizes=\"auto, (max-width: 300px) 100vw, 300px\" \/><\/p>\n<div dir=\"auto\"><a class=\"x1i10hfl xjbqb8w x6umtig x1b1mbwd xaqea5y xav7gou x9f619 x1ypdohk xt0psk2 xe8uvvx xdj266r x11i5rnm xat24cr x1mh8g0r xexx8yu x4uap5 x18d9i69 xkhd6sd x16tdsg8 x1hl2dhg xggy1nq x1a2a7pz xt0b8zv x1qq9wsj xo1l8bm\" tabindex=\"0\" role=\"link\" href=\"https:\/\/www.facebook.com\/hashtag\/navidad2022?__eep__=6&amp;__cft__[0]=AZXmxIAhXER8jdirHGjeSpvz3FOtmnEYnKBT1mT1o_KQJJ72t0U_DgJ0z8iVtG6XBHxsq_u50DCCIU463M7f4Xigb9f3c4prMZUqiWqZVsB5KqTAfj1ASwrEqBhvLQGPA3VhQODwaM679oeIC4XPIO5zr4Q4HrLKQBqNJSLRCA8qL_bHL1wIa-Y_gdlMoncsms2f6o69eGjfoLRXaW6KOt66&amp;__tn__=*NK-R\">#Navidad2022<\/a> | Uno de los secretos de la vida es transportar el esp\u00edritu del ni\u00f1o <span class=\"x3nfvp2 x1j61x8r x1fcty0u xdj266r xhhsvwb xat24cr xgzva0m xxymvpz xlup9mm x1kky2od\"><img loading=\"lazy\" decoding=\"async\" src=\"https:\/\/static.xx.fbcdn.net\/images\/emoji.php\/v9\/t13\/1\/16\/1f308.png\" alt=\"\ud83c\udf08\" width=\"16\" height=\"16\" \/><\/span> a la madurez, con esto nunca perder\u00e1s el entusiasmo de vivir.<\/div>\n<div dir=\"auto\">La Alcald\u00eda de Muisne dirigida por <a class=\"x1i10hfl xjbqb8w x6umtig x1b1mbwd xaqea5y xav7gou x9f619 x1ypdohk xt0psk2 xe8uvvx xdj266r x11i5rnm xat24cr x1mh8g0r xexx8yu x4uap5 x18d9i69 xkhd6sd x16tdsg8 x1hl2dhg xggy1nq x1a2a7pz xt0b8zv x1qq9wsj xo1l8bm\" tabindex=\"0\" role=\"link\" href=\"https:\/\/www.facebook.com\/TaironQuinte?__cft__[0]=AZXmxIAhXER8jdirHGjeSpvz3FOtmnEYnKBT1mT1o_KQJJ72t0U_DgJ0z8iVtG6XBHxsq_u50DCCIU463M7f4Xigb9f3c4prMZUqiWqZVsB5KqTAfj1ASwrEqBhvLQGPA3VhQODwaM679oeIC4XPIO5zr4Q4HrLKQBqNJSLRCA8qL_bHL1wIa-Y_gdlMoncsms2f6o69eGjfoLRXaW6KOt66&amp;__tn__=-]K-R\"><span class=\"xt0psk2\">Tairon Quintero Vera<\/span><\/a>, brind\u00f3 un peque\u00f1o agasajo a los adultos mayores que se dan cita los d\u00edas mi\u00e9rcoles en la Villa Municipal, dando un momento de felicidad en conmemoraci\u00f3n de la navidad.<\/div>\n<div dir=\"auto\"><a class=\"x1i10hfl xjbqb8w x6umtig x1b1mbwd xaqea5y xav7gou x9f619 x1ypdohk xt0psk2 xe8uvvx xdj266r x11i5rnm xat24cr x1mh8g0r xexx8yu x4uap5 x18d9i69 xkhd6sd x16tdsg8 x1hl2dhg xggy1nq x1a2a7pz xt0b8zv x1qq9wsj xo1l8bm\" tabindex=\"0\" role=\"link\" href=\"https:\/\/www.facebook.com\/hashtag\/nopodemosparar?__eep__=6&amp;__cft__[0]=AZXmxIAhXER8jdirHGjeSpvz3FOtmnEYnKBT1mT1o_KQJJ72t0U_DgJ0z8iVtG6XBHxsq_u50DCCIU463M7f4Xigb9f3c4prMZUqiWqZVsB5KqTAfj1ASwrEqBhvLQGPA3VhQODwaM679oeIC4XPIO5zr4Q4HrLKQBqNJSLRCA8qL_bHL1wIa-Y_gdlMoncsms2f6o69eGjfoLRXaW6KOt66&amp;__tn__=*NK-R\">#NoPodemosParar<\/a><\/div>\n<div dir=\"auto\"><a class=\"x1i10hfl xjbqb8w x6umtig x1b1mbwd xaqea5y xav7gou x9f619 x1ypdohk xt0psk2 xe8uvvx xdj266r x11i5rnm xat24cr x1mh8g0r xexx8yu x4uap5 x18d9i69 xkhd6sd x16tdsg8 x1hl2dhg xggy1nq x1a2a7pz xt0b8zv x1qq9wsj xo1l8bm\" tabindex=\"0\" role=\"link\" href=\"https:\/\/www.facebook.com\/hashtag\/vamosacontinuar?__eep__=6&amp;__cft__[0]=AZXmxIAhXER8jdirHGjeSpvz3FOtmnEYnKBT1mT1o_KQJJ72t0U_DgJ0z8iVtG6XBHxsq_u50DCCIU463M7f4Xigb9f3c4prMZUqiWqZVsB5KqTAfj1ASwrEqBhvLQGPA3VhQODwaM679oeIC4XPIO5zr4Q4HrLKQBqNJSLRCA8qL_bHL1wIa-Y_gdlMoncsms2f6o69eGjfoLRXaW6KOt66&amp;__tn__=*NK-R\">#VamosAContinuar<\/a><\/div>\n<div dir=\"auto\"><a class=\"x1i10hfl xjbqb8w x6umtig x1b1mbwd xaqea5y xav7gou x9f619 x1ypdohk xt0psk2 xe8uvvx xdj266r x11i5rnm xat24cr x1mh8g0r xexx8yu x4uap5 x18d9i69 xkhd6sd x16tdsg8 x1hl2dhg xggy1nq x1a2a7pz xt0b8zv x1qq9wsj xo1l8bm\" tabindex=\"0\" role=\"link\" href=\"https:\/\/www.facebook.com\/hashtag\/taironquinteroveraalcalde?__eep__=6&amp;__cft__[0]=AZXmxIAhXER8jdirHGjeSpvz3FOtmnEYnKBT1mT1o_KQJJ72t0U_DgJ0z8iVtG6XBHxsq_u50DCCIU463M7f4Xigb9f3c4prMZUqiWqZVsB5KqTAfj1ASwrEqBhvLQGPA3VhQODwaM679oeIC4XPIO5zr4Q4HrLKQBqNJSLRCA8qL_bHL1wIa-Y_gdlMoncsms2f6o69eGjfoLRXaW6KOt66&amp;__tn__=*NK-R\">#TaironQuinteroVeraAlcalde<\/a><\/div>\n<div dir=\"auto\"><a class=\"x1i10hfl xjbqb8w x6umtig x1b1mbwd xaqea5y xav7gou x9f619 x1ypdohk xt0psk2 xe8uvvx xdj266r x11i5rnm xat24cr x1mh8g0r xexx8yu x4uap5 x18d9i69 xkhd6sd x16tdsg8 x1hl2dhg xggy1nq x1a2a7pz xt0b8zv x1qq9wsj xo1l8bm\" tabindex=\"0\" role=\"link\" href=\"https:\/\/www.facebook.com\/hashtag\/construyendoelfuturo?__eep__=6&amp;__cft__[0]=AZXmxIAhXER8jdirHGjeSpvz3FOtmnEYnKBT1mT1o_KQJJ72t0U_DgJ0z8iVtG6XBHxsq_u50DCCIU463M7f4Xigb9f3c4prMZUqiWqZVsB5KqTAfj1ASwrEqBhvLQGPA3VhQODwaM679oeIC4XPIO5zr4Q4HrLKQBqNJSLRCA8qL_bHL1wIa-Y_gdlMoncsms2f6o69eGjfoLRXaW6KOt66&amp;__tn__=*NK-R\">#ConstruyendoElFuturo<\/a><\/div>\n<\/div>\n<div dir=\"auto\"><\/div>\n<\/div>\n","protected":false},"excerpt":{"rendered":"<p>Actualizaci\u00f3n Plan de Desarrollo y Ordenamiento Territorial (PDOT) y Plan de Uso y Gesti\u00f3n de Suelo del Cant\u00f3n Muisne (PUGS), mismos que ser\u00e1n las herramientas t\u00e9cnicas y normativas para la toma de decisiones estrategias que permitan mejorar la calidad de vida, a largo plazo, de la poblaci\u00f3n a quienes representan.<\/p>\n","protected":false},"author":1,"featured_media":3986,"comment_status":"closed","ping_status":"open","sticky":false,"template":"","format":"standard","meta":{"footnotes":""},"categories":[35],"tags":[],"class_list":["post-3988","post","type-post","status-publish","format-standard","has-post-thumbnail","hentry","category-actividades"],"_links":{"self":[{"href":"https:\/\/gadmuisne.gob.ec\/web\/wp-json\/wp\/v2\/posts\/3988","targetHints":{"allow":["GET"]}}],"collection":[{"href":"https:\/\/gadmuisne.gob.ec\/web\/wp-json\/wp\/v2\/posts"}],"about":[{"href":"https:\/\/gadmuisne.gob.ec\/web\/wp-json\/wp\/v2\/types\/post"}],"author":[{"embeddable":true,"href":"https:\/\/gadmuisne.gob.ec\/web\/wp-json\/wp\/v2\/users\/1"}],"replies":[{"embeddable":true,"href":"https:\/\/gadmuisne.gob.ec\/web\/wp-json\/wp\/v2\/comments?post=3988"}],"version-history":[{"count":2,"href":"https:\/\/gadmuisne.gob.ec\/web\/wp-json\/wp\/v2\/posts\/3988\/revisions"}],"predecessor-version":[{"id":3990,"href":"https:\/\/gadmuisne.gob.ec\/web\/wp-json\/wp\/v2\/posts\/3988\/revisions\/3990"}],"wp:featuredmedia":[{"embeddable":true,"href":"https:\/\/gadmuisne.gob.ec\/web\/wp-json\/wp\/v2\/media\/3986"}],"wp:attachment":[{"href":"https:\/\/gadmuisne.gob.ec\/web\/wp-json\/wp\/v2\/media?parent=3988"}],"wp:term":[{"taxonomy":"category","embeddable":true,"href":"https:\/\/gadmuisne.gob.ec\/web\/wp-json\/wp\/v2\/categories?post=3988"},{"taxonomy":"post_tag","embeddable":true,"href":"https:\/\/gadmuisne.gob.ec\/web\/wp-json\/wp\/v2\/tags?post=3988"}],"curies":[{"name":"wp","href":"https:\/\/api.w.org\/{rel}","templated":true}]}}