{"id":3992,"date":"2022-12-07T10:41:38","date_gmt":"2022-12-07T09:41:38","guid":{"rendered":"https:\/\/gadmuisne.gob.ec\/web\/?p=3992"},"modified":"2023-01-03T20:42:04","modified_gmt":"2023-01-03T19:42:04","slug":"el-alcalde-tairon-quintero-vera-visito-la-comunidad-tres-vias-donde-se-realizan-relleno-para-elevar-sus-calles","status":"publish","type":"post","link":"https:\/\/gadmuisne.gob.ec\/web\/el-alcalde-tairon-quintero-vera-visito-la-comunidad-tres-vias-donde-se-realizan-relleno-para-elevar-sus-calles\/","title":{"rendered":"El Alcalde Tairon Quintero Vera visito la comunidad Tres Vias donde se realizan Relleno para elevar sus Calles."},"content":{"rendered":"<div dir=\"auto\">\n<div dir=\"auto\">\n<div dir=\"auto\">\n<p><img loading=\"lazy\" decoding=\"async\" class=\"size-medium wp-image-3991 alignleft\" src=\"https:\/\/gadmuisne.gob.ec\/web\/wp-content\/uploads\/2023\/01\/317830160_1165331527748774_2049786195927558285_n-300x225.jpeg\" alt=\"\" width=\"300\" height=\"225\" srcset=\"https:\/\/gadmuisne.gob.ec\/web\/wp-content\/uploads\/2023\/01\/317830160_1165331527748774_2049786195927558285_n-300x225.jpeg 300w, https:\/\/gadmuisne.gob.ec\/web\/wp-content\/uploads\/2023\/01\/317830160_1165331527748774_2049786195927558285_n-1024x768.jpeg 1024w, https:\/\/gadmuisne.gob.ec\/web\/wp-content\/uploads\/2023\/01\/317830160_1165331527748774_2049786195927558285_n-768x576.jpeg 768w, https:\/\/gadmuisne.gob.ec\/web\/wp-content\/uploads\/2023\/01\/317830160_1165331527748774_2049786195927558285_n-1536x1152.jpeg 1536w, https:\/\/gadmuisne.gob.ec\/web\/wp-content\/uploads\/2023\/01\/317830160_1165331527748774_2049786195927558285_n-270x203.jpeg 270w, https:\/\/gadmuisne.gob.ec\/web\/wp-content\/uploads\/2023\/01\/317830160_1165331527748774_2049786195927558285_n-370x278.jpeg 370w, https:\/\/gadmuisne.gob.ec\/web\/wp-content\/uploads\/2023\/01\/317830160_1165331527748774_2049786195927558285_n-570x428.jpeg 570w, https:\/\/gadmuisne.gob.ec\/web\/wp-content\/uploads\/2023\/01\/317830160_1165331527748774_2049786195927558285_n-770x578.jpeg 770w, https:\/\/gadmuisne.gob.ec\/web\/wp-content\/uploads\/2023\/01\/317830160_1165331527748774_2049786195927558285_n-870x653.jpeg 870w, https:\/\/gadmuisne.gob.ec\/web\/wp-content\/uploads\/2023\/01\/317830160_1165331527748774_2049786195927558285_n-1170x878.jpeg 1170w, https:\/\/gadmuisne.gob.ec\/web\/wp-content\/uploads\/2023\/01\/317830160_1165331527748774_2049786195927558285_n-1570x1178.jpeg 1570w, https:\/\/gadmuisne.gob.ec\/web\/wp-content\/uploads\/2023\/01\/317830160_1165331527748774_2049786195927558285_n.jpeg 1600w\" sizes=\"auto, (max-width: 300px) 100vw, 300px\" \/><\/p>\n<div dir=\"auto\"><a class=\"x1i10hfl xjbqb8w x6umtig x1b1mbwd xaqea5y xav7gou x9f619 x1ypdohk xt0psk2 xe8uvvx xdj266r x11i5rnm xat24cr x1mh8g0r xexx8yu x4uap5 x18d9i69 xkhd6sd x16tdsg8 x1hl2dhg xggy1nq x1a2a7pz xt0b8zv x1qq9wsj xo1l8bm\" tabindex=\"0\" role=\"link\" href=\"https:\/\/www.facebook.com\/hashtag\/obraparamuisne?__eep__=6&amp;__cft__[0]=AZWgt6CteWyxKPwkpaA7q0GlUL81FHgBQ3XcKFKfbr1j-sEgfrr5NJ8nw4tdQEpsmyvpxB3O1KJL7o1IEUPfukqrW03sQls2ClfkHCPqBAouKK0PAxWIsNdnFZ6IPIcvUWbYRJF24HiLmIZPYDyud3SRsaX6QBywuafbyAUdatX_MEUI4w4GFiKJeDJygL6xUhK5D9MvIwpjoLAPof7IPa_5&amp;__tn__=*NK-R\">#ObraparaMuisne<\/a> | <span class=\"x3nfvp2 x1j61x8r x1fcty0u xdj266r xhhsvwb xat24cr xgzva0m xxymvpz xlup9mm x1kky2od\"><img loading=\"lazy\" decoding=\"async\" src=\"https:\/\/static.xx.fbcdn.net\/images\/emoji.php\/v9\/t67\/1\/16\/1f9d1_200d_1f3ed.png\" alt=\"\ud83e\uddd1\u200d\ud83c\udfed\" width=\"16\" height=\"16\" \/><\/span><span class=\"x3nfvp2 x1j61x8r x1fcty0u xdj266r xhhsvwb xat24cr xgzva0m xxymvpz xlup9mm x1kky2od\"><img loading=\"lazy\" decoding=\"async\" src=\"https:\/\/static.xx.fbcdn.net\/images\/emoji.php\/v9\/tc4\/1\/16\/1f6a7.png\" alt=\"\ud83d\udea7\" width=\"16\" height=\"16\" \/><\/span> nuestro trabajo no se detiene , continuamos trabajando por Muisne y todas sus comunidades, est\u00e1 vez estamos en Tres V\u00edas en el barrio 30 de Julio realizando el relleno para elevar el nivel de sus calles y que nuestros moradores no sufran en tiempo de invierno,<span class=\"x3nfvp2 x1j61x8r x1fcty0u xdj266r xhhsvwb xat24cr xgzva0m xxymvpz xlup9mm x1kky2od\"><img loading=\"lazy\" decoding=\"async\" src=\"https:\/\/static.xx.fbcdn.net\/images\/emoji.php\/v9\/t18\/1\/16\/1f69c.png\" alt=\"\ud83d\ude9c\" width=\"16\" height=\"16\" \/><\/span><\/div>\n<div dir=\"auto\">ahora m\u00e1s que nunca.<\/div>\n<div dir=\"auto\"><a class=\"x1i10hfl xjbqb8w x6umtig x1b1mbwd xaqea5y xav7gou x9f619 x1ypdohk xt0psk2 xe8uvvx xdj266r x11i5rnm xat24cr x1mh8g0r xexx8yu x4uap5 x18d9i69 xkhd6sd x16tdsg8 x1hl2dhg xggy1nq x1a2a7pz xt0b8zv x1qq9wsj xo1l8bm\" tabindex=\"0\" role=\"link\" href=\"https:\/\/www.facebook.com\/hashtag\/nopodemosparar?__eep__=6&amp;__cft__[0]=AZWgt6CteWyxKPwkpaA7q0GlUL81FHgBQ3XcKFKfbr1j-sEgfrr5NJ8nw4tdQEpsmyvpxB3O1KJL7o1IEUPfukqrW03sQls2ClfkHCPqBAouKK0PAxWIsNdnFZ6IPIcvUWbYRJF24HiLmIZPYDyud3SRsaX6QBywuafbyAUdatX_MEUI4w4GFiKJeDJygL6xUhK5D9MvIwpjoLAPof7IPa_5&amp;__tn__=*NK-R\">#NoPodemosParar<\/a><\/div>\n<div dir=\"auto\"><a class=\"x1i10hfl xjbqb8w x6umtig x1b1mbwd xaqea5y xav7gou x9f619 x1ypdohk xt0psk2 xe8uvvx xdj266r x11i5rnm xat24cr x1mh8g0r xexx8yu x4uap5 x18d9i69 xkhd6sd x16tdsg8 x1hl2dhg xggy1nq x1a2a7pz xt0b8zv x1qq9wsj xo1l8bm\" tabindex=\"0\" role=\"link\" href=\"https:\/\/www.facebook.com\/hashtag\/vamosacontinuar?__eep__=6&amp;__cft__[0]=AZWgt6CteWyxKPwkpaA7q0GlUL81FHgBQ3XcKFKfbr1j-sEgfrr5NJ8nw4tdQEpsmyvpxB3O1KJL7o1IEUPfukqrW03sQls2ClfkHCPqBAouKK0PAxWIsNdnFZ6IPIcvUWbYRJF24HiLmIZPYDyud3SRsaX6QBywuafbyAUdatX_MEUI4w4GFiKJeDJygL6xUhK5D9MvIwpjoLAPof7IPa_5&amp;__tn__=*NK-R\">#VamosAContinuar<\/a>\u2026<\/div>\n<\/div>\n<\/div>\n<\/div>\n","protected":false},"excerpt":{"rendered":"<p>Actualizaci\u00f3n Plan de Desarrollo y Ordenamiento Territorial (PDOT) y Plan de Uso y Gesti\u00f3n de Suelo del Cant\u00f3n Muisne (PUGS), mismos que ser\u00e1n las herramientas t\u00e9cnicas y normativas para la toma de decisiones estrategias que permitan mejorar la calidad de vida, a largo plazo, de la poblaci\u00f3n a quienes representan.<\/p>\n","protected":false},"author":1,"featured_media":3975,"comment_status":"closed","ping_status":"open","sticky":false,"template":"","format":"standard","meta":{"footnotes":""},"categories":[35],"tags":[],"class_list":["post-3992","post","type-post","status-publish","format-standard","has-post-thumbnail","hentry","category-actividades"],"_links":{"self":[{"href":"https:\/\/gadmuisne.gob.ec\/web\/wp-json\/wp\/v2\/posts\/3992","targetHints":{"allow":["GET"]}}],"collection":[{"href":"https:\/\/gadmuisne.gob.ec\/web\/wp-json\/wp\/v2\/posts"}],"about":[{"href":"https:\/\/gadmuisne.gob.ec\/web\/wp-json\/wp\/v2\/types\/post"}],"author":[{"embeddable":true,"href":"https:\/\/gadmuisne.gob.ec\/web\/wp-json\/wp\/v2\/users\/1"}],"replies":[{"embeddable":true,"href":"https:\/\/gadmuisne.gob.ec\/web\/wp-json\/wp\/v2\/comments?post=3992"}],"version-history":[{"count":2,"href":"https:\/\/gadmuisne.gob.ec\/web\/wp-json\/wp\/v2\/posts\/3992\/revisions"}],"predecessor-version":[{"id":3995,"href":"https:\/\/gadmuisne.gob.ec\/web\/wp-json\/wp\/v2\/posts\/3992\/revisions\/3995"}],"wp:featuredmedia":[{"embeddable":true,"href":"https:\/\/gadmuisne.gob.ec\/web\/wp-json\/wp\/v2\/media\/3975"}],"wp:attachment":[{"href":"https:\/\/gadmuisne.gob.ec\/web\/wp-json\/wp\/v2\/media?parent=3992"}],"wp:term":[{"taxonomy":"category","embeddable":true,"href":"https:\/\/gadmuisne.gob.ec\/web\/wp-json\/wp\/v2\/categories?post=3992"},{"taxonomy":"post_tag","embeddable":true,"href":"https:\/\/gadmuisne.gob.ec\/web\/wp-json\/wp\/v2\/tags?post=3992"}],"curies":[{"name":"wp","href":"https:\/\/api.w.org\/{rel}","templated":true}]}}