{"id":7302,"date":"2024-05-01T15:15:52","date_gmt":"2024-05-01T13:15:52","guid":{"rendered":"https:\/\/gadmuisne.gob.ec\/web\/?p=7302"},"modified":"2024-05-01T15:17:59","modified_gmt":"2024-05-01T13:17:59","slug":"actividades-ludicas-revitalizan-el-animo-de-los-adultos-mayores-en-la-villa-municipal-2","status":"publish","type":"post","link":"https:\/\/gadmuisne.gob.ec\/web\/actividades-ludicas-revitalizan-el-animo-de-los-adultos-mayores-en-la-villa-municipal-2\/","title":{"rendered":"Actividades l\u00fadicas revitalizan el \u00e1nimo de los adultos mayores en la Villa Municipal"},"content":{"rendered":"<div class=\"xdj266r x11i5rnm xat24cr x1mh8g0r x1vvkbs x126k92a\">\n<div dir=\"auto\" style=\"text-align: justify;\">La Villa Municipal es el escenario perfecto para un d\u00eda lleno de energ\u00eda y sonrisas, donde nuestros queridos adultos mayores disfrutaron de una jornada repleta de actividades l\u00fadicas.<\/div>\n<\/div>\n<div class=\"x11i5rnm xat24cr x1mh8g0r x1vvkbs xtlvy1s x126k92a\">\n<div dir=\"auto\" style=\"text-align: justify;\">Organizado por la Direcci\u00f3n de Desarrollo Econ\u00f3mico y Productivo del Municipio, en colaboraci\u00f3n con las promotoras del convenio del MI\u0118S, se ofreci\u00f3 una experiencia inolvidable.<\/div>\n<div dir=\"auto\"><\/div>\n<div dir=\"auto\">https:\/\/www.facebook.com\/MunicipioMuisne\/videos\/1184656609559044<\/div>\n<div dir=\"auto\"><img loading=\"lazy\" decoding=\"async\" class=\"alignnone size-medium wp-image-7117\" src=\"https:\/\/gadmuisne.gob.ec\/web\/wp-content\/uploads\/2024\/04\/438789678_336991196065106_5817270469799107334_n-300x225.jpg\" alt=\"\" width=\"300\" height=\"225\" srcset=\"https:\/\/gadmuisne.gob.ec\/web\/wp-content\/uploads\/2024\/04\/438789678_336991196065106_5817270469799107334_n-300x225.jpg 300w, https:\/\/gadmuisne.gob.ec\/web\/wp-content\/uploads\/2024\/04\/438789678_336991196065106_5817270469799107334_n-1024x768.jpg 1024w, https:\/\/gadmuisne.gob.ec\/web\/wp-content\/uploads\/2024\/04\/438789678_336991196065106_5817270469799107334_n-768x576.jpg 768w, https:\/\/gadmuisne.gob.ec\/web\/wp-content\/uploads\/2024\/04\/438789678_336991196065106_5817270469799107334_n-1536x1152.jpg 1536w, https:\/\/gadmuisne.gob.ec\/web\/wp-content\/uploads\/2024\/04\/438789678_336991196065106_5817270469799107334_n-270x203.jpg 270w, https:\/\/gadmuisne.gob.ec\/web\/wp-content\/uploads\/2024\/04\/438789678_336991196065106_5817270469799107334_n-370x278.jpg 370w, https:\/\/gadmuisne.gob.ec\/web\/wp-content\/uploads\/2024\/04\/438789678_336991196065106_5817270469799107334_n-570x428.jpg 570w, https:\/\/gadmuisne.gob.ec\/web\/wp-content\/uploads\/2024\/04\/438789678_336991196065106_5817270469799107334_n-770x578.jpg 770w, https:\/\/gadmuisne.gob.ec\/web\/wp-content\/uploads\/2024\/04\/438789678_336991196065106_5817270469799107334_n-870x653.jpg 870w, https:\/\/gadmuisne.gob.ec\/web\/wp-content\/uploads\/2024\/04\/438789678_336991196065106_5817270469799107334_n-1170x878.jpg 1170w, https:\/\/gadmuisne.gob.ec\/web\/wp-content\/uploads\/2024\/04\/438789678_336991196065106_5817270469799107334_n-1570x1178.jpg 1570w, https:\/\/gadmuisne.gob.ec\/web\/wp-content\/uploads\/2024\/04\/438789678_336991196065106_5817270469799107334_n.jpg 2048w\" sizes=\"auto, (max-width: 300px) 100vw, 300px\" \/><\/div>\n<\/div>\n","protected":false},"excerpt":{"rendered":"<p>La Villa Municipal es el escenario perfecto para un d\u00eda lleno de energ\u00eda y sonrisas, donde nuestros queridos adultos mayores disfrutaron de una jornada repleta de actividades l\u00fadicas. Organizado por la Direcci\u00f3n de Desarrollo Econ\u00f3mico y Productivo del Municipio, en colaboraci\u00f3n con las promotoras del convenio del MI\u0118S, se ofreci\u00f3&#8230;<\/p>\n","protected":false},"author":1,"featured_media":7119,"comment_status":"closed","ping_status":"open","sticky":false,"template":"","format":"standard","meta":{"footnotes":""},"categories":[35],"tags":[],"class_list":["post-7302","post","type-post","status-publish","format-standard","has-post-thumbnail","hentry","category-actividades"],"_links":{"self":[{"href":"https:\/\/gadmuisne.gob.ec\/web\/wp-json\/wp\/v2\/posts\/7302","targetHints":{"allow":["GET"]}}],"collection":[{"href":"https:\/\/gadmuisne.gob.ec\/web\/wp-json\/wp\/v2\/posts"}],"about":[{"href":"https:\/\/gadmuisne.gob.ec\/web\/wp-json\/wp\/v2\/types\/post"}],"author":[{"embeddable":true,"href":"https:\/\/gadmuisne.gob.ec\/web\/wp-json\/wp\/v2\/users\/1"}],"replies":[{"embeddable":true,"href":"https:\/\/gadmuisne.gob.ec\/web\/wp-json\/wp\/v2\/comments?post=7302"}],"version-history":[{"count":2,"href":"https:\/\/gadmuisne.gob.ec\/web\/wp-json\/wp\/v2\/posts\/7302\/revisions"}],"predecessor-version":[{"id":7305,"href":"https:\/\/gadmuisne.gob.ec\/web\/wp-json\/wp\/v2\/posts\/7302\/revisions\/7305"}],"wp:featuredmedia":[{"embeddable":true,"href":"https:\/\/gadmuisne.gob.ec\/web\/wp-json\/wp\/v2\/media\/7119"}],"wp:attachment":[{"href":"https:\/\/gadmuisne.gob.ec\/web\/wp-json\/wp\/v2\/media?parent=7302"}],"wp:term":[{"taxonomy":"category","embeddable":true,"href":"https:\/\/gadmuisne.gob.ec\/web\/wp-json\/wp\/v2\/categories?post=7302"},{"taxonomy":"post_tag","embeddable":true,"href":"https:\/\/gadmuisne.gob.ec\/web\/wp-json\/wp\/v2\/tags?post=7302"}],"curies":[{"name":"wp","href":"https:\/\/api.w.org\/{rel}","templated":true}]}}