{"id":7306,"date":"2024-05-01T16:20:47","date_gmt":"2024-05-01T14:20:47","guid":{"rendered":"https:\/\/gadmuisne.gob.ec\/web\/?p=7306"},"modified":"2024-05-01T18:55:41","modified_gmt":"2024-05-01T16:55:41","slug":"7306-2","status":"publish","type":"post","link":"https:\/\/gadmuisne.gob.ec\/web\/7306-2\/","title":{"rendered":"Queridos ciudadanos y trabajadores de Muisne"},"content":{"rendered":"<div class=\"xdj266r x11i5rnm xat24cr x1mh8g0r x1vvkbs x126k92a\">\n<div dir=\"auto\" style=\"text-align: justify;\">Hoy, en el D\u00eda Internacional del Trabajo, me llena de orgullo dirigirme a ustedes, los verdaderos motores de nuestra querida comunidad. Este d\u00eda es una oportunidad para reconocer y valorar su incansable esfuerzo y dedicaci\u00f3n. Cada d\u00eda, con su trabajo, construyen no solo el presente sino tambi\u00e9n el futuro pr\u00f3spero de Muisne.<\/div>\n<div dir=\"auto\"><\/div>\n<\/div>\n<div class=\"x11i5rnm xat24cr x1mh8g0r x1vvkbs xtlvy1s x126k92a\" style=\"text-align: justify;\">\n<div dir=\"auto\">Aprovecho esta ocasi\u00f3n especial para reafirmar mi compromiso como su alcaldesa de seguir trabajando incansablemente por mejores condiciones laborales y por el desarrollo de proyectos que mejoren la calidad de vida de cada uno de ustedes y de sus familias.<\/div>\n<\/div>\n<div class=\"x11i5rnm xat24cr x1mh8g0r x1vvkbs xtlvy1s x126k92a\" style=\"text-align: justify;\">\n<div dir=\"auto\">Juntos, en uni\u00f3n y con esfuerzo, seguimos adelante, construyendo el Muisne que so\u00f1amos.<\/div>\n<div dir=\"auto\"><\/div>\n<div dir=\"auto\">\u00a1Feliz D\u00eda Internacional del Trabajo!<\/div>\n<\/div>\n<div class=\"x11i5rnm xat24cr x1mh8g0r x1vvkbs xtlvy1s x126k92a\" style=\"text-align: justify;\">\n<div dir=\"auto\">Con respeto y admiraci\u00f3n,<\/div>\n<\/div>\n<div class=\"x11i5rnm xat24cr x1mh8g0r x1vvkbs xtlvy1s x126k92a\">\n<div dir=\"auto\" style=\"text-align: justify;\">Ing. Yuri Colorado M\u00e1rquez<\/div>\n<div dir=\"auto\" style=\"text-align: justify;\">Alcaldesa de Muisne<\/div>\n<div dir=\"auto\"><img loading=\"lazy\" decoding=\"async\" class=\"alignnone size-medium wp-image-7307\" src=\"https:\/\/gadmuisne.gob.ec\/web\/wp-content\/uploads\/2024\/05\/440576237_340942909003268_664436956759451534_n-240x300.jpg\" alt=\"\" width=\"240\" height=\"300\" srcset=\"https:\/\/gadmuisne.gob.ec\/web\/wp-content\/uploads\/2024\/05\/440576237_340942909003268_664436956759451534_n-240x300.jpg 240w, https:\/\/gadmuisne.gob.ec\/web\/wp-content\/uploads\/2024\/05\/440576237_340942909003268_664436956759451534_n-270x338.jpg 270w, https:\/\/gadmuisne.gob.ec\/web\/wp-content\/uploads\/2024\/05\/440576237_340942909003268_664436956759451534_n-370x463.jpg 370w, https:\/\/gadmuisne.gob.ec\/web\/wp-content\/uploads\/2024\/05\/440576237_340942909003268_664436956759451534_n.jpg 512w\" sizes=\"auto, (max-width: 240px) 100vw, 240px\" \/><\/div>\n<\/div>\n","protected":false},"excerpt":{"rendered":"<p>Hoy, en el D\u00eda Internacional del Trabajo, me llena de orgullo dirigirme a ustedes, los verdaderos motores de nuestra querida comunidad. Este d\u00eda es una oportunidad para reconocer y valorar su incansable esfuerzo y dedicaci\u00f3n. Cada d\u00eda, con su trabajo, construyen no solo el presente sino tambi\u00e9n el futuro pr\u00f3spero&#8230;<\/p>\n","protected":false},"author":1,"featured_media":7307,"comment_status":"closed","ping_status":"open","sticky":false,"template":"","format":"standard","meta":{"footnotes":""},"categories":[35],"tags":[],"class_list":["post-7306","post","type-post","status-publish","format-standard","has-post-thumbnail","hentry","category-actividades"],"_links":{"self":[{"href":"https:\/\/gadmuisne.gob.ec\/web\/wp-json\/wp\/v2\/posts\/7306","targetHints":{"allow":["GET"]}}],"collection":[{"href":"https:\/\/gadmuisne.gob.ec\/web\/wp-json\/wp\/v2\/posts"}],"about":[{"href":"https:\/\/gadmuisne.gob.ec\/web\/wp-json\/wp\/v2\/types\/post"}],"author":[{"embeddable":true,"href":"https:\/\/gadmuisne.gob.ec\/web\/wp-json\/wp\/v2\/users\/1"}],"replies":[{"embeddable":true,"href":"https:\/\/gadmuisne.gob.ec\/web\/wp-json\/wp\/v2\/comments?post=7306"}],"version-history":[{"count":2,"href":"https:\/\/gadmuisne.gob.ec\/web\/wp-json\/wp\/v2\/posts\/7306\/revisions"}],"predecessor-version":[{"id":7309,"href":"https:\/\/gadmuisne.gob.ec\/web\/wp-json\/wp\/v2\/posts\/7306\/revisions\/7309"}],"wp:featuredmedia":[{"embeddable":true,"href":"https:\/\/gadmuisne.gob.ec\/web\/wp-json\/wp\/v2\/media\/7307"}],"wp:attachment":[{"href":"https:\/\/gadmuisne.gob.ec\/web\/wp-json\/wp\/v2\/media?parent=7306"}],"wp:term":[{"taxonomy":"category","embeddable":true,"href":"https:\/\/gadmuisne.gob.ec\/web\/wp-json\/wp\/v2\/categories?post=7306"},{"taxonomy":"post_tag","embeddable":true,"href":"https:\/\/gadmuisne.gob.ec\/web\/wp-json\/wp\/v2\/tags?post=7306"}],"curies":[{"name":"wp","href":"https:\/\/api.w.org\/{rel}","templated":true}]}}