{"id":7310,"date":"2024-05-01T18:58:26","date_gmt":"2024-05-01T16:58:26","guid":{"rendered":"https:\/\/gadmuisne.gob.ec\/web\/?p=7310"},"modified":"2024-05-01T19:00:40","modified_gmt":"2024-05-01T17:00:40","slug":"transformacion-en-marcha-renovacion-vial-en-muisne-con-18-maquinas-en-accion","status":"publish","type":"post","link":"https:\/\/gadmuisne.gob.ec\/web\/transformacion-en-marcha-renovacion-vial-en-muisne-con-18-maquinas-en-accion\/","title":{"rendered":"Transformaci\u00f3n en marcha: Renovaci\u00f3n vial en Muisne con 18 m\u00e1quinas en acci\u00f3n"},"content":{"rendered":"<div class=\"xdj266r x11i5rnm xat24cr x1mh8g0r x1vvkbs x126k92a\">\n<div dir=\"auto\" style=\"text-align: justify;\">Durante el \u00faltimo fin de semana, \u00a0un total de 18 m\u00e1quinas con sus respectivos operadores trabajaron arduamente en la isla de Muisne para mejorar sus 27 calles, llevando material de lastre y cascote.<\/div>\n<div dir=\"auto\" style=\"text-align: justify;\"><\/div>\n<\/div>\n<div class=\"x11i5rnm xat24cr x1mh8g0r x1vvkbs xtlvy1s x126k92a\" style=\"text-align: justify;\">\n<div dir=\"auto\">Entre las maquinarias utilizadas se incluyeron once volquetes, una motoniveladora, una excavadora y una gallineta, todas partes esenciales del esfuerzo por mejorar los accesos y elevar la calidad de vida de los residentes de Muisne.<\/div>\n<\/div>\n<div class=\"x11i5rnm xat24cr x1mh8g0r x1vvkbs xtlvy1s x126k92a\" style=\"text-align: justify;\">\n<div dir=\"auto\">Este proceso involucra la aplicaci\u00f3n de material de lastre en las calles, las cuales finalmente quedar\u00e1n niveladas de acuerdo con lo establecido en el convenio con la Prefectura de Esmeraldas.<\/div>\n<div dir=\"auto\"><\/div>\n<\/div>\n<div class=\"x11i5rnm xat24cr x1mh8g0r x1vvkbs xtlvy1s x126k92a\" style=\"text-align: justify;\">\n<div dir=\"auto\">La inversi\u00f3n realizada para esta intervenci\u00f3n supera los USD 500 mil d\u00f3lares, gracias al acuerdo bipartito entre la Alcald\u00eda de Muisne y la Prefectura de Esmeraldas.<\/div>\n<div dir=\"auto\"><\/div>\n<\/div>\n<div class=\"x11i5rnm xat24cr x1mh8g0r x1vvkbs xtlvy1s x126k92a\">\n<div dir=\"auto\" style=\"text-align: justify;\">Este esfuerzo por mejorar las v\u00edas refleja el compromiso y la visi\u00f3n de progreso de la alcaldesa Yuri Colorado M\u00e1rquez, quien contin\u00faa trabajando incansablemente para gestionar un futuro mejor para la comunidad.<\/div>\n<\/div>\n<div dir=\"auto\"><\/div>\n<div dir=\"auto\"><img loading=\"lazy\" decoding=\"async\" class=\"alignnone size-medium wp-image-7047\" src=\"https:\/\/gadmuisne.gob.ec\/web\/wp-content\/uploads\/2024\/04\/439441897_336341942796698_6586573088925285226_n-300x200.jpg\" alt=\"\" width=\"300\" height=\"200\" srcset=\"https:\/\/gadmuisne.gob.ec\/web\/wp-content\/uploads\/2024\/04\/439441897_336341942796698_6586573088925285226_n-300x200.jpg 300w, https:\/\/gadmuisne.gob.ec\/web\/wp-content\/uploads\/2024\/04\/439441897_336341942796698_6586573088925285226_n-1024x682.jpg 1024w, https:\/\/gadmuisne.gob.ec\/web\/wp-content\/uploads\/2024\/04\/439441897_336341942796698_6586573088925285226_n-768x512.jpg 768w, https:\/\/gadmuisne.gob.ec\/web\/wp-content\/uploads\/2024\/04\/439441897_336341942796698_6586573088925285226_n-1536x1023.jpg 1536w, https:\/\/gadmuisne.gob.ec\/web\/wp-content\/uploads\/2024\/04\/439441897_336341942796698_6586573088925285226_n-270x180.jpg 270w, https:\/\/gadmuisne.gob.ec\/web\/wp-content\/uploads\/2024\/04\/439441897_336341942796698_6586573088925285226_n-370x247.jpg 370w, https:\/\/gadmuisne.gob.ec\/web\/wp-content\/uploads\/2024\/04\/439441897_336341942796698_6586573088925285226_n-570x380.jpg 570w, https:\/\/gadmuisne.gob.ec\/web\/wp-content\/uploads\/2024\/04\/439441897_336341942796698_6586573088925285226_n-770x513.jpg 770w, https:\/\/gadmuisne.gob.ec\/web\/wp-content\/uploads\/2024\/04\/439441897_336341942796698_6586573088925285226_n-870x580.jpg 870w, https:\/\/gadmuisne.gob.ec\/web\/wp-content\/uploads\/2024\/04\/439441897_336341942796698_6586573088925285226_n-1170x780.jpg 1170w, https:\/\/gadmuisne.gob.ec\/web\/wp-content\/uploads\/2024\/04\/439441897_336341942796698_6586573088925285226_n-1570x1046.jpg 1570w, https:\/\/gadmuisne.gob.ec\/web\/wp-content\/uploads\/2024\/04\/439441897_336341942796698_6586573088925285226_n.jpg 1600w\" sizes=\"auto, (max-width: 300px) 100vw, 300px\" \/><\/div>\n","protected":false},"excerpt":{"rendered":"<p>Durante el \u00faltimo fin de semana, \u00a0un total de 18 m\u00e1quinas con sus respectivos operadores trabajaron arduamente en la isla de Muisne para mejorar sus 27 calles, llevando material de lastre y cascote. Entre las maquinarias utilizadas se incluyeron once volquetes, una motoniveladora, una excavadora y una gallineta, todas partes&#8230;<\/p>\n","protected":false},"author":1,"featured_media":7311,"comment_status":"closed","ping_status":"open","sticky":false,"template":"","format":"standard","meta":{"footnotes":""},"categories":[35],"tags":[],"class_list":["post-7310","post","type-post","status-publish","format-standard","has-post-thumbnail","hentry","category-actividades"],"_links":{"self":[{"href":"https:\/\/gadmuisne.gob.ec\/web\/wp-json\/wp\/v2\/posts\/7310","targetHints":{"allow":["GET"]}}],"collection":[{"href":"https:\/\/gadmuisne.gob.ec\/web\/wp-json\/wp\/v2\/posts"}],"about":[{"href":"https:\/\/gadmuisne.gob.ec\/web\/wp-json\/wp\/v2\/types\/post"}],"author":[{"embeddable":true,"href":"https:\/\/gadmuisne.gob.ec\/web\/wp-json\/wp\/v2\/users\/1"}],"replies":[{"embeddable":true,"href":"https:\/\/gadmuisne.gob.ec\/web\/wp-json\/wp\/v2\/comments?post=7310"}],"version-history":[{"count":3,"href":"https:\/\/gadmuisne.gob.ec\/web\/wp-json\/wp\/v2\/posts\/7310\/revisions"}],"predecessor-version":[{"id":7315,"href":"https:\/\/gadmuisne.gob.ec\/web\/wp-json\/wp\/v2\/posts\/7310\/revisions\/7315"}],"wp:featuredmedia":[{"embeddable":true,"href":"https:\/\/gadmuisne.gob.ec\/web\/wp-json\/wp\/v2\/media\/7311"}],"wp:attachment":[{"href":"https:\/\/gadmuisne.gob.ec\/web\/wp-json\/wp\/v2\/media?parent=7310"}],"wp:term":[{"taxonomy":"category","embeddable":true,"href":"https:\/\/gadmuisne.gob.ec\/web\/wp-json\/wp\/v2\/categories?post=7310"},{"taxonomy":"post_tag","embeddable":true,"href":"https:\/\/gadmuisne.gob.ec\/web\/wp-json\/wp\/v2\/tags?post=7310"}],"curies":[{"name":"wp","href":"https:\/\/api.w.org\/{rel}","templated":true}]}}