{"id":7324,"date":"2024-05-01T22:28:03","date_gmt":"2024-05-01T20:28:03","guid":{"rendered":"https:\/\/gadmuisne.gob.ec\/web\/?p=7324"},"modified":"2024-05-02T00:07:08","modified_gmt":"2024-05-01T22:07:08","slug":"brigada-medica-en-galera","status":"publish","type":"post","link":"https:\/\/gadmuisne.gob.ec\/web\/brigada-medica-en-galera\/","title":{"rendered":"Brigada m\u00e9dica en Galera"},"content":{"rendered":"<div class=\"xdj266r x11i5rnm xat24cr x1mh8g0r x1vvkbs x126k92a\">\n<div dir=\"auto\" style=\"text-align: justify;\"><span class=\"x3nfvp2 x1j61x8r x1fcty0u xdj266r xhhsvwb xat24cr xgzva0m xxymvpz xlup9mm x1kky2od\">Este jueves 2 de mayo, en la Parroquia Galera, se realizar\u00e1 la brigada m\u00e9dica gratuita con atenci\u00f3n en medicina general y odontolog\u00eda <span class=\"x3nfvp2 x1j61x8r x1fcty0u xdj266r xhhsvwb xat24cr xgzva0m xxymvpz xlup9mm x1kky2od\"><img loading=\"lazy\" decoding=\"async\" class=\"xz74otr\" src=\"https:\/\/static.xx.fbcdn.net\/images\/emoji.php\/v9\/t26\/1\/16\/1f9b7.png\" alt=\"\ud83e\uddb7\" width=\"16\" height=\"16\" \/><\/span>, con la participaci\u00f3n de representantes de la Alcald\u00eda de Muisne, Ministerio de Salud P\u00fablica (MSP), Ministerio de Agricultura y Ganader\u00eda (MAG) y Ministerio de Inclusi\u00f3n Econ\u00f3mica y Social (MIES).<\/span><\/div>\n<div dir=\"auto\"><img loading=\"lazy\" decoding=\"async\" class=\"alignnone size-medium wp-image-7325\" src=\"https:\/\/gadmuisne.gob.ec\/web\/wp-content\/uploads\/2024\/05\/441355535_341125435651682_2742114873431460915_n-227x300.jpg\" alt=\"\" width=\"227\" height=\"300\" srcset=\"https:\/\/gadmuisne.gob.ec\/web\/wp-content\/uploads\/2024\/05\/441355535_341125435651682_2742114873431460915_n-227x300.jpg 227w, https:\/\/gadmuisne.gob.ec\/web\/wp-content\/uploads\/2024\/05\/441355535_341125435651682_2742114873431460915_n-774x1024.jpg 774w, https:\/\/gadmuisne.gob.ec\/web\/wp-content\/uploads\/2024\/05\/441355535_341125435651682_2742114873431460915_n-768x1017.jpg 768w, https:\/\/gadmuisne.gob.ec\/web\/wp-content\/uploads\/2024\/05\/441355535_341125435651682_2742114873431460915_n-270x357.jpg 270w, https:\/\/gadmuisne.gob.ec\/web\/wp-content\/uploads\/2024\/05\/441355535_341125435651682_2742114873431460915_n-370x490.jpg 370w, https:\/\/gadmuisne.gob.ec\/web\/wp-content\/uploads\/2024\/05\/441355535_341125435651682_2742114873431460915_n-570x754.jpg 570w, https:\/\/gadmuisne.gob.ec\/web\/wp-content\/uploads\/2024\/05\/441355535_341125435651682_2742114873431460915_n-770x1019.jpg 770w, https:\/\/gadmuisne.gob.ec\/web\/wp-content\/uploads\/2024\/05\/441355535_341125435651682_2742114873431460915_n-870x1152.jpg 870w, https:\/\/gadmuisne.gob.ec\/web\/wp-content\/uploads\/2024\/05\/441355535_341125435651682_2742114873431460915_n.jpg 967w\" sizes=\"auto, (max-width: 227px) 100vw, 227px\" \/><\/div>\n<\/div>\n","protected":false},"excerpt":{"rendered":"<p>Este jueves 2 de mayo, en la Parroquia Galera, se realizar\u00e1 la brigada m\u00e9dica gratuita con atenci\u00f3n en medicina general y odontolog\u00eda , con la participaci\u00f3n de representantes de la Alcald\u00eda de Muisne, Ministerio de Salud P\u00fablica (MSP), Ministerio de Agricultura y Ganader\u00eda (MAG) y Ministerio de Inclusi\u00f3n Econ\u00f3mica y&#8230;<\/p>\n","protected":false},"author":1,"featured_media":7325,"comment_status":"closed","ping_status":"open","sticky":false,"template":"","format":"standard","meta":{"footnotes":""},"categories":[35],"tags":[],"class_list":["post-7324","post","type-post","status-publish","format-standard","has-post-thumbnail","hentry","category-actividades"],"_links":{"self":[{"href":"https:\/\/gadmuisne.gob.ec\/web\/wp-json\/wp\/v2\/posts\/7324","targetHints":{"allow":["GET"]}}],"collection":[{"href":"https:\/\/gadmuisne.gob.ec\/web\/wp-json\/wp\/v2\/posts"}],"about":[{"href":"https:\/\/gadmuisne.gob.ec\/web\/wp-json\/wp\/v2\/types\/post"}],"author":[{"embeddable":true,"href":"https:\/\/gadmuisne.gob.ec\/web\/wp-json\/wp\/v2\/users\/1"}],"replies":[{"embeddable":true,"href":"https:\/\/gadmuisne.gob.ec\/web\/wp-json\/wp\/v2\/comments?post=7324"}],"version-history":[{"count":1,"href":"https:\/\/gadmuisne.gob.ec\/web\/wp-json\/wp\/v2\/posts\/7324\/revisions"}],"predecessor-version":[{"id":7326,"href":"https:\/\/gadmuisne.gob.ec\/web\/wp-json\/wp\/v2\/posts\/7324\/revisions\/7326"}],"wp:featuredmedia":[{"embeddable":true,"href":"https:\/\/gadmuisne.gob.ec\/web\/wp-json\/wp\/v2\/media\/7325"}],"wp:attachment":[{"href":"https:\/\/gadmuisne.gob.ec\/web\/wp-json\/wp\/v2\/media?parent=7324"}],"wp:term":[{"taxonomy":"category","embeddable":true,"href":"https:\/\/gadmuisne.gob.ec\/web\/wp-json\/wp\/v2\/categories?post=7324"},{"taxonomy":"post_tag","embeddable":true,"href":"https:\/\/gadmuisne.gob.ec\/web\/wp-json\/wp\/v2\/tags?post=7324"}],"curies":[{"name":"wp","href":"https:\/\/api.w.org\/{rel}","templated":true}]}}