{"id":7339,"date":"2024-05-02T15:27:09","date_gmt":"2024-05-02T13:27:09","guid":{"rendered":"https:\/\/gadmuisne.gob.ec\/web\/?p=7339"},"modified":"2024-05-07T17:26:01","modified_gmt":"2024-05-07T15:26:01","slug":"un-total-de-18-maquinas-trabajaron-el-ultimo-fin-de-semana","status":"publish","type":"post","link":"https:\/\/gadmuisne.gob.ec\/web\/un-total-de-18-maquinas-trabajaron-el-ultimo-fin-de-semana\/","title":{"rendered":"Un total de 18 m\u00e1quinas trabajaron el ultimo fin de semana"},"content":{"rendered":"<div class=\"xdj266r x11i5rnm xat24cr x1mh8g0r x1vvkbs x126k92a\">\n<div dir=\"auto\" style=\"text-align: justify;\">Un total de 18 m\u00e1quinas, incluidos 11 volquetes, fueron utilizados para trasladar material de lastre que est\u00e1 siendo colocado en las 27 calles de la isla de Muisne, como parte de la intervenci\u00f3n vial mediante convenio con la Prefectura de Esmeraldas.<\/div>\n<div dir=\"auto\"><\/div>\n<\/div>\n<div class=\"x11i5rnm xat24cr x1mh8g0r x1vvkbs xtlvy1s x126k92a\">\n<div dir=\"auto\" style=\"text-align: justify;\">Este es un esfuerzo sobrehumano de la alcaldesa y su equipo de trabajo para que los habitantes de la isla tengan calles en mejores condiciones, una demanda que data desde hace 66 a\u00f1os y que en la presente administraci\u00f3n liderada por la alcaldesa Yuri Colorado M\u00e1rquez, se hace realidad.<\/div>\n<\/div>\n<div dir=\"auto\"><\/div>\n<div dir=\"auto\">Mira un video completo con mas detalles: <a href=\"https:\/\/www.facebook.com\/MunicipioMuisne\/videos\/421610170609657\">https:\/\/www.facebook.com\/MunicipioMuisne\/videos\/421610170609657<\/a><\/div>\n<div class=\"x11i5rnm xat24cr x1mh8g0r x1vvkbs xtlvy1s x126k92a\">\n<div dir=\"auto\"><img loading=\"lazy\" decoding=\"async\" class=\"alignnone size-medium wp-image-7047\" src=\"https:\/\/gadmuisne.gob.ec\/web\/wp-content\/uploads\/2024\/04\/439441897_336341942796698_6586573088925285226_n-300x200.jpg\" alt=\"\" width=\"300\" height=\"200\" srcset=\"https:\/\/gadmuisne.gob.ec\/web\/wp-content\/uploads\/2024\/04\/439441897_336341942796698_6586573088925285226_n-300x200.jpg 300w, https:\/\/gadmuisne.gob.ec\/web\/wp-content\/uploads\/2024\/04\/439441897_336341942796698_6586573088925285226_n-1024x682.jpg 1024w, https:\/\/gadmuisne.gob.ec\/web\/wp-content\/uploads\/2024\/04\/439441897_336341942796698_6586573088925285226_n-768x512.jpg 768w, https:\/\/gadmuisne.gob.ec\/web\/wp-content\/uploads\/2024\/04\/439441897_336341942796698_6586573088925285226_n-1536x1023.jpg 1536w, https:\/\/gadmuisne.gob.ec\/web\/wp-content\/uploads\/2024\/04\/439441897_336341942796698_6586573088925285226_n-270x180.jpg 270w, https:\/\/gadmuisne.gob.ec\/web\/wp-content\/uploads\/2024\/04\/439441897_336341942796698_6586573088925285226_n-370x247.jpg 370w, https:\/\/gadmuisne.gob.ec\/web\/wp-content\/uploads\/2024\/04\/439441897_336341942796698_6586573088925285226_n-570x380.jpg 570w, https:\/\/gadmuisne.gob.ec\/web\/wp-content\/uploads\/2024\/04\/439441897_336341942796698_6586573088925285226_n-770x513.jpg 770w, https:\/\/gadmuisne.gob.ec\/web\/wp-content\/uploads\/2024\/04\/439441897_336341942796698_6586573088925285226_n-870x580.jpg 870w, https:\/\/gadmuisne.gob.ec\/web\/wp-content\/uploads\/2024\/04\/439441897_336341942796698_6586573088925285226_n-1170x780.jpg 1170w, https:\/\/gadmuisne.gob.ec\/web\/wp-content\/uploads\/2024\/04\/439441897_336341942796698_6586573088925285226_n-1570x1046.jpg 1570w, https:\/\/gadmuisne.gob.ec\/web\/wp-content\/uploads\/2024\/04\/439441897_336341942796698_6586573088925285226_n.jpg 1600w\" sizes=\"auto, (max-width: 300px) 100vw, 300px\" \/><\/div>\n<\/div>\n","protected":false},"excerpt":{"rendered":"<p>Un total de 18 m\u00e1quinas, incluidos 11 volquetes, fueron utilizados para trasladar material de lastre que est\u00e1 siendo colocado en las 27 calles de la isla de Muisne, como parte de la intervenci\u00f3n vial mediante convenio con la Prefectura de Esmeraldas. Este es un esfuerzo sobrehumano de la alcaldesa y&#8230;<\/p>\n","protected":false},"author":1,"featured_media":7311,"comment_status":"closed","ping_status":"open","sticky":false,"template":"","format":"standard","meta":{"footnotes":""},"categories":[35],"tags":[],"class_list":["post-7339","post","type-post","status-publish","format-standard","has-post-thumbnail","hentry","category-actividades"],"_links":{"self":[{"href":"https:\/\/gadmuisne.gob.ec\/web\/wp-json\/wp\/v2\/posts\/7339","targetHints":{"allow":["GET"]}}],"collection":[{"href":"https:\/\/gadmuisne.gob.ec\/web\/wp-json\/wp\/v2\/posts"}],"about":[{"href":"https:\/\/gadmuisne.gob.ec\/web\/wp-json\/wp\/v2\/types\/post"}],"author":[{"embeddable":true,"href":"https:\/\/gadmuisne.gob.ec\/web\/wp-json\/wp\/v2\/users\/1"}],"replies":[{"embeddable":true,"href":"https:\/\/gadmuisne.gob.ec\/web\/wp-json\/wp\/v2\/comments?post=7339"}],"version-history":[{"count":2,"href":"https:\/\/gadmuisne.gob.ec\/web\/wp-json\/wp\/v2\/posts\/7339\/revisions"}],"predecessor-version":[{"id":7534,"href":"https:\/\/gadmuisne.gob.ec\/web\/wp-json\/wp\/v2\/posts\/7339\/revisions\/7534"}],"wp:featuredmedia":[{"embeddable":true,"href":"https:\/\/gadmuisne.gob.ec\/web\/wp-json\/wp\/v2\/media\/7311"}],"wp:attachment":[{"href":"https:\/\/gadmuisne.gob.ec\/web\/wp-json\/wp\/v2\/media?parent=7339"}],"wp:term":[{"taxonomy":"category","embeddable":true,"href":"https:\/\/gadmuisne.gob.ec\/web\/wp-json\/wp\/v2\/categories?post=7339"},{"taxonomy":"post_tag","embeddable":true,"href":"https:\/\/gadmuisne.gob.ec\/web\/wp-json\/wp\/v2\/tags?post=7339"}],"curies":[{"name":"wp","href":"https:\/\/api.w.org\/{rel}","templated":true}]}}