{"id":7358,"date":"2024-05-02T22:15:05","date_gmt":"2024-05-02T20:15:05","guid":{"rendered":"https:\/\/gadmuisne.gob.ec\/web\/?p=7358"},"modified":"2024-05-03T00:15:02","modified_gmt":"2024-05-02T22:15:02","slug":"7358-2","status":"publish","type":"post","link":"https:\/\/gadmuisne.gob.ec\/web\/7358-2\/","title":{"rendered":"Gran Feria Gastron\u00f3mica y Productiva"},"content":{"rendered":"<div dir=\"auto\" style=\"text-align: justify;\">\u00a1No te pierdas este evento!<\/div>\n<div dir=\"auto\" style=\"text-align: justify;\">La Alcald\u00eda de Muisne y la Parroquia Bol\u00edvar te invitan a disfrutar de una espectacular feria artesanal, productiva y gastron\u00f3mica este s\u00e1bado 04 de mayo.<\/div>\n<div dir=\"auto\"><\/div>\n<div dir=\"auto\" style=\"text-align: justify;\">Ven a deleitarte con los mejores sabores de la culinaria ancestral, descubre finas artesan\u00edas y explora lo mejor de la producci\u00f3n local, rica en recursos pesqueros y deliciosos moluscos como la concha.<\/div>\n<div dir=\"auto\"><\/div>\n<div dir=\"auto\" style=\"text-align: justify;\">Ubicaci\u00f3n: Cabecera parroquial, v\u00eda hacia la playa<\/div>\n<div dir=\"auto\" style=\"text-align: justify;\">Hora: Desde las 10:00 AM<\/div>\n<div dir=\"auto\" style=\"text-align: justify;\">\u00a1Te esperamos para celebrar juntos el talento y la riqueza de nuestra regi\u00f3n!<\/div>\n<div dir=\"auto\" style=\"text-align: justify;\"><a class=\"x1i10hfl xjbqb8w x1ejq31n xd10rxx x1sy0etr x17r0tee x972fbf xcfux6l x1qhh985 xm0m39n x9f619 x1ypdohk xt0psk2 xe8uvvx xdj266r x11i5rnm xat24cr x1mh8g0r xexx8yu x4uap5 x18d9i69 xkhd6sd x16tdsg8 x1hl2dhg xggy1nq x1a2a7pz xt0b8zv x1fey0fg xo1l8bm\" tabindex=\"0\" role=\"link\" href=\"https:\/\/www.facebook.com\/hashtag\/feriagastron%C3%B3mivabol%C3%ADvar2024?__eep__=6&amp;__cft__[0]=AZU2oEN9zIwn7c5TKJTsle6_gG4WcHj0ihSnhwHbUpaexwqfmeRr1SIj3nOCIm_pfUFNtyXdZng8ZQ4W3lKUgNJv8zkv6wXis1c0VQDfaV3kvo2jU1GJwjVVhIg3cd5GIdcUkojrSeXjOgnOSf8D1moFStSkeCFL8pZhwes1nODekUCyRsCAJcJC5-zFZmjIjLW3cm2srrIY28OpiwfoTQvg&amp;__tn__=*NK-R\">#FeriaGastron\u00f3mivaBol\u00edvar2024<\/a><\/div>\n<div dir=\"auto\" style=\"text-align: justify;\"><a class=\"x1i10hfl xjbqb8w x1ejq31n xd10rxx x1sy0etr x17r0tee x972fbf xcfux6l x1qhh985 xm0m39n x9f619 x1ypdohk xt0psk2 xe8uvvx xdj266r x11i5rnm xat24cr x1mh8g0r xexx8yu x4uap5 x18d9i69 xkhd6sd x16tdsg8 x1hl2dhg xggy1nq x1a2a7pz xt0b8zv x1fey0fg xo1l8bm\" tabindex=\"0\" role=\"link\" href=\"https:\/\/www.facebook.com\/hashtag\/juntoslevantamosamuisne?__eep__=6&amp;__cft__[0]=AZU2oEN9zIwn7c5TKJTsle6_gG4WcHj0ihSnhwHbUpaexwqfmeRr1SIj3nOCIm_pfUFNtyXdZng8ZQ4W3lKUgNJv8zkv6wXis1c0VQDfaV3kvo2jU1GJwjVVhIg3cd5GIdcUkojrSeXjOgnOSf8D1moFStSkeCFL8pZhwes1nODekUCyRsCAJcJC5-zFZmjIjLW3cm2srrIY28OpiwfoTQvg&amp;__tn__=*NK-R\">#JuntosLevantamosaMuisne<\/a><\/div>\n<div dir=\"auto\"><\/div>\n<div dir=\"auto\"><a href=\"https:\/\/www.facebook.com\/MunicipioMuisne\/videos\/410820275072507\"><img loading=\"lazy\" decoding=\"async\" class=\"alignnone size-medium wp-image-7292\" src=\"https:\/\/gadmuisne.gob.ec\/web\/wp-content\/uploads\/2024\/04\/440607865_340293859068173_7175411670085827013_n-212x300.jpg\" alt=\"\" width=\"212\" height=\"300\" srcset=\"https:\/\/gadmuisne.gob.ec\/web\/wp-content\/uploads\/2024\/04\/440607865_340293859068173_7175411670085827013_n-212x300.jpg 212w, https:\/\/gadmuisne.gob.ec\/web\/wp-content\/uploads\/2024\/04\/440607865_340293859068173_7175411670085827013_n-724x1024.jpg 724w, https:\/\/gadmuisne.gob.ec\/web\/wp-content\/uploads\/2024\/04\/440607865_340293859068173_7175411670085827013_n-768x1086.jpg 768w, https:\/\/gadmuisne.gob.ec\/web\/wp-content\/uploads\/2024\/04\/440607865_340293859068173_7175411670085827013_n-1086x1536.jpg 1086w, https:\/\/gadmuisne.gob.ec\/web\/wp-content\/uploads\/2024\/04\/440607865_340293859068173_7175411670085827013_n-270x382.jpg 270w, https:\/\/gadmuisne.gob.ec\/web\/wp-content\/uploads\/2024\/04\/440607865_340293859068173_7175411670085827013_n-370x523.jpg 370w, https:\/\/gadmuisne.gob.ec\/web\/wp-content\/uploads\/2024\/04\/440607865_340293859068173_7175411670085827013_n-570x806.jpg 570w, https:\/\/gadmuisne.gob.ec\/web\/wp-content\/uploads\/2024\/04\/440607865_340293859068173_7175411670085827013_n-770x1089.jpg 770w, https:\/\/gadmuisne.gob.ec\/web\/wp-content\/uploads\/2024\/04\/440607865_340293859068173_7175411670085827013_n-870x1230.jpg 870w, https:\/\/gadmuisne.gob.ec\/web\/wp-content\/uploads\/2024\/04\/440607865_340293859068173_7175411670085827013_n-1170x1655.jpg 1170w, https:\/\/gadmuisne.gob.ec\/web\/wp-content\/uploads\/2024\/04\/440607865_340293859068173_7175411670085827013_n.jpg 1448w\" sizes=\"auto, (max-width: 212px) 100vw, 212px\" \/><\/a><\/div>\n<div dir=\"auto\"><\/div>\n","protected":false},"excerpt":{"rendered":"<p>\u00a1No te pierdas este evento! La Alcald\u00eda de Muisne y la Parroquia Bol\u00edvar te invitan a disfrutar de una espectacular feria artesanal, productiva y gastron\u00f3mica este s\u00e1bado 04 de mayo. Ven a deleitarte con los mejores sabores de la culinaria ancestral, descubre finas artesan\u00edas y explora lo mejor de la&#8230;<\/p>\n","protected":false},"author":1,"featured_media":7292,"comment_status":"closed","ping_status":"open","sticky":false,"template":"","format":"standard","meta":{"footnotes":""},"categories":[35],"tags":[],"class_list":["post-7358","post","type-post","status-publish","format-standard","has-post-thumbnail","hentry","category-actividades"],"_links":{"self":[{"href":"https:\/\/gadmuisne.gob.ec\/web\/wp-json\/wp\/v2\/posts\/7358","targetHints":{"allow":["GET"]}}],"collection":[{"href":"https:\/\/gadmuisne.gob.ec\/web\/wp-json\/wp\/v2\/posts"}],"about":[{"href":"https:\/\/gadmuisne.gob.ec\/web\/wp-json\/wp\/v2\/types\/post"}],"author":[{"embeddable":true,"href":"https:\/\/gadmuisne.gob.ec\/web\/wp-json\/wp\/v2\/users\/1"}],"replies":[{"embeddable":true,"href":"https:\/\/gadmuisne.gob.ec\/web\/wp-json\/wp\/v2\/comments?post=7358"}],"version-history":[{"count":2,"href":"https:\/\/gadmuisne.gob.ec\/web\/wp-json\/wp\/v2\/posts\/7358\/revisions"}],"predecessor-version":[{"id":7364,"href":"https:\/\/gadmuisne.gob.ec\/web\/wp-json\/wp\/v2\/posts\/7358\/revisions\/7364"}],"wp:featuredmedia":[{"embeddable":true,"href":"https:\/\/gadmuisne.gob.ec\/web\/wp-json\/wp\/v2\/media\/7292"}],"wp:attachment":[{"href":"https:\/\/gadmuisne.gob.ec\/web\/wp-json\/wp\/v2\/media?parent=7358"}],"wp:term":[{"taxonomy":"category","embeddable":true,"href":"https:\/\/gadmuisne.gob.ec\/web\/wp-json\/wp\/v2\/categories?post=7358"},{"taxonomy":"post_tag","embeddable":true,"href":"https:\/\/gadmuisne.gob.ec\/web\/wp-json\/wp\/v2\/tags?post=7358"}],"curies":[{"name":"wp","href":"https:\/\/api.w.org\/{rel}","templated":true}]}}