{"id":7360,"date":"2024-05-02T23:16:49","date_gmt":"2024-05-02T21:16:49","guid":{"rendered":"https:\/\/gadmuisne.gob.ec\/web\/?p=7360"},"modified":"2024-05-03T00:15:36","modified_gmt":"2024-05-02T22:15:36","slug":"7360-2","status":"publish","type":"post","link":"https:\/\/gadmuisne.gob.ec\/web\/7360-2\/","title":{"rendered":""},"content":{"rendered":"<div class=\"xdj266r x11i5rnm xat24cr x1mh8g0r x1vvkbs x126k92a\">\n<div dir=\"auto\" style=\"text-align: justify;\">En la \u00faltima reuni\u00f3n del Comit\u00e9 de Operaciones de Emergencia (COE) provincial, la alcaldesa Yuri Colorado M\u00e1rquez hizo un llamado urgente al Ministerio de Transporte y Obras P\u00fablicas (MTOP) para que intervenga de inmediato en la reparaci\u00f3n de la infraestructura vial da\u00f1ada en el cant\u00f3n de Muisne. Destac\u00f3 la cr\u00edtica situaci\u00f3n de 14 hundimientos y socavones que han dejado afectadas las principales v\u00edas del \u00e1rea.<\/div>\n<div dir=\"auto\" style=\"text-align: justify;\"><\/div>\n<\/div>\n<div class=\"x11i5rnm xat24cr x1mh8g0r x1vvkbs xtlvy1s x126k92a\" style=\"text-align: justify;\">\n<div dir=\"auto\">Adem\u00e1s, la alcaldesa enfatiz\u00f3 la necesidad de reconstruir el puente de San Francisco del Cabo, cuyo colapso el a\u00f1o anterior debido a las fuertes lluvias y el desbordamiento del r\u00edo en el sector Chipa ha generado preocupaci\u00f3n entre los habitantes y ha afectado seriamente la movilidad en la zona.<\/div>\n<div dir=\"auto\"><\/div>\n<\/div>\n<div class=\"x11i5rnm xat24cr x1mh8g0r x1vvkbs xtlvy1s x126k92a\">\n<div dir=\"auto\" style=\"text-align: justify;\">Tambi\u00e9n solicit\u00f3 a BanEcuador facilitar el acceso a cr\u00e9ditos para las familias afectadas por recientes desastres naturales, ya que estos recursos son fundamentales para apoyar la recuperaci\u00f3n y reconstrucci\u00f3n de las \u00e1reas afectadas.<\/div>\n<div dir=\"auto\"><img loading=\"lazy\" decoding=\"async\" class=\"alignnone size-medium wp-image-7361\" src=\"https:\/\/gadmuisne.gob.ec\/web\/wp-content\/uploads\/2024\/05\/440439898_341820388915520_3207538627536049533_n-300x200.jpg\" alt=\"\" width=\"300\" height=\"200\" srcset=\"https:\/\/gadmuisne.gob.ec\/web\/wp-content\/uploads\/2024\/05\/440439898_341820388915520_3207538627536049533_n-300x200.jpg 300w, https:\/\/gadmuisne.gob.ec\/web\/wp-content\/uploads\/2024\/05\/440439898_341820388915520_3207538627536049533_n-1024x682.jpg 1024w, https:\/\/gadmuisne.gob.ec\/web\/wp-content\/uploads\/2024\/05\/440439898_341820388915520_3207538627536049533_n-768x512.jpg 768w, https:\/\/gadmuisne.gob.ec\/web\/wp-content\/uploads\/2024\/05\/440439898_341820388915520_3207538627536049533_n-270x180.jpg 270w, https:\/\/gadmuisne.gob.ec\/web\/wp-content\/uploads\/2024\/05\/440439898_341820388915520_3207538627536049533_n-370x247.jpg 370w, https:\/\/gadmuisne.gob.ec\/web\/wp-content\/uploads\/2024\/05\/440439898_341820388915520_3207538627536049533_n-570x380.jpg 570w, https:\/\/gadmuisne.gob.ec\/web\/wp-content\/uploads\/2024\/05\/440439898_341820388915520_3207538627536049533_n-770x513.jpg 770w, https:\/\/gadmuisne.gob.ec\/web\/wp-content\/uploads\/2024\/05\/440439898_341820388915520_3207538627536049533_n-870x580.jpg 870w, https:\/\/gadmuisne.gob.ec\/web\/wp-content\/uploads\/2024\/05\/440439898_341820388915520_3207538627536049533_n-1170x780.jpg 1170w, https:\/\/gadmuisne.gob.ec\/web\/wp-content\/uploads\/2024\/05\/440439898_341820388915520_3207538627536049533_n.jpg 1280w\" sizes=\"auto, (max-width: 300px) 100vw, 300px\" \/><img loading=\"lazy\" decoding=\"async\" class=\"alignnone size-medium wp-image-7362\" src=\"https:\/\/gadmuisne.gob.ec\/web\/wp-content\/uploads\/2024\/05\/440895867_341818642249028_2053533202701675130_n-300x225.jpg\" alt=\"\" width=\"300\" height=\"225\" srcset=\"https:\/\/gadmuisne.gob.ec\/web\/wp-content\/uploads\/2024\/05\/440895867_341818642249028_2053533202701675130_n-300x225.jpg 300w, https:\/\/gadmuisne.gob.ec\/web\/wp-content\/uploads\/2024\/05\/440895867_341818642249028_2053533202701675130_n-1024x768.jpg 1024w, https:\/\/gadmuisne.gob.ec\/web\/wp-content\/uploads\/2024\/05\/440895867_341818642249028_2053533202701675130_n-768x576.jpg 768w, https:\/\/gadmuisne.gob.ec\/web\/wp-content\/uploads\/2024\/05\/440895867_341818642249028_2053533202701675130_n-270x203.jpg 270w, https:\/\/gadmuisne.gob.ec\/web\/wp-content\/uploads\/2024\/05\/440895867_341818642249028_2053533202701675130_n-370x278.jpg 370w, https:\/\/gadmuisne.gob.ec\/web\/wp-content\/uploads\/2024\/05\/440895867_341818642249028_2053533202701675130_n-570x428.jpg 570w, https:\/\/gadmuisne.gob.ec\/web\/wp-content\/uploads\/2024\/05\/440895867_341818642249028_2053533202701675130_n-770x578.jpg 770w, https:\/\/gadmuisne.gob.ec\/web\/wp-content\/uploads\/2024\/05\/440895867_341818642249028_2053533202701675130_n-870x653.jpg 870w, https:\/\/gadmuisne.gob.ec\/web\/wp-content\/uploads\/2024\/05\/440895867_341818642249028_2053533202701675130_n-1170x878.jpg 1170w, https:\/\/gadmuisne.gob.ec\/web\/wp-content\/uploads\/2024\/05\/440895867_341818642249028_2053533202701675130_n.jpg 1280w\" sizes=\"auto, (max-width: 300px) 100vw, 300px\" \/><\/div>\n<\/div>\n","protected":false},"excerpt":{"rendered":"<p>En la \u00faltima reuni\u00f3n del Comit\u00e9 de Operaciones de Emergencia (COE) provincial, la alcaldesa Yuri Colorado M\u00e1rquez hizo un llamado urgente al Ministerio de Transporte y Obras P\u00fablicas (MTOP) para que intervenga de inmediato en la reparaci\u00f3n de la infraestructura vial da\u00f1ada en el cant\u00f3n de Muisne. Destac\u00f3 la cr\u00edtica&#8230;<\/p>\n","protected":false},"author":1,"featured_media":7361,"comment_status":"closed","ping_status":"open","sticky":false,"template":"","format":"standard","meta":{"footnotes":""},"categories":[35],"tags":[],"class_list":["post-7360","post","type-post","status-publish","format-standard","has-post-thumbnail","hentry","category-actividades"],"_links":{"self":[{"href":"https:\/\/gadmuisne.gob.ec\/web\/wp-json\/wp\/v2\/posts\/7360","targetHints":{"allow":["GET"]}}],"collection":[{"href":"https:\/\/gadmuisne.gob.ec\/web\/wp-json\/wp\/v2\/posts"}],"about":[{"href":"https:\/\/gadmuisne.gob.ec\/web\/wp-json\/wp\/v2\/types\/post"}],"author":[{"embeddable":true,"href":"https:\/\/gadmuisne.gob.ec\/web\/wp-json\/wp\/v2\/users\/1"}],"replies":[{"embeddable":true,"href":"https:\/\/gadmuisne.gob.ec\/web\/wp-json\/wp\/v2\/comments?post=7360"}],"version-history":[{"count":1,"href":"https:\/\/gadmuisne.gob.ec\/web\/wp-json\/wp\/v2\/posts\/7360\/revisions"}],"predecessor-version":[{"id":7363,"href":"https:\/\/gadmuisne.gob.ec\/web\/wp-json\/wp\/v2\/posts\/7360\/revisions\/7363"}],"wp:featuredmedia":[{"embeddable":true,"href":"https:\/\/gadmuisne.gob.ec\/web\/wp-json\/wp\/v2\/media\/7361"}],"wp:attachment":[{"href":"https:\/\/gadmuisne.gob.ec\/web\/wp-json\/wp\/v2\/media?parent=7360"}],"wp:term":[{"taxonomy":"category","embeddable":true,"href":"https:\/\/gadmuisne.gob.ec\/web\/wp-json\/wp\/v2\/categories?post=7360"},{"taxonomy":"post_tag","embeddable":true,"href":"https:\/\/gadmuisne.gob.ec\/web\/wp-json\/wp\/v2\/tags?post=7360"}],"curies":[{"name":"wp","href":"https:\/\/api.w.org\/{rel}","templated":true}]}}