{"id":7489,"date":"2024-05-06T22:40:30","date_gmt":"2024-05-06T20:40:30","guid":{"rendered":"https:\/\/gadmuisne.gob.ec\/web\/?p=7489"},"modified":"2024-05-06T22:40:30","modified_gmt":"2024-05-06T20:40:30","slug":"queridos-ciudadanos-y-colaboradores-del-municipio-de-muisne","status":"publish","type":"post","link":"https:\/\/gadmuisne.gob.ec\/web\/queridos-ciudadanos-y-colaboradores-del-municipio-de-muisne\/","title":{"rendered":"Queridos ciudadanos y colaboradores del Municipio de Muisne"},"content":{"rendered":"<div class=\"xdj266r x11i5rnm xat24cr x1mh8g0r x1vvkbs x126k92a\">\n<div dir=\"auto\" style=\"text-align: justify;\">Al iniciar una nueva semana de labores, quiero invitarlos a reflexionar sobre la importancia de la unidad, el desarrollo y el progreso en nuestra comunidad.<\/div>\n<div dir=\"auto\" style=\"text-align: justify;\"><\/div>\n<\/div>\n<div class=\"x11i5rnm xat24cr x1mh8g0r x1vvkbs xtlvy1s x126k92a\" style=\"text-align: justify;\">\n<div dir=\"auto\">Unidos como un solo Muisne, podemos enfrentar cualquier desaf\u00edo y transformar nuestro cant\u00f3n en un lugar donde todos prosperemos.<\/div>\n<\/div>\n<div class=\"x11i5rnm xat24cr x1mh8g0r x1vvkbs xtlvy1s x126k92a\" style=\"text-align: justify;\">\n<div dir=\"auto\">Trabajemos juntos para construir un futuro m\u00e1s brillante, lleno de oportunidades para todos.<\/div>\n<div dir=\"auto\"><\/div>\n<\/div>\n<div class=\"x11i5rnm xat24cr x1mh8g0r x1vvkbs xtlvy1s x126k92a\" style=\"text-align: justify;\">\n<div dir=\"auto\">Con determinaci\u00f3n y colaboraci\u00f3n, hagamos de esta semana un pelda\u00f1o m\u00e1s hacia el Muisne que so\u00f1amos.<\/div>\n<div dir=\"auto\"><\/div>\n<\/div>\n<div class=\"x11i5rnm xat24cr x1mh8g0r x1vvkbs xtlvy1s x126k92a\">\n<div dir=\"auto\" style=\"text-align: justify;\">Con afecto y compromiso,<\/div>\n<div dir=\"auto\" style=\"text-align: justify;\">Ing. Yuri Colorado M\u00e1rquez<\/div>\n<div dir=\"auto\" style=\"text-align: justify;\">Alcaldesa del Cant\u00f3n Muisne<\/div>\n<div dir=\"auto\"><img loading=\"lazy\" decoding=\"async\" class=\"alignnone size-medium wp-image-7490\" src=\"https:\/\/gadmuisne.gob.ec\/web\/wp-content\/uploads\/2024\/05\/441502913_344164528681106_2624684596923379133_n-300x300.jpg\" alt=\"\" width=\"300\" height=\"300\" srcset=\"https:\/\/gadmuisne.gob.ec\/web\/wp-content\/uploads\/2024\/05\/441502913_344164528681106_2624684596923379133_n-300x300.jpg 300w, https:\/\/gadmuisne.gob.ec\/web\/wp-content\/uploads\/2024\/05\/441502913_344164528681106_2624684596923379133_n-1024x1024.jpg 1024w, https:\/\/gadmuisne.gob.ec\/web\/wp-content\/uploads\/2024\/05\/441502913_344164528681106_2624684596923379133_n-150x150.jpg 150w, https:\/\/gadmuisne.gob.ec\/web\/wp-content\/uploads\/2024\/05\/441502913_344164528681106_2624684596923379133_n-768x768.jpg 768w, https:\/\/gadmuisne.gob.ec\/web\/wp-content\/uploads\/2024\/05\/441502913_344164528681106_2624684596923379133_n-70x70.jpg 70w, https:\/\/gadmuisne.gob.ec\/web\/wp-content\/uploads\/2024\/05\/441502913_344164528681106_2624684596923379133_n-270x270.jpg 270w, https:\/\/gadmuisne.gob.ec\/web\/wp-content\/uploads\/2024\/05\/441502913_344164528681106_2624684596923379133_n-370x370.jpg 370w, https:\/\/gadmuisne.gob.ec\/web\/wp-content\/uploads\/2024\/05\/441502913_344164528681106_2624684596923379133_n-570x570.jpg 570w, https:\/\/gadmuisne.gob.ec\/web\/wp-content\/uploads\/2024\/05\/441502913_344164528681106_2624684596923379133_n-770x770.jpg 770w, https:\/\/gadmuisne.gob.ec\/web\/wp-content\/uploads\/2024\/05\/441502913_344164528681106_2624684596923379133_n-870x870.jpg 870w, https:\/\/gadmuisne.gob.ec\/web\/wp-content\/uploads\/2024\/05\/441502913_344164528681106_2624684596923379133_n-1170x1170.jpg 1170w, https:\/\/gadmuisne.gob.ec\/web\/wp-content\/uploads\/2024\/05\/441502913_344164528681106_2624684596923379133_n.jpg 1440w\" sizes=\"auto, (max-width: 300px) 100vw, 300px\" \/><\/div>\n<\/div>\n","protected":false},"excerpt":{"rendered":"<p>Al iniciar una nueva semana de labores, quiero invitarlos a reflexionar sobre la importancia de la unidad, el desarrollo y el progreso en nuestra comunidad. Unidos como un solo Muisne, podemos enfrentar cualquier desaf\u00edo y transformar nuestro cant\u00f3n en un lugar donde todos prosperemos. Trabajemos juntos para construir un futuro&#8230;<\/p>\n","protected":false},"author":1,"featured_media":7490,"comment_status":"closed","ping_status":"open","sticky":false,"template":"","format":"standard","meta":{"footnotes":""},"categories":[35],"tags":[],"class_list":["post-7489","post","type-post","status-publish","format-standard","has-post-thumbnail","hentry","category-actividades"],"_links":{"self":[{"href":"https:\/\/gadmuisne.gob.ec\/web\/wp-json\/wp\/v2\/posts\/7489","targetHints":{"allow":["GET"]}}],"collection":[{"href":"https:\/\/gadmuisne.gob.ec\/web\/wp-json\/wp\/v2\/posts"}],"about":[{"href":"https:\/\/gadmuisne.gob.ec\/web\/wp-json\/wp\/v2\/types\/post"}],"author":[{"embeddable":true,"href":"https:\/\/gadmuisne.gob.ec\/web\/wp-json\/wp\/v2\/users\/1"}],"replies":[{"embeddable":true,"href":"https:\/\/gadmuisne.gob.ec\/web\/wp-json\/wp\/v2\/comments?post=7489"}],"version-history":[{"count":1,"href":"https:\/\/gadmuisne.gob.ec\/web\/wp-json\/wp\/v2\/posts\/7489\/revisions"}],"predecessor-version":[{"id":7491,"href":"https:\/\/gadmuisne.gob.ec\/web\/wp-json\/wp\/v2\/posts\/7489\/revisions\/7491"}],"wp:featuredmedia":[{"embeddable":true,"href":"https:\/\/gadmuisne.gob.ec\/web\/wp-json\/wp\/v2\/media\/7490"}],"wp:attachment":[{"href":"https:\/\/gadmuisne.gob.ec\/web\/wp-json\/wp\/v2\/media?parent=7489"}],"wp:term":[{"taxonomy":"category","embeddable":true,"href":"https:\/\/gadmuisne.gob.ec\/web\/wp-json\/wp\/v2\/categories?post=7489"},{"taxonomy":"post_tag","embeddable":true,"href":"https:\/\/gadmuisne.gob.ec\/web\/wp-json\/wp\/v2\/tags?post=7489"}],"curies":[{"name":"wp","href":"https:\/\/api.w.org\/{rel}","templated":true}]}}