{"id":7539,"date":"2024-05-07T19:09:55","date_gmt":"2024-05-07T17:09:55","guid":{"rendered":"https:\/\/gadmuisne.gob.ec\/web\/?p=7539"},"modified":"2024-05-07T21:18:57","modified_gmt":"2024-05-07T19:18:57","slug":"la-alcaldesa-de-muisne-ha-recuperado-dos-vehiculos-de-la-institucion-que-estaban-a-nombre-de-otras-personas","status":"publish","type":"post","link":"https:\/\/gadmuisne.gob.ec\/web\/la-alcaldesa-de-muisne-ha-recuperado-dos-vehiculos-de-la-institucion-que-estaban-a-nombre-de-otras-personas\/","title":{"rendered":"La alcald\u00eda de Muisne recupera dos veh\u00edculos de la instituci\u00f3n que estaban a nombre de otras personas"},"content":{"rendered":"<div class=\"xdj266r x11i5rnm xat24cr x1mh8g0r x1vvkbs x126k92a\">\n<div dir=\"auto\" style=\"text-align: justify;\">Con el apoyo de la Polic\u00eda Judicial de Esmeraldas y la Fiscal\u00eda, se logr\u00f3 recuperar dos de los cinco veh\u00edculos que desaparecieron en la anterior administraci\u00f3n municipal.<\/div>\n<div dir=\"auto\" style=\"text-align: justify;\"><\/div>\n<\/div>\n<div class=\"x11i5rnm xat24cr x1mh8g0r x1vvkbs xtlvy1s x126k92a\" style=\"text-align: justify;\">\n<div dir=\"auto\">Las dos unidades recuperadas est\u00e1n en los patios de la Polic\u00eda Judicial (PJ) y se est\u00e1 solicitando que se avance con los tr\u00e1mites legales correspondientes para que sean devueltos cuanto antes a la instituci\u00f3n y ponerlos al servicio de todos .<\/div>\n<div dir=\"auto\"><\/div>\n<\/div>\n<div class=\"x11i5rnm xat24cr x1mh8g0r x1vvkbs xtlvy1s x126k92a\" style=\"text-align: justify;\">\n<div dir=\"auto\">La alcaldesa destac\u00f3: \u00abLa ciudadan\u00eda sabe c\u00f3mo hemos asumido esta administraci\u00f3n y no hemos venido a quejarnos ni a perseguir a nadie, pero los bienes p\u00fablicos deben respetarse. Es inaudito que algunas autoridades hayan dado un uso no adecuado a los veh\u00edculos que fueron donados por otros ministerios\u00bb.<\/div>\n<div dir=\"auto\"><\/div>\n<\/div>\n<div class=\"x11i5rnm xat24cr x1mh8g0r x1vvkbs xtlvy1s x126k92a\">\n<div dir=\"auto\" style=\"text-align: justify;\">Las anteriores autoridades colocaron esos veh\u00edculos a nombre de otras personas, por eso se ha solicitado al fiscal de turno actuar de manera inmediata para que los veh\u00edculos sean devueltos al Municipio, para una comunidad que los necesita.<\/div>\n<div dir=\"auto\" style=\"text-align: justify;\"><img loading=\"lazy\" decoding=\"async\" class=\"alignnone size-medium wp-image-7544\" src=\"https:\/\/gadmuisne.gob.ec\/web\/wp-content\/uploads\/2024\/05\/44a1653a-eb76-44d9-b4d6-e1a86156b468-300x300.jpg\" alt=\"\" width=\"300\" height=\"300\" srcset=\"https:\/\/gadmuisne.gob.ec\/web\/wp-content\/uploads\/2024\/05\/44a1653a-eb76-44d9-b4d6-e1a86156b468-300x300.jpg 300w, https:\/\/gadmuisne.gob.ec\/web\/wp-content\/uploads\/2024\/05\/44a1653a-eb76-44d9-b4d6-e1a86156b468-1024x1024.jpg 1024w, https:\/\/gadmuisne.gob.ec\/web\/wp-content\/uploads\/2024\/05\/44a1653a-eb76-44d9-b4d6-e1a86156b468-150x150.jpg 150w, https:\/\/gadmuisne.gob.ec\/web\/wp-content\/uploads\/2024\/05\/44a1653a-eb76-44d9-b4d6-e1a86156b468-768x768.jpg 768w, https:\/\/gadmuisne.gob.ec\/web\/wp-content\/uploads\/2024\/05\/44a1653a-eb76-44d9-b4d6-e1a86156b468-1536x1536.jpg 1536w, https:\/\/gadmuisne.gob.ec\/web\/wp-content\/uploads\/2024\/05\/44a1653a-eb76-44d9-b4d6-e1a86156b468-70x70.jpg 70w, https:\/\/gadmuisne.gob.ec\/web\/wp-content\/uploads\/2024\/05\/44a1653a-eb76-44d9-b4d6-e1a86156b468-270x270.jpg 270w, https:\/\/gadmuisne.gob.ec\/web\/wp-content\/uploads\/2024\/05\/44a1653a-eb76-44d9-b4d6-e1a86156b468-370x370.jpg 370w, https:\/\/gadmuisne.gob.ec\/web\/wp-content\/uploads\/2024\/05\/44a1653a-eb76-44d9-b4d6-e1a86156b468-570x570.jpg 570w, https:\/\/gadmuisne.gob.ec\/web\/wp-content\/uploads\/2024\/05\/44a1653a-eb76-44d9-b4d6-e1a86156b468-770x770.jpg 770w, https:\/\/gadmuisne.gob.ec\/web\/wp-content\/uploads\/2024\/05\/44a1653a-eb76-44d9-b4d6-e1a86156b468-870x870.jpg 870w, https:\/\/gadmuisne.gob.ec\/web\/wp-content\/uploads\/2024\/05\/44a1653a-eb76-44d9-b4d6-e1a86156b468-1170x1170.jpg 1170w, https:\/\/gadmuisne.gob.ec\/web\/wp-content\/uploads\/2024\/05\/44a1653a-eb76-44d9-b4d6-e1a86156b468-1570x1570.jpg 1570w, https:\/\/gadmuisne.gob.ec\/web\/wp-content\/uploads\/2024\/05\/44a1653a-eb76-44d9-b4d6-e1a86156b468.jpg 1600w\" sizes=\"auto, (max-width: 300px) 100vw, 300px\" \/><\/div>\n<\/div>\n","protected":false},"excerpt":{"rendered":"<p>Con el apoyo de la Polic\u00eda Judicial de Esmeraldas y la Fiscal\u00eda, se logr\u00f3 recuperar dos de los cinco veh\u00edculos que desaparecieron en la anterior administraci\u00f3n municipal. Las dos unidades recuperadas est\u00e1n en los patios de la Polic\u00eda Judicial (PJ) y se est\u00e1 solicitando que se avance con los tr\u00e1mites&#8230;<\/p>\n","protected":false},"author":1,"featured_media":7544,"comment_status":"closed","ping_status":"open","sticky":false,"template":"","format":"standard","meta":{"footnotes":""},"categories":[35],"tags":[],"class_list":["post-7539","post","type-post","status-publish","format-standard","has-post-thumbnail","hentry","category-actividades"],"_links":{"self":[{"href":"https:\/\/gadmuisne.gob.ec\/web\/wp-json\/wp\/v2\/posts\/7539","targetHints":{"allow":["GET"]}}],"collection":[{"href":"https:\/\/gadmuisne.gob.ec\/web\/wp-json\/wp\/v2\/posts"}],"about":[{"href":"https:\/\/gadmuisne.gob.ec\/web\/wp-json\/wp\/v2\/types\/post"}],"author":[{"embeddable":true,"href":"https:\/\/gadmuisne.gob.ec\/web\/wp-json\/wp\/v2\/users\/1"}],"replies":[{"embeddable":true,"href":"https:\/\/gadmuisne.gob.ec\/web\/wp-json\/wp\/v2\/comments?post=7539"}],"version-history":[{"count":4,"href":"https:\/\/gadmuisne.gob.ec\/web\/wp-json\/wp\/v2\/posts\/7539\/revisions"}],"predecessor-version":[{"id":7545,"href":"https:\/\/gadmuisne.gob.ec\/web\/wp-json\/wp\/v2\/posts\/7539\/revisions\/7545"}],"wp:featuredmedia":[{"embeddable":true,"href":"https:\/\/gadmuisne.gob.ec\/web\/wp-json\/wp\/v2\/media\/7544"}],"wp:attachment":[{"href":"https:\/\/gadmuisne.gob.ec\/web\/wp-json\/wp\/v2\/media?parent=7539"}],"wp:term":[{"taxonomy":"category","embeddable":true,"href":"https:\/\/gadmuisne.gob.ec\/web\/wp-json\/wp\/v2\/categories?post=7539"},{"taxonomy":"post_tag","embeddable":true,"href":"https:\/\/gadmuisne.gob.ec\/web\/wp-json\/wp\/v2\/tags?post=7539"}],"curies":[{"name":"wp","href":"https:\/\/api.w.org\/{rel}","templated":true}]}}