{"id":7681,"date":"2024-05-09T15:15:38","date_gmt":"2024-05-09T13:15:38","guid":{"rendered":"https:\/\/gadmuisne.gob.ec\/web\/?p=7681"},"modified":"2024-05-10T15:19:28","modified_gmt":"2024-05-10T13:19:28","slug":"funcionarios-del-gad-participaron-en-nueva-iniciativa-de-consumo-responsable-en-manta","status":"publish","type":"post","link":"https:\/\/gadmuisne.gob.ec\/web\/funcionarios-del-gad-participaron-en-nueva-iniciativa-de-consumo-responsable-en-manta\/","title":{"rendered":"Funcionarios del GAD participaron en nueva iniciativa de consumo responsable en Manta\u00a0"},"content":{"rendered":"<div class=\"xdj266r x11i5rnm xat24cr x1mh8g0r x1vvkbs x126k92a\">\n<div dir=\"auto\" style=\"text-align: justify;\">Funcionarios del GAD Municipal de Muisne se sumaron a la construcci\u00f3n del m\u00f3dulo \u00abConsumo Responsable\u00bb en la ciudad de Manta, una iniciativa liderada por la Cooperaci\u00f3n Alemana Internacional GIZ.<\/div>\n<div dir=\"auto\" style=\"text-align: justify;\"><\/div>\n<\/div>\n<div class=\"x11i5rnm xat24cr x1mh8g0r x1vvkbs xtlvy1s x126k92a\" style=\"text-align: justify;\">\n<div dir=\"auto\">Este proyecto se enfoca en la integraci\u00f3n de las \u00e1reas de Turismo y Pesca, reconociendo su importancia estrat\u00e9gica en el desarrollo local y regional.<\/div>\n<div dir=\"auto\"><\/div>\n<\/div>\n<div class=\"x11i5rnm xat24cr x1mh8g0r x1vvkbs xtlvy1s x126k92a\" style=\"text-align: justify;\">\n<div dir=\"auto\">Durante el evento, se realiz\u00f3 tambi\u00e9n una feria interinstitucional donde los representantes de Muisne exhibieron avances significativos en Turismo y Desarrollo Productivo a trav\u00e9s de material audiovisual.<\/div>\n<div dir=\"auto\"><\/div>\n<\/div>\n<div class=\"x11i5rnm xat24cr x1mh8g0r x1vvkbs xtlvy1s x126k92a\" style=\"text-align: justify;\">\n<div dir=\"auto\">El principal objetivo de este m\u00f3dulo es la capacitaci\u00f3n y formaci\u00f3n continua, que permitir\u00e1 a los participantes replicar los conocimientos adquiridos dentro de sus comunidades.<\/div>\n<div dir=\"auto\"><\/div>\n<\/div>\n<div class=\"x11i5rnm xat24cr x1mh8g0r x1vvkbs xtlvy1s x126k92a\">\n<div dir=\"auto\" style=\"text-align: justify;\">En el evento estuvieron presentes varias instituciones clave que contribuyen al sector mar\u00edtimo y ambiental del pa\u00eds, entre ellas la GIZ, la Subsecretar\u00eda de Recursos Pesqueros, la Prefectura de Esmeraldas.<\/div>\n<\/div>\n<div class=\"x11i5rnm xat24cr x1mh8g0r x1vvkbs xtlvy1s x126k92a\">\n<div dir=\"auto\"><img loading=\"lazy\" decoding=\"async\" class=\"alignnone size-medium wp-image-7682\" src=\"https:\/\/gadmuisne.gob.ec\/web\/wp-content\/uploads\/2024\/05\/439849634_346435375120688_7515677575336000857_n-300x200.jpg\" alt=\"\" width=\"300\" height=\"200\" srcset=\"https:\/\/gadmuisne.gob.ec\/web\/wp-content\/uploads\/2024\/05\/439849634_346435375120688_7515677575336000857_n-300x200.jpg 300w, https:\/\/gadmuisne.gob.ec\/web\/wp-content\/uploads\/2024\/05\/439849634_346435375120688_7515677575336000857_n-1024x682.jpg 1024w, https:\/\/gadmuisne.gob.ec\/web\/wp-content\/uploads\/2024\/05\/439849634_346435375120688_7515677575336000857_n-768x512.jpg 768w, https:\/\/gadmuisne.gob.ec\/web\/wp-content\/uploads\/2024\/05\/439849634_346435375120688_7515677575336000857_n-1536x1023.jpg 1536w, https:\/\/gadmuisne.gob.ec\/web\/wp-content\/uploads\/2024\/05\/439849634_346435375120688_7515677575336000857_n-270x180.jpg 270w, https:\/\/gadmuisne.gob.ec\/web\/wp-content\/uploads\/2024\/05\/439849634_346435375120688_7515677575336000857_n-370x247.jpg 370w, https:\/\/gadmuisne.gob.ec\/web\/wp-content\/uploads\/2024\/05\/439849634_346435375120688_7515677575336000857_n-570x380.jpg 570w, https:\/\/gadmuisne.gob.ec\/web\/wp-content\/uploads\/2024\/05\/439849634_346435375120688_7515677575336000857_n-770x513.jpg 770w, https:\/\/gadmuisne.gob.ec\/web\/wp-content\/uploads\/2024\/05\/439849634_346435375120688_7515677575336000857_n-870x580.jpg 870w, https:\/\/gadmuisne.gob.ec\/web\/wp-content\/uploads\/2024\/05\/439849634_346435375120688_7515677575336000857_n-1170x780.jpg 1170w, https:\/\/gadmuisne.gob.ec\/web\/wp-content\/uploads\/2024\/05\/439849634_346435375120688_7515677575336000857_n-1570x1046.jpg 1570w, https:\/\/gadmuisne.gob.ec\/web\/wp-content\/uploads\/2024\/05\/439849634_346435375120688_7515677575336000857_n.jpg 1600w\" sizes=\"auto, (max-width: 300px) 100vw, 300px\" \/><img loading=\"lazy\" decoding=\"async\" class=\"alignnone size-medium wp-image-7683\" src=\"https:\/\/gadmuisne.gob.ec\/web\/wp-content\/uploads\/2024\/05\/439928524_346435331787359_5317417387300253271_n-300x200.jpg\" alt=\"\" width=\"300\" height=\"200\" srcset=\"https:\/\/gadmuisne.gob.ec\/web\/wp-content\/uploads\/2024\/05\/439928524_346435331787359_5317417387300253271_n-300x200.jpg 300w, https:\/\/gadmuisne.gob.ec\/web\/wp-content\/uploads\/2024\/05\/439928524_346435331787359_5317417387300253271_n-1024x682.jpg 1024w, https:\/\/gadmuisne.gob.ec\/web\/wp-content\/uploads\/2024\/05\/439928524_346435331787359_5317417387300253271_n-768x512.jpg 768w, https:\/\/gadmuisne.gob.ec\/web\/wp-content\/uploads\/2024\/05\/439928524_346435331787359_5317417387300253271_n-1536x1023.jpg 1536w, https:\/\/gadmuisne.gob.ec\/web\/wp-content\/uploads\/2024\/05\/439928524_346435331787359_5317417387300253271_n-270x180.jpg 270w, https:\/\/gadmuisne.gob.ec\/web\/wp-content\/uploads\/2024\/05\/439928524_346435331787359_5317417387300253271_n-370x247.jpg 370w, https:\/\/gadmuisne.gob.ec\/web\/wp-content\/uploads\/2024\/05\/439928524_346435331787359_5317417387300253271_n-570x380.jpg 570w, https:\/\/gadmuisne.gob.ec\/web\/wp-content\/uploads\/2024\/05\/439928524_346435331787359_5317417387300253271_n-770x513.jpg 770w, https:\/\/gadmuisne.gob.ec\/web\/wp-content\/uploads\/2024\/05\/439928524_346435331787359_5317417387300253271_n-870x580.jpg 870w, https:\/\/gadmuisne.gob.ec\/web\/wp-content\/uploads\/2024\/05\/439928524_346435331787359_5317417387300253271_n-1170x780.jpg 1170w, https:\/\/gadmuisne.gob.ec\/web\/wp-content\/uploads\/2024\/05\/439928524_346435331787359_5317417387300253271_n-1570x1046.jpg 1570w, https:\/\/gadmuisne.gob.ec\/web\/wp-content\/uploads\/2024\/05\/439928524_346435331787359_5317417387300253271_n.jpg 1600w\" sizes=\"auto, (max-width: 300px) 100vw, 300px\" \/><img loading=\"lazy\" decoding=\"async\" class=\"alignnone size-medium wp-image-7684\" src=\"https:\/\/gadmuisne.gob.ec\/web\/wp-content\/uploads\/2024\/05\/440336913_346435381787354_7179920930210288461_n-300x200.jpg\" alt=\"\" width=\"300\" height=\"200\" srcset=\"https:\/\/gadmuisne.gob.ec\/web\/wp-content\/uploads\/2024\/05\/440336913_346435381787354_7179920930210288461_n-300x200.jpg 300w, https:\/\/gadmuisne.gob.ec\/web\/wp-content\/uploads\/2024\/05\/440336913_346435381787354_7179920930210288461_n-1024x682.jpg 1024w, https:\/\/gadmuisne.gob.ec\/web\/wp-content\/uploads\/2024\/05\/440336913_346435381787354_7179920930210288461_n-768x512.jpg 768w, https:\/\/gadmuisne.gob.ec\/web\/wp-content\/uploads\/2024\/05\/440336913_346435381787354_7179920930210288461_n-1536x1023.jpg 1536w, https:\/\/gadmuisne.gob.ec\/web\/wp-content\/uploads\/2024\/05\/440336913_346435381787354_7179920930210288461_n-270x180.jpg 270w, https:\/\/gadmuisne.gob.ec\/web\/wp-content\/uploads\/2024\/05\/440336913_346435381787354_7179920930210288461_n-370x247.jpg 370w, https:\/\/gadmuisne.gob.ec\/web\/wp-content\/uploads\/2024\/05\/440336913_346435381787354_7179920930210288461_n-570x380.jpg 570w, https:\/\/gadmuisne.gob.ec\/web\/wp-content\/uploads\/2024\/05\/440336913_346435381787354_7179920930210288461_n-770x513.jpg 770w, https:\/\/gadmuisne.gob.ec\/web\/wp-content\/uploads\/2024\/05\/440336913_346435381787354_7179920930210288461_n-870x580.jpg 870w, https:\/\/gadmuisne.gob.ec\/web\/wp-content\/uploads\/2024\/05\/440336913_346435381787354_7179920930210288461_n-1170x780.jpg 1170w, https:\/\/gadmuisne.gob.ec\/web\/wp-content\/uploads\/2024\/05\/440336913_346435381787354_7179920930210288461_n-1570x1046.jpg 1570w, https:\/\/gadmuisne.gob.ec\/web\/wp-content\/uploads\/2024\/05\/440336913_346435381787354_7179920930210288461_n.jpg 1600w\" sizes=\"auto, (max-width: 300px) 100vw, 300px\" \/><img loading=\"lazy\" decoding=\"async\" class=\"alignnone size-medium wp-image-7685\" src=\"https:\/\/gadmuisne.gob.ec\/web\/wp-content\/uploads\/2024\/05\/440381973_346435341787358_7120490598155409628_n-300x200.jpg\" alt=\"\" width=\"300\" height=\"200\" srcset=\"https:\/\/gadmuisne.gob.ec\/web\/wp-content\/uploads\/2024\/05\/440381973_346435341787358_7120490598155409628_n-300x200.jpg 300w, https:\/\/gadmuisne.gob.ec\/web\/wp-content\/uploads\/2024\/05\/440381973_346435341787358_7120490598155409628_n-1024x682.jpg 1024w, https:\/\/gadmuisne.gob.ec\/web\/wp-content\/uploads\/2024\/05\/440381973_346435341787358_7120490598155409628_n-768x512.jpg 768w, https:\/\/gadmuisne.gob.ec\/web\/wp-content\/uploads\/2024\/05\/440381973_346435341787358_7120490598155409628_n-1536x1023.jpg 1536w, https:\/\/gadmuisne.gob.ec\/web\/wp-content\/uploads\/2024\/05\/440381973_346435341787358_7120490598155409628_n-270x180.jpg 270w, https:\/\/gadmuisne.gob.ec\/web\/wp-content\/uploads\/2024\/05\/440381973_346435341787358_7120490598155409628_n-370x247.jpg 370w, https:\/\/gadmuisne.gob.ec\/web\/wp-content\/uploads\/2024\/05\/440381973_346435341787358_7120490598155409628_n-570x380.jpg 570w, https:\/\/gadmuisne.gob.ec\/web\/wp-content\/uploads\/2024\/05\/440381973_346435341787358_7120490598155409628_n-770x513.jpg 770w, https:\/\/gadmuisne.gob.ec\/web\/wp-content\/uploads\/2024\/05\/440381973_346435341787358_7120490598155409628_n-870x580.jpg 870w, https:\/\/gadmuisne.gob.ec\/web\/wp-content\/uploads\/2024\/05\/440381973_346435341787358_7120490598155409628_n-1170x780.jpg 1170w, https:\/\/gadmuisne.gob.ec\/web\/wp-content\/uploads\/2024\/05\/440381973_346435341787358_7120490598155409628_n-1570x1046.jpg 1570w, https:\/\/gadmuisne.gob.ec\/web\/wp-content\/uploads\/2024\/05\/440381973_346435341787358_7120490598155409628_n.jpg 1600w\" sizes=\"auto, (max-width: 300px) 100vw, 300px\" \/><img loading=\"lazy\" decoding=\"async\" class=\"alignnone size-medium wp-image-7686\" src=\"https:\/\/gadmuisne.gob.ec\/web\/wp-content\/uploads\/2024\/05\/441419231_346435378454021_7724852937965480833_n-300x200.jpg\" alt=\"\" width=\"300\" height=\"200\" srcset=\"https:\/\/gadmuisne.gob.ec\/web\/wp-content\/uploads\/2024\/05\/441419231_346435378454021_7724852937965480833_n-300x200.jpg 300w, https:\/\/gadmuisne.gob.ec\/web\/wp-content\/uploads\/2024\/05\/441419231_346435378454021_7724852937965480833_n-1024x682.jpg 1024w, https:\/\/gadmuisne.gob.ec\/web\/wp-content\/uploads\/2024\/05\/441419231_346435378454021_7724852937965480833_n-768x512.jpg 768w, https:\/\/gadmuisne.gob.ec\/web\/wp-content\/uploads\/2024\/05\/441419231_346435378454021_7724852937965480833_n-1536x1023.jpg 1536w, https:\/\/gadmuisne.gob.ec\/web\/wp-content\/uploads\/2024\/05\/441419231_346435378454021_7724852937965480833_n-270x180.jpg 270w, https:\/\/gadmuisne.gob.ec\/web\/wp-content\/uploads\/2024\/05\/441419231_346435378454021_7724852937965480833_n-370x247.jpg 370w, https:\/\/gadmuisne.gob.ec\/web\/wp-content\/uploads\/2024\/05\/441419231_346435378454021_7724852937965480833_n-570x380.jpg 570w, https:\/\/gadmuisne.gob.ec\/web\/wp-content\/uploads\/2024\/05\/441419231_346435378454021_7724852937965480833_n-770x513.jpg 770w, https:\/\/gadmuisne.gob.ec\/web\/wp-content\/uploads\/2024\/05\/441419231_346435378454021_7724852937965480833_n-870x580.jpg 870w, https:\/\/gadmuisne.gob.ec\/web\/wp-content\/uploads\/2024\/05\/441419231_346435378454021_7724852937965480833_n-1170x780.jpg 1170w, https:\/\/gadmuisne.gob.ec\/web\/wp-content\/uploads\/2024\/05\/441419231_346435378454021_7724852937965480833_n-1570x1046.jpg 1570w, https:\/\/gadmuisne.gob.ec\/web\/wp-content\/uploads\/2024\/05\/441419231_346435378454021_7724852937965480833_n.jpg 1600w\" sizes=\"auto, (max-width: 300px) 100vw, 300px\" \/><img loading=\"lazy\" decoding=\"async\" class=\"alignnone size-medium wp-image-7687\" src=\"https:\/\/gadmuisne.gob.ec\/web\/wp-content\/uploads\/2024\/05\/441496835_346435408454018_6214447431514906257_n-300x200.jpg\" alt=\"\" width=\"300\" height=\"200\" srcset=\"https:\/\/gadmuisne.gob.ec\/web\/wp-content\/uploads\/2024\/05\/441496835_346435408454018_6214447431514906257_n-300x200.jpg 300w, https:\/\/gadmuisne.gob.ec\/web\/wp-content\/uploads\/2024\/05\/441496835_346435408454018_6214447431514906257_n-1024x682.jpg 1024w, https:\/\/gadmuisne.gob.ec\/web\/wp-content\/uploads\/2024\/05\/441496835_346435408454018_6214447431514906257_n-768x512.jpg 768w, https:\/\/gadmuisne.gob.ec\/web\/wp-content\/uploads\/2024\/05\/441496835_346435408454018_6214447431514906257_n-1536x1023.jpg 1536w, https:\/\/gadmuisne.gob.ec\/web\/wp-content\/uploads\/2024\/05\/441496835_346435408454018_6214447431514906257_n-270x180.jpg 270w, https:\/\/gadmuisne.gob.ec\/web\/wp-content\/uploads\/2024\/05\/441496835_346435408454018_6214447431514906257_n-370x247.jpg 370w, https:\/\/gadmuisne.gob.ec\/web\/wp-content\/uploads\/2024\/05\/441496835_346435408454018_6214447431514906257_n-570x380.jpg 570w, https:\/\/gadmuisne.gob.ec\/web\/wp-content\/uploads\/2024\/05\/441496835_346435408454018_6214447431514906257_n-770x513.jpg 770w, https:\/\/gadmuisne.gob.ec\/web\/wp-content\/uploads\/2024\/05\/441496835_346435408454018_6214447431514906257_n-870x580.jpg 870w, https:\/\/gadmuisne.gob.ec\/web\/wp-content\/uploads\/2024\/05\/441496835_346435408454018_6214447431514906257_n-1170x780.jpg 1170w, https:\/\/gadmuisne.gob.ec\/web\/wp-content\/uploads\/2024\/05\/441496835_346435408454018_6214447431514906257_n-1570x1046.jpg 1570w, https:\/\/gadmuisne.gob.ec\/web\/wp-content\/uploads\/2024\/05\/441496835_346435408454018_6214447431514906257_n.jpg 1600w\" sizes=\"auto, (max-width: 300px) 100vw, 300px\" \/>Adem\u00e1s, la Direcci\u00f3n General de Inter\u00e9s Mar\u00edtimo (DIGEIM), las alcald\u00edas de Manta y Santa Elena, las prefecturas de Manab\u00ed y Santa Elena, el Ministerio del Ambiente, y el Viceministerio de Acuacultura y Pesca.<\/div>\n<\/div>\n","protected":false},"excerpt":{"rendered":"<p>Funcionarios del GAD Municipal de Muisne se sumaron a la construcci\u00f3n del m\u00f3dulo \u00abConsumo Responsable\u00bb en la ciudad de Manta, una iniciativa liderada por la Cooperaci\u00f3n Alemana Internacional GIZ. Este proyecto se enfoca en la integraci\u00f3n de las \u00e1reas de Turismo y Pesca, reconociendo su importancia estrat\u00e9gica en el desarrollo&#8230;<\/p>\n","protected":false},"author":1,"featured_media":7687,"comment_status":"closed","ping_status":"open","sticky":false,"template":"","format":"standard","meta":{"footnotes":""},"categories":[35],"tags":[],"class_list":["post-7681","post","type-post","status-publish","format-standard","has-post-thumbnail","hentry","category-actividades"],"_links":{"self":[{"href":"https:\/\/gadmuisne.gob.ec\/web\/wp-json\/wp\/v2\/posts\/7681","targetHints":{"allow":["GET"]}}],"collection":[{"href":"https:\/\/gadmuisne.gob.ec\/web\/wp-json\/wp\/v2\/posts"}],"about":[{"href":"https:\/\/gadmuisne.gob.ec\/web\/wp-json\/wp\/v2\/types\/post"}],"author":[{"embeddable":true,"href":"https:\/\/gadmuisne.gob.ec\/web\/wp-json\/wp\/v2\/users\/1"}],"replies":[{"embeddable":true,"href":"https:\/\/gadmuisne.gob.ec\/web\/wp-json\/wp\/v2\/comments?post=7681"}],"version-history":[{"count":1,"href":"https:\/\/gadmuisne.gob.ec\/web\/wp-json\/wp\/v2\/posts\/7681\/revisions"}],"predecessor-version":[{"id":7688,"href":"https:\/\/gadmuisne.gob.ec\/web\/wp-json\/wp\/v2\/posts\/7681\/revisions\/7688"}],"wp:featuredmedia":[{"embeddable":true,"href":"https:\/\/gadmuisne.gob.ec\/web\/wp-json\/wp\/v2\/media\/7687"}],"wp:attachment":[{"href":"https:\/\/gadmuisne.gob.ec\/web\/wp-json\/wp\/v2\/media?parent=7681"}],"wp:term":[{"taxonomy":"category","embeddable":true,"href":"https:\/\/gadmuisne.gob.ec\/web\/wp-json\/wp\/v2\/categories?post=7681"},{"taxonomy":"post_tag","embeddable":true,"href":"https:\/\/gadmuisne.gob.ec\/web\/wp-json\/wp\/v2\/tags?post=7681"}],"curies":[{"name":"wp","href":"https:\/\/api.w.org\/{rel}","templated":true}]}}