{"id":7805,"date":"2024-05-12T18:46:47","date_gmt":"2024-05-12T16:46:47","guid":{"rendered":"https:\/\/gadmuisne.gob.ec\/web\/?p=7805"},"modified":"2024-05-13T18:51:06","modified_gmt":"2024-05-13T16:51:06","slug":"alcaldesa-expresa-su-afectuoso-saludo-a-todas-y-cada-de-las-madrecitas-de-la-alcaldia","status":"publish","type":"post","link":"https:\/\/gadmuisne.gob.ec\/web\/alcaldesa-expresa-su-afectuoso-saludo-a-todas-y-cada-de-las-madrecitas-de-la-alcaldia\/","title":{"rendered":"Alcaldesa expresa su afectuoso saludo a todas y cada de las madrecitas de la Alcald\u00eda"},"content":{"rendered":"<div class=\"xdj266r x11i5rnm xat24cr x1mh8g0r x1vvkbs x126k92a\">\n<div dir=\"auto\" style=\"text-align: justify;\">Queridas madres del cant\u00f3n Muisne. En este d\u00eda tan especial, quiero extender un c\u00e1lido y , quienes con su amor incondicional, esfuerzo diario y dedicaci\u00f3n sin l\u00edmites, construyen los cimientos s\u00f3lidos de nuestras familias y de nuestra comunidad.<\/div>\n<\/div>\n<div class=\"x11i5rnm xat24cr x1mh8g0r x1vvkbs xtlvy1s x126k92a\" style=\"text-align: justify;\">\n<div dir=\"auto\"><\/div>\n<\/div>\n<div class=\"x11i5rnm xat24cr x1mh8g0r x1vvkbs xtlvy1s x126k92a\" style=\"text-align: justify;\">\n<div dir=\"auto\">Su rol es fundamental no solo en el hogar, sino en cada aspecto de nuestra vida comunitaria, contribuyendo enormemente al desarrollo y bienestar de nuestro cant\u00f3n. Hoy, en su d\u00eda, celebramos la fortaleza, la sabidur\u00eda y el cari\u00f1o que solo una madre puede ofrecer.<\/div>\n<div dir=\"auto\"><\/div>\n<\/div>\n<div class=\"x11i5rnm xat24cr x1mh8g0r x1vvkbs xtlvy1s x126k92a\" style=\"text-align: justify;\">\n<div dir=\"auto\">Desde el fondo de mi coraz\u00f3n y en representaci\u00f3n de toda nuestra comunidad, quiero darles las gracias por ser el coraz\u00f3n y el alma de Muisne. Que este d\u00eda est\u00e9 lleno de amor, reconocimiento y alegr\u00eda.<\/div>\n<div dir=\"auto\"><\/div>\n<\/div>\n<div class=\"x11i5rnm xat24cr x1mh8g0r x1vvkbs xtlvy1s x126k92a\" style=\"text-align: justify;\">\n<div dir=\"auto\">Con todo mi respeto y cari\u00f1o,<\/div>\n<\/div>\n<div class=\"x11i5rnm xat24cr x1mh8g0r x1vvkbs xtlvy1s x126k92a\">\n<div dir=\"auto\" style=\"text-align: justify;\">Ing. Yuri Colorado M\u00e1rquez<\/div>\n<div dir=\"auto\" style=\"text-align: justify;\">Alcaldesa del Cant\u00f3n Muisne<\/div>\n<div dir=\"auto\"><img loading=\"lazy\" decoding=\"async\" class=\"alignnone size-medium wp-image-7806\" src=\"https:\/\/gadmuisne.gob.ec\/web\/wp-content\/uploads\/2024\/05\/440745454_348146241616268_6835891528657747377_n-240x300.jpg\" alt=\"\" width=\"240\" height=\"300\" srcset=\"https:\/\/gadmuisne.gob.ec\/web\/wp-content\/uploads\/2024\/05\/440745454_348146241616268_6835891528657747377_n-240x300.jpg 240w, https:\/\/gadmuisne.gob.ec\/web\/wp-content\/uploads\/2024\/05\/440745454_348146241616268_6835891528657747377_n-270x338.jpg 270w, https:\/\/gadmuisne.gob.ec\/web\/wp-content\/uploads\/2024\/05\/440745454_348146241616268_6835891528657747377_n-370x463.jpg 370w, https:\/\/gadmuisne.gob.ec\/web\/wp-content\/uploads\/2024\/05\/440745454_348146241616268_6835891528657747377_n-570x713.jpg 570w, https:\/\/gadmuisne.gob.ec\/web\/wp-content\/uploads\/2024\/05\/440745454_348146241616268_6835891528657747377_n.jpg 768w\" sizes=\"auto, (max-width: 240px) 100vw, 240px\" \/><\/div>\n<\/div>\n","protected":false},"excerpt":{"rendered":"<p>Queridas madres del cant\u00f3n Muisne. En este d\u00eda tan especial, quiero extender un c\u00e1lido y , quienes con su amor incondicional, esfuerzo diario y dedicaci\u00f3n sin l\u00edmites, construyen los cimientos s\u00f3lidos de nuestras familias y de nuestra comunidad. Su rol es fundamental no solo en el hogar, sino en cada&#8230;<\/p>\n","protected":false},"author":1,"featured_media":7806,"comment_status":"closed","ping_status":"open","sticky":false,"template":"","format":"standard","meta":{"footnotes":""},"categories":[35],"tags":[],"class_list":["post-7805","post","type-post","status-publish","format-standard","has-post-thumbnail","hentry","category-actividades"],"_links":{"self":[{"href":"https:\/\/gadmuisne.gob.ec\/web\/wp-json\/wp\/v2\/posts\/7805","targetHints":{"allow":["GET"]}}],"collection":[{"href":"https:\/\/gadmuisne.gob.ec\/web\/wp-json\/wp\/v2\/posts"}],"about":[{"href":"https:\/\/gadmuisne.gob.ec\/web\/wp-json\/wp\/v2\/types\/post"}],"author":[{"embeddable":true,"href":"https:\/\/gadmuisne.gob.ec\/web\/wp-json\/wp\/v2\/users\/1"}],"replies":[{"embeddable":true,"href":"https:\/\/gadmuisne.gob.ec\/web\/wp-json\/wp\/v2\/comments?post=7805"}],"version-history":[{"count":1,"href":"https:\/\/gadmuisne.gob.ec\/web\/wp-json\/wp\/v2\/posts\/7805\/revisions"}],"predecessor-version":[{"id":7807,"href":"https:\/\/gadmuisne.gob.ec\/web\/wp-json\/wp\/v2\/posts\/7805\/revisions\/7807"}],"wp:featuredmedia":[{"embeddable":true,"href":"https:\/\/gadmuisne.gob.ec\/web\/wp-json\/wp\/v2\/media\/7806"}],"wp:attachment":[{"href":"https:\/\/gadmuisne.gob.ec\/web\/wp-json\/wp\/v2\/media?parent=7805"}],"wp:term":[{"taxonomy":"category","embeddable":true,"href":"https:\/\/gadmuisne.gob.ec\/web\/wp-json\/wp\/v2\/categories?post=7805"},{"taxonomy":"post_tag","embeddable":true,"href":"https:\/\/gadmuisne.gob.ec\/web\/wp-json\/wp\/v2\/tags?post=7805"}],"curies":[{"name":"wp","href":"https:\/\/api.w.org\/{rel}","templated":true}]}}