{"id":7870,"date":"2024-05-15T16:37:42","date_gmt":"2024-05-15T14:37:42","guid":{"rendered":"https:\/\/gadmuisne.gob.ec\/web\/?p=7870"},"modified":"2024-05-15T16:37:42","modified_gmt":"2024-05-15T14:37:42","slug":"ha-pasado-ya-un-ano-desde-que-asumimos-la-responsabilidad-de-liderar-nuestra-administracion-municipal","status":"publish","type":"post","link":"https:\/\/gadmuisne.gob.ec\/web\/ha-pasado-ya-un-ano-desde-que-asumimos-la-responsabilidad-de-liderar-nuestra-administracion-municipal\/","title":{"rendered":"Ha pasado ya un a\u00f1o desde que asumimos la responsabilidad de liderar nuestra administraci\u00f3n municipal"},"content":{"rendered":"<div class=\"xdj266r x11i5rnm xat24cr x1mh8g0r x1vvkbs x126k92a\">\n<div dir=\"auto\" style=\"text-align: justify;\">Ha pasado ya un a\u00f1o desde que asumimos la responsabilidad de liderar nuestra administraci\u00f3n municipal, un a\u00f1o marcado por innumerables esfuerzos y un compromiso inquebrantable desde el primer d\u00eda para transformar y mejorar nuestra comunidad.<\/div>\n<\/div>\n<div class=\"x11i5rnm xat24cr x1mh8g0r x1vvkbs xtlvy1s x126k92a\" style=\"text-align: justify;\">\n<div dir=\"auto\">Gracias a su confianza, estamos convirtiendo gradualmente nuestro sue\u00f1o de cambio en realidad.<\/div>\n<div dir=\"auto\"><\/div>\n<\/div>\n<div class=\"x11i5rnm xat24cr x1mh8g0r x1vvkbs xtlvy1s x126k92a\" style=\"text-align: justify;\">\n<div dir=\"auto\">En el \u00e1rea administrativa y financiera, hemos trabajado sin descanso para garantizar que cada centavo se invierta de manera eficaz, con el firme prop\u00f3sito de restaurar la confianza de nuestros ciudadanos, quienes hab\u00edan perdido la esperanza.<\/div>\n<div dir=\"auto\"><\/div>\n<\/div>\n<div class=\"x11i5rnm xat24cr x1mh8g0r x1vvkbs xtlvy1s x126k92a\" style=\"text-align: justify;\">\n<div dir=\"auto\">A pesar de enfrentar desaf\u00edos como las inclemencias del invierno y los recortes presupuestarios, no hemos cesado de buscar apoyos y forjar alianzas. En los primeros 10 meses, logramos obtener 12 millones de d\u00f3lares en fondos no reembolsables para infraestructura, gracias al apoyo de organizaciones internacionales que han cre\u00eddo en nuestra visi\u00f3n. Con cr\u00e9ditos del Banco de Desarrollo del Ecuador, hemos adquirido maquinaria por 564,000 d\u00f3lares y financiados estudios importantes de alcantarillado por 293,000 d\u00f3lares.<\/div>\n<\/div>\n<div class=\"x11i5rnm xat24cr x1mh8g0r x1vvkbs xtlvy1s x126k92a\" style=\"text-align: justify;\">\n<div dir=\"auto\"><\/div>\n<\/div>\n<div class=\"x11i5rnm xat24cr x1mh8g0r x1vvkbs xtlvy1s x126k92a\" style=\"text-align: justify;\">\n<div dir=\"auto\">Gracias a una gesti\u00f3n financiera prudente, hemos dado inicio al proceso de regeneraci\u00f3n urbana en las principales calles de la isla, invirtiendo 710,000 d\u00f3lares. Un convenio con la prefectura nos ha permitido participar en la mejora de 27 calles con una inversi\u00f3n de 500,000 d\u00f3lares, devolviendo la dignidad a nuestros conciudadanos que durante 67 a\u00f1os esperaron estos cambios.<\/div>\n<\/div>\n<div class=\"x11i5rnm xat24cr x1mh8g0r x1vvkbs xtlvy1s x126k92a\" style=\"text-align: justify;\">\n<div dir=\"auto\"><\/div>\n<\/div>\n<div class=\"x11i5rnm xat24cr x1mh8g0r x1vvkbs xtlvy1s x126k92a\" style=\"text-align: justify;\">\n<div dir=\"auto\">Con el comienzo de nuestro segundo a\u00f1o de gesti\u00f3n, estoy a\u00fan m\u00e1s convencida de que, con el apoyo de todos ustedes, continuaremos revitalizando la esperanza en nuestro querido cant\u00f3n.<\/div>\n<div dir=\"auto\"><\/div>\n<\/div>\n<div class=\"x11i5rnm xat24cr x1mh8g0r x1vvkbs xtlvy1s x126k92a\" style=\"text-align: justify;\">\n<div dir=\"auto\">Juntos, estoy segura de que construiremos el Muisne que hemos so\u00f1ado, un lugar donde nuestras familias se sientan m\u00e1s orgullosas que nunca de pertenecer a esta tierra bendecida.<\/div>\n<\/div>\n<div class=\"x11i5rnm xat24cr x1mh8g0r x1vvkbs xtlvy1s x126k92a\">\n<div dir=\"auto\" style=\"text-align: justify;\">Ing. Yuri Colorado M\u00e1rquez<\/div>\n<div dir=\"auto\" style=\"text-align: justify;\">Alcaldesa de Muisne<\/div>\n<div dir=\"auto\"><img loading=\"lazy\" decoding=\"async\" class=\"alignnone size-medium wp-image-7871\" src=\"https:\/\/gadmuisne.gob.ec\/web\/wp-content\/uploads\/2024\/05\/descarga-240x300.png\" alt=\"\" width=\"240\" height=\"300\" srcset=\"https:\/\/gadmuisne.gob.ec\/web\/wp-content\/uploads\/2024\/05\/descarga-240x300.png 240w, https:\/\/gadmuisne.gob.ec\/web\/wp-content\/uploads\/2024\/05\/descarga-270x338.png 270w, https:\/\/gadmuisne.gob.ec\/web\/wp-content\/uploads\/2024\/05\/descarga-370x463.png 370w, https:\/\/gadmuisne.gob.ec\/web\/wp-content\/uploads\/2024\/05\/descarga.png 500w\" sizes=\"auto, (max-width: 240px) 100vw, 240px\" \/><\/div>\n<\/div>\n","protected":false},"excerpt":{"rendered":"<p>Ha pasado ya un a\u00f1o desde que asumimos la responsabilidad de liderar nuestra administraci\u00f3n municipal, un a\u00f1o marcado por innumerables esfuerzos y un compromiso inquebrantable desde el primer d\u00eda para transformar y mejorar nuestra comunidad. Gracias a su confianza, estamos convirtiendo gradualmente nuestro sue\u00f1o de cambio en realidad. En el&#8230;<\/p>\n","protected":false},"author":1,"featured_media":7871,"comment_status":"closed","ping_status":"open","sticky":false,"template":"","format":"standard","meta":{"footnotes":""},"categories":[35],"tags":[],"class_list":["post-7870","post","type-post","status-publish","format-standard","has-post-thumbnail","hentry","category-actividades"],"_links":{"self":[{"href":"https:\/\/gadmuisne.gob.ec\/web\/wp-json\/wp\/v2\/posts\/7870","targetHints":{"allow":["GET"]}}],"collection":[{"href":"https:\/\/gadmuisne.gob.ec\/web\/wp-json\/wp\/v2\/posts"}],"about":[{"href":"https:\/\/gadmuisne.gob.ec\/web\/wp-json\/wp\/v2\/types\/post"}],"author":[{"embeddable":true,"href":"https:\/\/gadmuisne.gob.ec\/web\/wp-json\/wp\/v2\/users\/1"}],"replies":[{"embeddable":true,"href":"https:\/\/gadmuisne.gob.ec\/web\/wp-json\/wp\/v2\/comments?post=7870"}],"version-history":[{"count":1,"href":"https:\/\/gadmuisne.gob.ec\/web\/wp-json\/wp\/v2\/posts\/7870\/revisions"}],"predecessor-version":[{"id":7872,"href":"https:\/\/gadmuisne.gob.ec\/web\/wp-json\/wp\/v2\/posts\/7870\/revisions\/7872"}],"wp:featuredmedia":[{"embeddable":true,"href":"https:\/\/gadmuisne.gob.ec\/web\/wp-json\/wp\/v2\/media\/7871"}],"wp:attachment":[{"href":"https:\/\/gadmuisne.gob.ec\/web\/wp-json\/wp\/v2\/media?parent=7870"}],"wp:term":[{"taxonomy":"category","embeddable":true,"href":"https:\/\/gadmuisne.gob.ec\/web\/wp-json\/wp\/v2\/categories?post=7870"},{"taxonomy":"post_tag","embeddable":true,"href":"https:\/\/gadmuisne.gob.ec\/web\/wp-json\/wp\/v2\/tags?post=7870"}],"curies":[{"name":"wp","href":"https:\/\/api.w.org\/{rel}","templated":true}]}}