{"id":7873,"date":"2024-05-15T19:38:42","date_gmt":"2024-05-15T17:38:42","guid":{"rendered":"https:\/\/gadmuisne.gob.ec\/web\/?p=7873"},"modified":"2024-05-15T21:51:23","modified_gmt":"2024-05-15T19:51:23","slug":"7873-2","status":"publish","type":"post","link":"https:\/\/gadmuisne.gob.ec\/web\/7873-2\/","title":{"rendered":"\u00a1\u00danete a nosotros en la brigada m\u00e9dica en Quingue!"},"content":{"rendered":"<p style=\"text-align: justify;\">\u00a1\u00danete a nosotros en la brigada m\u00e9dica en Quingue!<\/p>\n<p style=\"text-align: justify;\">Fecha: Viernes 17 de mayo<br \/>\nHora: 09:00 &#8211; 16:00<\/p>\n<p style=\"text-align: justify;\">Te invitamos cordialmente a participar en nuestra brigada m\u00e9dica gratuita, donde ofreceremos servicios de Medicina General y Odontolog\u00eda. El evento se llevar\u00e1 a cabo en el GAD-Parroquial de Quingue.<\/p>\n<p style=\"text-align: justify;\">Esta iniciativa es posible gracias a la Alcald\u00eda de Muisne, el Gobierno Aut\u00f3nomo Descentralizado de la Parroquia Quingue, el Ministerio de Salud P\u00fablica (MSP), el Ministerio de Agricultura y Ganader\u00eda (MAG) y el Ministerio de Inclusi\u00f3n Econ\u00f3mica y Social (MIES).<\/p>\n<p style=\"text-align: justify;\">\u00a1Tu participaci\u00f3n es fundamental para el \u00e9xito de esta jornada!<\/p>\n<p style=\"text-align: justify;\">#JuntosLevantamosaMuisne<\/p>\n<p><img loading=\"lazy\" decoding=\"async\" class=\"alignnone size-medium wp-image-7874\" src=\"https:\/\/gadmuisne.gob.ec\/web\/wp-content\/uploads\/2024\/05\/ef7d2858-d8e1-468a-b4a2-89de31a236b2-227x300.jpg\" alt=\"\" width=\"227\" height=\"300\" srcset=\"https:\/\/gadmuisne.gob.ec\/web\/wp-content\/uploads\/2024\/05\/ef7d2858-d8e1-468a-b4a2-89de31a236b2-227x300.jpg 227w, https:\/\/gadmuisne.gob.ec\/web\/wp-content\/uploads\/2024\/05\/ef7d2858-d8e1-468a-b4a2-89de31a236b2-773x1024.jpg 773w, https:\/\/gadmuisne.gob.ec\/web\/wp-content\/uploads\/2024\/05\/ef7d2858-d8e1-468a-b4a2-89de31a236b2-768x1017.jpg 768w, https:\/\/gadmuisne.gob.ec\/web\/wp-content\/uploads\/2024\/05\/ef7d2858-d8e1-468a-b4a2-89de31a236b2-1160x1536.jpg 1160w, https:\/\/gadmuisne.gob.ec\/web\/wp-content\/uploads\/2024\/05\/ef7d2858-d8e1-468a-b4a2-89de31a236b2-270x358.jpg 270w, https:\/\/gadmuisne.gob.ec\/web\/wp-content\/uploads\/2024\/05\/ef7d2858-d8e1-468a-b4a2-89de31a236b2-370x490.jpg 370w, https:\/\/gadmuisne.gob.ec\/web\/wp-content\/uploads\/2024\/05\/ef7d2858-d8e1-468a-b4a2-89de31a236b2-570x755.jpg 570w, https:\/\/gadmuisne.gob.ec\/web\/wp-content\/uploads\/2024\/05\/ef7d2858-d8e1-468a-b4a2-89de31a236b2-770x1020.jpg 770w, https:\/\/gadmuisne.gob.ec\/web\/wp-content\/uploads\/2024\/05\/ef7d2858-d8e1-468a-b4a2-89de31a236b2-870x1152.jpg 870w, https:\/\/gadmuisne.gob.ec\/web\/wp-content\/uploads\/2024\/05\/ef7d2858-d8e1-468a-b4a2-89de31a236b2-1170x1550.jpg 1170w, https:\/\/gadmuisne.gob.ec\/web\/wp-content\/uploads\/2024\/05\/ef7d2858-d8e1-468a-b4a2-89de31a236b2.jpg 1208w\" sizes=\"auto, (max-width: 227px) 100vw, 227px\" \/><\/p>\n","protected":false},"excerpt":{"rendered":"<p>\u00a1\u00danete a nosotros en la brigada m\u00e9dica en Quingue! Fecha: Viernes 17 de mayo Hora: 09:00 &#8211; 16:00 Te invitamos cordialmente a participar en nuestra brigada m\u00e9dica gratuita, donde ofreceremos servicios de Medicina General y Odontolog\u00eda. El evento se llevar\u00e1 a cabo en el GAD-Parroquial de Quingue. Esta iniciativa es&#8230;<\/p>\n","protected":false},"author":1,"featured_media":7874,"comment_status":"closed","ping_status":"open","sticky":false,"template":"","format":"standard","meta":{"footnotes":""},"categories":[35],"tags":[],"class_list":["post-7873","post","type-post","status-publish","format-standard","has-post-thumbnail","hentry","category-actividades"],"_links":{"self":[{"href":"https:\/\/gadmuisne.gob.ec\/web\/wp-json\/wp\/v2\/posts\/7873","targetHints":{"allow":["GET"]}}],"collection":[{"href":"https:\/\/gadmuisne.gob.ec\/web\/wp-json\/wp\/v2\/posts"}],"about":[{"href":"https:\/\/gadmuisne.gob.ec\/web\/wp-json\/wp\/v2\/types\/post"}],"author":[{"embeddable":true,"href":"https:\/\/gadmuisne.gob.ec\/web\/wp-json\/wp\/v2\/users\/1"}],"replies":[{"embeddable":true,"href":"https:\/\/gadmuisne.gob.ec\/web\/wp-json\/wp\/v2\/comments?post=7873"}],"version-history":[{"count":3,"href":"https:\/\/gadmuisne.gob.ec\/web\/wp-json\/wp\/v2\/posts\/7873\/revisions"}],"predecessor-version":[{"id":7877,"href":"https:\/\/gadmuisne.gob.ec\/web\/wp-json\/wp\/v2\/posts\/7873\/revisions\/7877"}],"wp:featuredmedia":[{"embeddable":true,"href":"https:\/\/gadmuisne.gob.ec\/web\/wp-json\/wp\/v2\/media\/7874"}],"wp:attachment":[{"href":"https:\/\/gadmuisne.gob.ec\/web\/wp-json\/wp\/v2\/media?parent=7873"}],"wp:term":[{"taxonomy":"category","embeddable":true,"href":"https:\/\/gadmuisne.gob.ec\/web\/wp-json\/wp\/v2\/categories?post=7873"},{"taxonomy":"post_tag","embeddable":true,"href":"https:\/\/gadmuisne.gob.ec\/web\/wp-json\/wp\/v2\/tags?post=7873"}],"curies":[{"name":"wp","href":"https:\/\/api.w.org\/{rel}","templated":true}]}}