{"id":7878,"date":"2024-05-15T22:18:19","date_gmt":"2024-05-15T20:18:19","guid":{"rendered":"https:\/\/gadmuisne.gob.ec\/web\/?p=7878"},"modified":"2024-05-15T22:18:57","modified_gmt":"2024-05-15T20:18:57","slug":"7878-2","status":"publish","type":"post","link":"https:\/\/gadmuisne.gob.ec\/web\/7878-2\/","title":{"rendered":"Invitaci\u00f3n a la Rendici\u00f3n de Cuentas del Periodo 2023"},"content":{"rendered":"<p>Invitaci\u00f3n a la Rendici\u00f3n de Cuentas del Periodo 2023<\/p>\n<p>\u00a1Tu participaci\u00f3n es importante!<\/p>\n<p style=\"text-align: justify;\">El Gobierno Aut\u00f3nomo Descentralizado del Cant\u00f3n Muisne tiene el agrado de invitarte a participar en la Rendici\u00f3n de Cuentas del periodo 2023, un proceso fundamental en nuestro compromiso con la transparencia y la participaci\u00f3n ciudadana, dispuesto por el Consejo de Participaci\u00f3n Ciudadana y Control Social (CPCCS).<\/p>\n<p style=\"text-align: justify;\">\u00bfCu\u00e1ndo y D\u00f3nde?<br \/>\n&#8211; Fecha: 30 de mayo \ud83d\udcc5<br \/>\n&#8211; Hora: 14:00 \u23f0<br \/>\n&#8211; Lugar: Unidad Educativa San Luis Gonzaga \ud83c\udfeb<\/p>\n<p style=\"text-align: justify;\">Tu voz es esencial<br \/>\nAntes del evento, te animamos a enviar todas tus preguntas y opiniones, las cuales son esenciales para enriquecer este proceso. Cont\u00e1ctate con nosotros a trav\u00e9s del correo electr\u00f3nico:<br \/>\nalcaldia@gadmuisne.gob.ec<br \/>\nwhatsapp: 099 214 1746<\/p>\n<p style=\"text-align: justify;\">Contamos con tu valiosa participaci\u00f3n para seguir construyendo un gobierno abierto y participativo.<\/p>\n<p style=\"text-align: justify;\">Atentamente,<\/p>\n<p style=\"text-align: justify;\">Ing. Yuri Colorado M\u00e1rquez<br \/>\nAlcaldesa de Muisne<\/p>\n<p><img loading=\"lazy\" decoding=\"async\" class=\"alignnone size-medium wp-image-7879\" src=\"https:\/\/gadmuisne.gob.ec\/web\/wp-content\/uploads\/2024\/05\/9cfb6d8b-d089-44ac-b156-33d467668b1a-240x300.jpg\" alt=\"\" width=\"240\" height=\"300\" srcset=\"https:\/\/gadmuisne.gob.ec\/web\/wp-content\/uploads\/2024\/05\/9cfb6d8b-d089-44ac-b156-33d467668b1a-240x300.jpg 240w, https:\/\/gadmuisne.gob.ec\/web\/wp-content\/uploads\/2024\/05\/9cfb6d8b-d089-44ac-b156-33d467668b1a-819x1024.jpg 819w, https:\/\/gadmuisne.gob.ec\/web\/wp-content\/uploads\/2024\/05\/9cfb6d8b-d089-44ac-b156-33d467668b1a-768x961.jpg 768w, https:\/\/gadmuisne.gob.ec\/web\/wp-content\/uploads\/2024\/05\/9cfb6d8b-d089-44ac-b156-33d467668b1a-1228x1536.jpg 1228w, https:\/\/gadmuisne.gob.ec\/web\/wp-content\/uploads\/2024\/05\/9cfb6d8b-d089-44ac-b156-33d467668b1a-270x338.jpg 270w, https:\/\/gadmuisne.gob.ec\/web\/wp-content\/uploads\/2024\/05\/9cfb6d8b-d089-44ac-b156-33d467668b1a-370x463.jpg 370w, https:\/\/gadmuisne.gob.ec\/web\/wp-content\/uploads\/2024\/05\/9cfb6d8b-d089-44ac-b156-33d467668b1a-570x713.jpg 570w, https:\/\/gadmuisne.gob.ec\/web\/wp-content\/uploads\/2024\/05\/9cfb6d8b-d089-44ac-b156-33d467668b1a-770x963.jpg 770w, https:\/\/gadmuisne.gob.ec\/web\/wp-content\/uploads\/2024\/05\/9cfb6d8b-d089-44ac-b156-33d467668b1a-870x1088.jpg 870w, https:\/\/gadmuisne.gob.ec\/web\/wp-content\/uploads\/2024\/05\/9cfb6d8b-d089-44ac-b156-33d467668b1a-1170x1464.jpg 1170w, https:\/\/gadmuisne.gob.ec\/web\/wp-content\/uploads\/2024\/05\/9cfb6d8b-d089-44ac-b156-33d467668b1a.jpg 1279w\" sizes=\"auto, (max-width: 240px) 100vw, 240px\" \/><\/p>\n","protected":false},"excerpt":{"rendered":"<p>Invitaci\u00f3n a la Rendici\u00f3n de Cuentas del Periodo 2023 \u00a1Tu participaci\u00f3n es importante! El Gobierno Aut\u00f3nomo Descentralizado del Cant\u00f3n Muisne tiene el agrado de invitarte a participar en la Rendici\u00f3n de Cuentas del periodo 2023, un proceso fundamental en nuestro compromiso con la transparencia y la participaci\u00f3n ciudadana, dispuesto por&#8230;<\/p>\n","protected":false},"author":1,"featured_media":7879,"comment_status":"closed","ping_status":"open","sticky":false,"template":"","format":"standard","meta":{"footnotes":""},"categories":[35],"tags":[],"class_list":["post-7878","post","type-post","status-publish","format-standard","has-post-thumbnail","hentry","category-actividades"],"_links":{"self":[{"href":"https:\/\/gadmuisne.gob.ec\/web\/wp-json\/wp\/v2\/posts\/7878","targetHints":{"allow":["GET"]}}],"collection":[{"href":"https:\/\/gadmuisne.gob.ec\/web\/wp-json\/wp\/v2\/posts"}],"about":[{"href":"https:\/\/gadmuisne.gob.ec\/web\/wp-json\/wp\/v2\/types\/post"}],"author":[{"embeddable":true,"href":"https:\/\/gadmuisne.gob.ec\/web\/wp-json\/wp\/v2\/users\/1"}],"replies":[{"embeddable":true,"href":"https:\/\/gadmuisne.gob.ec\/web\/wp-json\/wp\/v2\/comments?post=7878"}],"version-history":[{"count":2,"href":"https:\/\/gadmuisne.gob.ec\/web\/wp-json\/wp\/v2\/posts\/7878\/revisions"}],"predecessor-version":[{"id":7881,"href":"https:\/\/gadmuisne.gob.ec\/web\/wp-json\/wp\/v2\/posts\/7878\/revisions\/7881"}],"wp:featuredmedia":[{"embeddable":true,"href":"https:\/\/gadmuisne.gob.ec\/web\/wp-json\/wp\/v2\/media\/7879"}],"wp:attachment":[{"href":"https:\/\/gadmuisne.gob.ec\/web\/wp-json\/wp\/v2\/media?parent=7878"}],"wp:term":[{"taxonomy":"category","embeddable":true,"href":"https:\/\/gadmuisne.gob.ec\/web\/wp-json\/wp\/v2\/categories?post=7878"},{"taxonomy":"post_tag","embeddable":true,"href":"https:\/\/gadmuisne.gob.ec\/web\/wp-json\/wp\/v2\/tags?post=7878"}],"curies":[{"name":"wp","href":"https:\/\/api.w.org\/{rel}","templated":true}]}}