{"id":7882,"date":"2024-05-16T00:00:22","date_gmt":"2024-05-15T22:00:22","guid":{"rendered":"https:\/\/gadmuisne.gob.ec\/web\/?p=7882"},"modified":"2024-05-16T00:05:13","modified_gmt":"2024-05-15T22:05:13","slug":"atencion-ciudadana-en-muisne","status":"publish","type":"post","link":"https:\/\/gadmuisne.gob.ec\/web\/atencion-ciudadana-en-muisne\/","title":{"rendered":"\u00a1Atenci\u00f3n Ciudadana en Muisne!"},"content":{"rendered":"<p style=\"text-align: justify;\">\u00a1Atenci\u00f3n Ciudadana en Muisne!<\/p>\n<p style=\"text-align: justify;\">La alcaldesa Yuri Colorado M\u00e1rquez tiene el placer de anunciar la creaci\u00f3n de un nuevo espacio de di\u00e1logo y participaci\u00f3n: \u2018Atenci\u00f3n Ciudadana con Yuri\u2019. Esta iniciativa est\u00e1 dise\u00f1ada para fomentar una comunicaci\u00f3n directa y efectiva con los habitantes y comunidades del cant\u00f3n.<\/p>\n<p style=\"text-align: justify;\">Detalles del di\u00e1logo:<br \/>\n&#8211; Horario: De 07:00 a 13:00<br \/>\n&#8211; D\u00eda: Todos los jueves<br \/>\n&#8211; Lugar: Despacho de la Alcald\u00eda<\/p>\n<p style=\"text-align: justify;\">Durante estos di\u00e1logos, tendr\u00e1s la oportunidad de:<br \/>\n&#8211; Informarte sobre los avances de las gestiones cumplidas por la alcaldesa.<br \/>\n&#8211; Presentar propuestas a la autoridad municipal, para el desarrollo de Muisne.<br \/>\n&#8211; Analizar, desde la Alcald\u00eda, las debilidades en las comunidades y convertirlas en fortalezas para bienestar colectivo.<\/p>\n<p style=\"text-align: justify;\">Este espacio acent\u00faa el compromiso de la alcaldesa con la transparencia y la participaci\u00f3n ciudadana, reforzando las bases de un gobierno abierto.<\/p>\n<p style=\"text-align: justify;\">#JuntosLevantamosaMuisne<\/p>\n<p><img loading=\"lazy\" decoding=\"async\" class=\"alignnone size-medium wp-image-7883\" src=\"https:\/\/gadmuisne.gob.ec\/web\/wp-content\/uploads\/2024\/05\/9bf40aa0-fc8a-48f9-b5a2-2d6f7896db98-240x300.jpg\" alt=\"\" width=\"240\" height=\"300\" srcset=\"https:\/\/gadmuisne.gob.ec\/web\/wp-content\/uploads\/2024\/05\/9bf40aa0-fc8a-48f9-b5a2-2d6f7896db98-240x300.jpg 240w, https:\/\/gadmuisne.gob.ec\/web\/wp-content\/uploads\/2024\/05\/9bf40aa0-fc8a-48f9-b5a2-2d6f7896db98-818x1024.jpg 818w, https:\/\/gadmuisne.gob.ec\/web\/wp-content\/uploads\/2024\/05\/9bf40aa0-fc8a-48f9-b5a2-2d6f7896db98-768x962.jpg 768w, https:\/\/gadmuisne.gob.ec\/web\/wp-content\/uploads\/2024\/05\/9bf40aa0-fc8a-48f9-b5a2-2d6f7896db98-1227x1536.jpg 1227w, https:\/\/gadmuisne.gob.ec\/web\/wp-content\/uploads\/2024\/05\/9bf40aa0-fc8a-48f9-b5a2-2d6f7896db98-270x338.jpg 270w, https:\/\/gadmuisne.gob.ec\/web\/wp-content\/uploads\/2024\/05\/9bf40aa0-fc8a-48f9-b5a2-2d6f7896db98-370x463.jpg 370w, https:\/\/gadmuisne.gob.ec\/web\/wp-content\/uploads\/2024\/05\/9bf40aa0-fc8a-48f9-b5a2-2d6f7896db98-570x714.jpg 570w, https:\/\/gadmuisne.gob.ec\/web\/wp-content\/uploads\/2024\/05\/9bf40aa0-fc8a-48f9-b5a2-2d6f7896db98-770x964.jpg 770w, https:\/\/gadmuisne.gob.ec\/web\/wp-content\/uploads\/2024\/05\/9bf40aa0-fc8a-48f9-b5a2-2d6f7896db98-870x1089.jpg 870w, https:\/\/gadmuisne.gob.ec\/web\/wp-content\/uploads\/2024\/05\/9bf40aa0-fc8a-48f9-b5a2-2d6f7896db98-1170x1465.jpg 1170w, https:\/\/gadmuisne.gob.ec\/web\/wp-content\/uploads\/2024\/05\/9bf40aa0-fc8a-48f9-b5a2-2d6f7896db98.jpg 1278w\" sizes=\"auto, (max-width: 240px) 100vw, 240px\" \/><\/p>\n","protected":false},"excerpt":{"rendered":"<p>\u00a1Atenci\u00f3n Ciudadana en Muisne! La alcaldesa Yuri Colorado M\u00e1rquez tiene el placer de anunciar la creaci\u00f3n de un nuevo espacio de di\u00e1logo y participaci\u00f3n: \u2018Atenci\u00f3n Ciudadana con Yuri\u2019. Esta iniciativa est\u00e1 dise\u00f1ada para fomentar una comunicaci\u00f3n directa y efectiva con los habitantes y comunidades del cant\u00f3n. Detalles del di\u00e1logo: &#8211;&#8230;<\/p>\n","protected":false},"author":1,"featured_media":7883,"comment_status":"closed","ping_status":"open","sticky":false,"template":"","format":"standard","meta":{"footnotes":""},"categories":[35],"tags":[],"class_list":["post-7882","post","type-post","status-publish","format-standard","has-post-thumbnail","hentry","category-actividades"],"_links":{"self":[{"href":"https:\/\/gadmuisne.gob.ec\/web\/wp-json\/wp\/v2\/posts\/7882","targetHints":{"allow":["GET"]}}],"collection":[{"href":"https:\/\/gadmuisne.gob.ec\/web\/wp-json\/wp\/v2\/posts"}],"about":[{"href":"https:\/\/gadmuisne.gob.ec\/web\/wp-json\/wp\/v2\/types\/post"}],"author":[{"embeddable":true,"href":"https:\/\/gadmuisne.gob.ec\/web\/wp-json\/wp\/v2\/users\/1"}],"replies":[{"embeddable":true,"href":"https:\/\/gadmuisne.gob.ec\/web\/wp-json\/wp\/v2\/comments?post=7882"}],"version-history":[{"count":3,"href":"https:\/\/gadmuisne.gob.ec\/web\/wp-json\/wp\/v2\/posts\/7882\/revisions"}],"predecessor-version":[{"id":7886,"href":"https:\/\/gadmuisne.gob.ec\/web\/wp-json\/wp\/v2\/posts\/7882\/revisions\/7886"}],"wp:featuredmedia":[{"embeddable":true,"href":"https:\/\/gadmuisne.gob.ec\/web\/wp-json\/wp\/v2\/media\/7883"}],"wp:attachment":[{"href":"https:\/\/gadmuisne.gob.ec\/web\/wp-json\/wp\/v2\/media?parent=7882"}],"wp:term":[{"taxonomy":"category","embeddable":true,"href":"https:\/\/gadmuisne.gob.ec\/web\/wp-json\/wp\/v2\/categories?post=7882"},{"taxonomy":"post_tag","embeddable":true,"href":"https:\/\/gadmuisne.gob.ec\/web\/wp-json\/wp\/v2\/tags?post=7882"}],"curies":[{"name":"wp","href":"https:\/\/api.w.org\/{rel}","templated":true}]}}