{"id":7908,"date":"2024-05-16T17:10:09","date_gmt":"2024-05-16T15:10:09","guid":{"rendered":"https:\/\/gadmuisne.gob.ec\/web\/?p=7908"},"modified":"2024-05-16T17:24:44","modified_gmt":"2024-05-16T15:24:44","slug":"alcaldesa-atendio-a-la-ciudadania-del-canton-muisne-desde-las-7h00-de-este-jueves","status":"publish","type":"post","link":"https:\/\/gadmuisne.gob.ec\/web\/alcaldesa-atendio-a-la-ciudadania-del-canton-muisne-desde-las-7h00-de-este-jueves\/","title":{"rendered":"Alcaldesa atendi\u00f3 a la ciudadan\u00eda del cant\u00f3n Muisne desde las 7h00 de este jueves"},"content":{"rendered":"<div class=\"xdj266r x11i5rnm xat24cr x1mh8g0r x1vvkbs x126k92a\">\n<div dir=\"auto\" style=\"text-align: justify;\">\n<div class=\"xdj266r x11i5rnm xat24cr x1mh8g0r x1vvkbs x126k92a\">\n<div dir=\"auto\"><img loading=\"lazy\" decoding=\"async\" class=\"alignnone size-medium wp-image-7910\" src=\"https:\/\/gadmuisne.gob.ec\/web\/wp-content\/uploads\/2024\/05\/ca8fa313-15d5-4d7b-97ee-1c92ae01b0f6-240x300.jpg\" alt=\"\" width=\"240\" height=\"300\" srcset=\"https:\/\/gadmuisne.gob.ec\/web\/wp-content\/uploads\/2024\/05\/ca8fa313-15d5-4d7b-97ee-1c92ae01b0f6-240x300.jpg 240w, https:\/\/gadmuisne.gob.ec\/web\/wp-content\/uploads\/2024\/05\/ca8fa313-15d5-4d7b-97ee-1c92ae01b0f6-818x1024.jpg 818w, https:\/\/gadmuisne.gob.ec\/web\/wp-content\/uploads\/2024\/05\/ca8fa313-15d5-4d7b-97ee-1c92ae01b0f6-768x962.jpg 768w, https:\/\/gadmuisne.gob.ec\/web\/wp-content\/uploads\/2024\/05\/ca8fa313-15d5-4d7b-97ee-1c92ae01b0f6-1227x1536.jpg 1227w, https:\/\/gadmuisne.gob.ec\/web\/wp-content\/uploads\/2024\/05\/ca8fa313-15d5-4d7b-97ee-1c92ae01b0f6-270x338.jpg 270w, https:\/\/gadmuisne.gob.ec\/web\/wp-content\/uploads\/2024\/05\/ca8fa313-15d5-4d7b-97ee-1c92ae01b0f6-370x463.jpg 370w, https:\/\/gadmuisne.gob.ec\/web\/wp-content\/uploads\/2024\/05\/ca8fa313-15d5-4d7b-97ee-1c92ae01b0f6-570x714.jpg 570w, https:\/\/gadmuisne.gob.ec\/web\/wp-content\/uploads\/2024\/05\/ca8fa313-15d5-4d7b-97ee-1c92ae01b0f6-770x964.jpg 770w, https:\/\/gadmuisne.gob.ec\/web\/wp-content\/uploads\/2024\/05\/ca8fa313-15d5-4d7b-97ee-1c92ae01b0f6-870x1089.jpg 870w, https:\/\/gadmuisne.gob.ec\/web\/wp-content\/uploads\/2024\/05\/ca8fa313-15d5-4d7b-97ee-1c92ae01b0f6-1170x1465.jpg 1170w, https:\/\/gadmuisne.gob.ec\/web\/wp-content\/uploads\/2024\/05\/ca8fa313-15d5-4d7b-97ee-1c92ae01b0f6.jpg 1278w\" sizes=\"auto, (max-width: 240px) 100vw, 240px\" \/>ATENCI\u00d3N CIUDADANA CON YURI COLORADO.<\/div>\n<\/div>\n<div dir=\"auto\">Desde as primeras horas de la ma\u00f1ana de este jueves, la alcaldesa del cant\u00f3n Muisne, Yuri Colorado M\u00e1rquez, inicio su d\u00eda de labores con la atenci\u00f3n a la ciudadan\u00eda en general desde su despacho.<\/div>\n<div dir=\"auto\"><\/div>\n<div class=\"x11i5rnm xat24cr x1mh8g0r x1vvkbs xtlvy1s x126k92a\">\n<div dir=\"auto\">Escuchar la voz de los ciudadanos nos motiva, para desde la Alcald\u00eda de Muisne, trabajar con optimismo por el desarrollo y cambio de la isla del encanto en la provincia de Esmeraldas.<\/div>\n<div dir=\"auto\"><\/div>\n<\/div>\n<div class=\"x11i5rnm xat24cr x1mh8g0r x1vvkbs xtlvy1s x126k92a\">\n<div dir=\"auto\"><span class=\"html-span xdj266r x11i5rnm xat24cr x1mh8g0r xexx8yu x4uap5 x18d9i69 xkhd6sd x1hl2dhg x16tdsg8 x1vvkbs\"><a class=\"x1i10hfl xjbqb8w x1ejq31n xd10rxx x1sy0etr x17r0tee x972fbf xcfux6l x1qhh985 xm0m39n x9f619 x1ypdohk xt0psk2 xe8uvvx xdj266r x11i5rnm xat24cr x1mh8g0r xexx8yu x4uap5 x18d9i69 xkhd6sd x16tdsg8 x1hl2dhg xggy1nq x1a2a7pz x1sur9pj xkrqix3 x1fey0fg xo1l8bm\" tabindex=\"0\" role=\"link\" href=\"https:\/\/www.facebook.com\/YuriColoradoAlcaldesaMuisne2019?__cft__[0]=AZUKVhgMT0Wy2aWgtV8qcN5mQwi13WgpdYL_KeVduYMEXjTP1WbYwO_LBfzaRPYFq8dEak1as5zpXYd-g80QvPV3Uv8H2dk1ECI_lUvfOlyFX3O5Yo8Wzko7BYkTigYyqUFCdyRCzPEH1yEWoyzkNHQtXLnh2UZxOcVP8m0CJ4zbd9OXTmx8OvVPnUWokP92r-EfFKrVGEMtp1MTD7lWZujkaHrP36bZI2_d6cPZjIprpg&amp;__tn__=-]K-R\"><span class=\"xt0psk2\">Yuri Colorado M<\/span><\/a><\/span><\/div>\n<div dir=\"auto\"><span class=\"html-span xdj266r x11i5rnm xat24cr x1mh8g0r xexx8yu x4uap5 x18d9i69 xkhd6sd x1hl2dhg x16tdsg8 x1vvkbs\"><a class=\"x1i10hfl xjbqb8w x1ejq31n xd10rxx x1sy0etr x17r0tee x972fbf xcfux6l x1qhh985 xm0m39n x9f619 x1ypdohk xt0psk2 xe8uvvx xdj266r x11i5rnm xat24cr x1mh8g0r xexx8yu x4uap5 x18d9i69 xkhd6sd x16tdsg8 x1hl2dhg xggy1nq x1a2a7pz x1sur9pj xkrqix3 x1fey0fg xo1l8bm\" tabindex=\"0\" role=\"link\" href=\"https:\/\/www.facebook.com\/hashtag\/alcaldiademusine?__eep__=6&amp;__cft__[0]=AZUKVhgMT0Wy2aWgtV8qcN5mQwi13WgpdYL_KeVduYMEXjTP1WbYwO_LBfzaRPYFq8dEak1as5zpXYd-g80QvPV3Uv8H2dk1ECI_lUvfOlyFX3O5Yo8Wzko7BYkTigYyqUFCdyRCzPEH1yEWoyzkNHQtXLnh2UZxOcVP8m0CJ4zbd9OXTmx8OvVPnUWokP92r-EfFKrVGEMtp1MTD7lWZujkaHrP36bZI2_d6cPZjIprpg&amp;__tn__=*NK-R\">#AlcaldiaDeMusine<\/a><\/span><\/div>\n<div dir=\"auto\"><span class=\"html-span xdj266r x11i5rnm xat24cr x1mh8g0r xexx8yu x4uap5 x18d9i69 xkhd6sd x1hl2dhg x16tdsg8 x1vvkbs\"><a class=\"x1i10hfl xjbqb8w x1ejq31n xd10rxx x1sy0etr x17r0tee x972fbf xcfux6l x1qhh985 xm0m39n x9f619 x1ypdohk xt0psk2 xe8uvvx xdj266r x11i5rnm xat24cr x1mh8g0r xexx8yu x4uap5 x18d9i69 xkhd6sd x16tdsg8 x1hl2dhg xggy1nq x1a2a7pz x1sur9pj xkrqix3 x1fey0fg xo1l8bm\" tabindex=\"0\" role=\"link\" href=\"https:\/\/www.facebook.com\/hashtag\/juntoslevantamosmuisne?__eep__=6&amp;__cft__[0]=AZUKVhgMT0Wy2aWgtV8qcN5mQwi13WgpdYL_KeVduYMEXjTP1WbYwO_LBfzaRPYFq8dEak1as5zpXYd-g80QvPV3Uv8H2dk1ECI_lUvfOlyFX3O5Yo8Wzko7BYkTigYyqUFCdyRCzPEH1yEWoyzkNHQtXLnh2UZxOcVP8m0CJ4zbd9OXTmx8OvVPnUWokP92r-EfFKrVGEMtp1MTD7lWZujkaHrP36bZI2_d6cPZjIprpg&amp;__tn__=*NK-R\">#JuntosLevantamosMuisne<\/a><\/span><\/div>\n<div dir=\"auto\"><img loading=\"lazy\" decoding=\"async\" class=\"alignnone size-medium wp-image-7910\" src=\"https:\/\/gadmuisne.gob.ec\/web\/wp-content\/uploads\/2024\/05\/ca8fa313-15d5-4d7b-97ee-1c92ae01b0f6-240x300.jpg\" alt=\"\" width=\"240\" height=\"300\" srcset=\"https:\/\/gadmuisne.gob.ec\/web\/wp-content\/uploads\/2024\/05\/ca8fa313-15d5-4d7b-97ee-1c92ae01b0f6-240x300.jpg 240w, https:\/\/gadmuisne.gob.ec\/web\/wp-content\/uploads\/2024\/05\/ca8fa313-15d5-4d7b-97ee-1c92ae01b0f6-818x1024.jpg 818w, https:\/\/gadmuisne.gob.ec\/web\/wp-content\/uploads\/2024\/05\/ca8fa313-15d5-4d7b-97ee-1c92ae01b0f6-768x962.jpg 768w, https:\/\/gadmuisne.gob.ec\/web\/wp-content\/uploads\/2024\/05\/ca8fa313-15d5-4d7b-97ee-1c92ae01b0f6-1227x1536.jpg 1227w, https:\/\/gadmuisne.gob.ec\/web\/wp-content\/uploads\/2024\/05\/ca8fa313-15d5-4d7b-97ee-1c92ae01b0f6-270x338.jpg 270w, https:\/\/gadmuisne.gob.ec\/web\/wp-content\/uploads\/2024\/05\/ca8fa313-15d5-4d7b-97ee-1c92ae01b0f6-370x463.jpg 370w, https:\/\/gadmuisne.gob.ec\/web\/wp-content\/uploads\/2024\/05\/ca8fa313-15d5-4d7b-97ee-1c92ae01b0f6-570x714.jpg 570w, https:\/\/gadmuisne.gob.ec\/web\/wp-content\/uploads\/2024\/05\/ca8fa313-15d5-4d7b-97ee-1c92ae01b0f6-770x964.jpg 770w, https:\/\/gadmuisne.gob.ec\/web\/wp-content\/uploads\/2024\/05\/ca8fa313-15d5-4d7b-97ee-1c92ae01b0f6-870x1089.jpg 870w, https:\/\/gadmuisne.gob.ec\/web\/wp-content\/uploads\/2024\/05\/ca8fa313-15d5-4d7b-97ee-1c92ae01b0f6-1170x1465.jpg 1170w, https:\/\/gadmuisne.gob.ec\/web\/wp-content\/uploads\/2024\/05\/ca8fa313-15d5-4d7b-97ee-1c92ae01b0f6.jpg 1278w\" sizes=\"auto, (max-width: 240px) 100vw, 240px\" \/><\/div>\n<\/div>\n<\/div>\n<\/div>\n<div class=\"x11i5rnm xat24cr x1mh8g0r x1vvkbs xtlvy1s x126k92a\"><\/div>\n","protected":false},"excerpt":{"rendered":"<p>ATENCI\u00d3N CIUDADANA CON YURI COLORADO. Desde as primeras horas de la ma\u00f1ana de este jueves, la alcaldesa del cant\u00f3n Muisne, Yuri Colorado M\u00e1rquez, inicio su d\u00eda de labores con la atenci\u00f3n a la ciudadan\u00eda en general desde su despacho. Escuchar la voz de los ciudadanos nos motiva, para desde la&#8230;<\/p>\n","protected":false},"author":1,"featured_media":7910,"comment_status":"closed","ping_status":"open","sticky":false,"template":"","format":"standard","meta":{"footnotes":""},"categories":[35],"tags":[],"class_list":["post-7908","post","type-post","status-publish","format-standard","has-post-thumbnail","hentry","category-actividades"],"_links":{"self":[{"href":"https:\/\/gadmuisne.gob.ec\/web\/wp-json\/wp\/v2\/posts\/7908","targetHints":{"allow":["GET"]}}],"collection":[{"href":"https:\/\/gadmuisne.gob.ec\/web\/wp-json\/wp\/v2\/posts"}],"about":[{"href":"https:\/\/gadmuisne.gob.ec\/web\/wp-json\/wp\/v2\/types\/post"}],"author":[{"embeddable":true,"href":"https:\/\/gadmuisne.gob.ec\/web\/wp-json\/wp\/v2\/users\/1"}],"replies":[{"embeddable":true,"href":"https:\/\/gadmuisne.gob.ec\/web\/wp-json\/wp\/v2\/comments?post=7908"}],"version-history":[{"count":2,"href":"https:\/\/gadmuisne.gob.ec\/web\/wp-json\/wp\/v2\/posts\/7908\/revisions"}],"predecessor-version":[{"id":7914,"href":"https:\/\/gadmuisne.gob.ec\/web\/wp-json\/wp\/v2\/posts\/7908\/revisions\/7914"}],"wp:featuredmedia":[{"embeddable":true,"href":"https:\/\/gadmuisne.gob.ec\/web\/wp-json\/wp\/v2\/media\/7910"}],"wp:attachment":[{"href":"https:\/\/gadmuisne.gob.ec\/web\/wp-json\/wp\/v2\/media?parent=7908"}],"wp:term":[{"taxonomy":"category","embeddable":true,"href":"https:\/\/gadmuisne.gob.ec\/web\/wp-json\/wp\/v2\/categories?post=7908"},{"taxonomy":"post_tag","embeddable":true,"href":"https:\/\/gadmuisne.gob.ec\/web\/wp-json\/wp\/v2\/tags?post=7908"}],"curies":[{"name":"wp","href":"https:\/\/api.w.org\/{rel}","templated":true}]}}