{"id":8129,"date":"2024-05-21T17:48:01","date_gmt":"2024-05-21T15:48:01","guid":{"rendered":"https:\/\/gadmuisne.gob.ec\/web\/?p=8129"},"modified":"2024-05-21T17:48:01","modified_gmt":"2024-05-21T15:48:01","slug":"yuri-colorado-alcaldesa-de-nuestro-canton-muisne-y-presidenta-de-la-regional-1-de-la-ame-asistio-a-la-rendicion-de-cuentas-de-la-alcaldia-de-atacames","status":"publish","type":"post","link":"https:\/\/gadmuisne.gob.ec\/web\/yuri-colorado-alcaldesa-de-nuestro-canton-muisne-y-presidenta-de-la-regional-1-de-la-ame-asistio-a-la-rendicion-de-cuentas-de-la-alcaldia-de-atacames\/","title":{"rendered":"Yuri Colorado alcaldesa de nuestro cant\u00f3n Muisne y presidenta de la regional 1 de la AME, asisti\u00f3 a la rendici\u00f3n de cuentas de la Alcald\u00eda de Atacames"},"content":{"rendered":"<div class=\"xdj266r x11i5rnm xat24cr x1mh8g0r x1vvkbs x126k92a\">\n<div dir=\"auto\" style=\"text-align: justify;\">Yuri Colorado alcaldesa de nuestro cant\u00f3n Muisne y presidenta de la regional 1 de la AME, asisti\u00f3 a la rendici\u00f3n de cuentas de la Alcald\u00eda de Atacames.<\/div>\n<\/div>\n<div class=\"x11i5rnm xat24cr x1mh8g0r x1vvkbs xtlvy1s x126k92a\">\n<div dir=\"auto\" style=\"text-align: justify;\">La unidad y la alegr\u00eda de las autoridades principales refleja el arduo trabajo y compromiso para la ciudadan\u00eda.<\/div>\n<div dir=\"auto\">\n<div style=\"width: 484px;\" class=\"wp-video\"><!--[if lt IE 9]><script>document.createElement('video');<\/script><![endif]-->\n<video class=\"wp-video-shortcode\" id=\"video-8129-1\" width=\"484\" height=\"848\" preload=\"metadata\" controls=\"controls\"><source type=\"video\/mp4\" src=\"https:\/\/gadmuisne.gob.ec\/web\/wp-content\/uploads\/2024\/05\/WhatsApp-Video-2024-05-21-at-10.42.46.mp4?_=1\" \/><a href=\"https:\/\/gadmuisne.gob.ec\/web\/wp-content\/uploads\/2024\/05\/WhatsApp-Video-2024-05-21-at-10.42.46.mp4\">https:\/\/gadmuisne.gob.ec\/web\/wp-content\/uploads\/2024\/05\/WhatsApp-Video-2024-05-21-at-10.42.46.mp4<\/a><\/video><\/div>\n<\/div>\n<\/div>\n","protected":false},"excerpt":{"rendered":"<p>Yuri Colorado alcaldesa de nuestro cant\u00f3n Muisne y presidenta de la regional 1 de la AME, asisti\u00f3 a la rendici\u00f3n de cuentas de la Alcald\u00eda de Atacames. La unidad y la alegr\u00eda de las autoridades principales refleja el arduo trabajo y compromiso para la ciudadan\u00eda.<\/p>\n","protected":false},"author":1,"featured_media":8119,"comment_status":"closed","ping_status":"open","sticky":false,"template":"","format":"standard","meta":{"footnotes":""},"categories":[35],"tags":[],"class_list":["post-8129","post","type-post","status-publish","format-standard","has-post-thumbnail","hentry","category-actividades"],"_links":{"self":[{"href":"https:\/\/gadmuisne.gob.ec\/web\/wp-json\/wp\/v2\/posts\/8129","targetHints":{"allow":["GET"]}}],"collection":[{"href":"https:\/\/gadmuisne.gob.ec\/web\/wp-json\/wp\/v2\/posts"}],"about":[{"href":"https:\/\/gadmuisne.gob.ec\/web\/wp-json\/wp\/v2\/types\/post"}],"author":[{"embeddable":true,"href":"https:\/\/gadmuisne.gob.ec\/web\/wp-json\/wp\/v2\/users\/1"}],"replies":[{"embeddable":true,"href":"https:\/\/gadmuisne.gob.ec\/web\/wp-json\/wp\/v2\/comments?post=8129"}],"version-history":[{"count":1,"href":"https:\/\/gadmuisne.gob.ec\/web\/wp-json\/wp\/v2\/posts\/8129\/revisions"}],"predecessor-version":[{"id":8131,"href":"https:\/\/gadmuisne.gob.ec\/web\/wp-json\/wp\/v2\/posts\/8129\/revisions\/8131"}],"wp:featuredmedia":[{"embeddable":true,"href":"https:\/\/gadmuisne.gob.ec\/web\/wp-json\/wp\/v2\/media\/8119"}],"wp:attachment":[{"href":"https:\/\/gadmuisne.gob.ec\/web\/wp-json\/wp\/v2\/media?parent=8129"}],"wp:term":[{"taxonomy":"category","embeddable":true,"href":"https:\/\/gadmuisne.gob.ec\/web\/wp-json\/wp\/v2\/categories?post=8129"},{"taxonomy":"post_tag","embeddable":true,"href":"https:\/\/gadmuisne.gob.ec\/web\/wp-json\/wp\/v2\/tags?post=8129"}],"curies":[{"name":"wp","href":"https:\/\/api.w.org\/{rel}","templated":true}]}}