{"id":8195,"date":"2024-05-22T16:17:51","date_gmt":"2024-05-22T14:17:51","guid":{"rendered":"https:\/\/gadmuisne.gob.ec\/web\/?p=8195"},"modified":"2024-05-23T16:21:49","modified_gmt":"2024-05-23T14:21:49","slug":"alcaldesa-revisa-ultimos-detalles-para-la-inauguracion-de-la-av-manabi","status":"publish","type":"post","link":"https:\/\/gadmuisne.gob.ec\/web\/alcaldesa-revisa-ultimos-detalles-para-la-inauguracion-de-la-av-manabi\/","title":{"rendered":"Alcaldesa revisa \u00faltimos detalles para la inauguraci\u00f3n de la Av. Manab\u00ed"},"content":{"rendered":"<div class=\"xdj266r x11i5rnm xat24cr x1mh8g0r x1vvkbs x126k92a\">\n<div dir=\"auto\" style=\"text-align: justify;\">La alcaldesa Yuri Colorado M\u00e1rquez se sum\u00f3 al equipo de trabajo que da los \u00faltimos retoques a la calle Esmeraldas, que conecta con la Av. Manab\u00ed en el centro de la isla de Muisne.<\/div>\n<\/div>\n<div class=\"x11i5rnm xat24cr x1mh8g0r x1vvkbs xtlvy1s x126k92a\" style=\"text-align: justify;\">\n<div dir=\"auto\"><\/div>\n<\/div>\n<div class=\"x11i5rnm xat24cr x1mh8g0r x1vvkbs xtlvy1s x126k92a\" style=\"text-align: justify;\">\n<div dir=\"auto\">All\u00ed constat\u00f3 el avance del proyecto que ser\u00e1 inaugurado el 30 de mayo, en conmemoraci\u00f3n de su primer a\u00f1o de gesti\u00f3n y presentaci\u00f3n de la rendici\u00f3n de cuentas 2023.<\/div>\n<div dir=\"auto\"><\/div>\n<\/div>\n<div class=\"x11i5rnm xat24cr x1mh8g0r x1vvkbs xtlvy1s x126k92a\" style=\"text-align: justify;\">\n<div dir=\"auto\">La iniciativa, que comenz\u00f3 a mediados de enero de este a\u00f1o, forma parte de un plan de regeneraci\u00f3n urbana que abarca tambi\u00e9n la calle Sacoto Bowen y un tramo de la calle Isidro Ayora, cerca de la playa, con un costo de USD 710,000.<\/div>\n<div dir=\"auto\"><\/div>\n<\/div>\n<div class=\"x11i5rnm xat24cr x1mh8g0r x1vvkbs xtlvy1s x126k92a\">\n<div dir=\"auto\" style=\"text-align: justify;\">Durante su recorrido, la alcaldesa convers\u00f3 con los responsables del proyecto en ejecuci\u00f3n, que devuelve la dignidad a los habitantes de la isla tras 67 a\u00f1os de espera.<\/div>\n<div dir=\"auto\"><img loading=\"lazy\" decoding=\"async\" class=\"alignnone size-medium wp-image-8196\" src=\"https:\/\/gadmuisne.gob.ec\/web\/wp-content\/uploads\/2024\/05\/441925696_355328364231389_6438924879344889208_n-300x225.jpg\" alt=\"\" width=\"300\" height=\"225\" srcset=\"https:\/\/gadmuisne.gob.ec\/web\/wp-content\/uploads\/2024\/05\/441925696_355328364231389_6438924879344889208_n-300x225.jpg 300w, https:\/\/gadmuisne.gob.ec\/web\/wp-content\/uploads\/2024\/05\/441925696_355328364231389_6438924879344889208_n-768x576.jpg 768w, https:\/\/gadmuisne.gob.ec\/web\/wp-content\/uploads\/2024\/05\/441925696_355328364231389_6438924879344889208_n-270x203.jpg 270w, https:\/\/gadmuisne.gob.ec\/web\/wp-content\/uploads\/2024\/05\/441925696_355328364231389_6438924879344889208_n-370x278.jpg 370w, https:\/\/gadmuisne.gob.ec\/web\/wp-content\/uploads\/2024\/05\/441925696_355328364231389_6438924879344889208_n-570x428.jpg 570w, https:\/\/gadmuisne.gob.ec\/web\/wp-content\/uploads\/2024\/05\/441925696_355328364231389_6438924879344889208_n-770x578.jpg 770w, https:\/\/gadmuisne.gob.ec\/web\/wp-content\/uploads\/2024\/05\/441925696_355328364231389_6438924879344889208_n-870x653.jpg 870w, https:\/\/gadmuisne.gob.ec\/web\/wp-content\/uploads\/2024\/05\/441925696_355328364231389_6438924879344889208_n.jpg 960w\" sizes=\"auto, (max-width: 300px) 100vw, 300px\" \/><img loading=\"lazy\" decoding=\"async\" class=\"alignnone size-medium wp-image-8197\" src=\"https:\/\/gadmuisne.gob.ec\/web\/wp-content\/uploads\/2024\/05\/442481677_355328334231392_5703659591462986877_n-300x225.jpg\" alt=\"\" width=\"300\" height=\"225\" srcset=\"https:\/\/gadmuisne.gob.ec\/web\/wp-content\/uploads\/2024\/05\/442481677_355328334231392_5703659591462986877_n-300x225.jpg 300w, https:\/\/gadmuisne.gob.ec\/web\/wp-content\/uploads\/2024\/05\/442481677_355328334231392_5703659591462986877_n-768x576.jpg 768w, https:\/\/gadmuisne.gob.ec\/web\/wp-content\/uploads\/2024\/05\/442481677_355328334231392_5703659591462986877_n-270x203.jpg 270w, https:\/\/gadmuisne.gob.ec\/web\/wp-content\/uploads\/2024\/05\/442481677_355328334231392_5703659591462986877_n-370x278.jpg 370w, https:\/\/gadmuisne.gob.ec\/web\/wp-content\/uploads\/2024\/05\/442481677_355328334231392_5703659591462986877_n-570x428.jpg 570w, https:\/\/gadmuisne.gob.ec\/web\/wp-content\/uploads\/2024\/05\/442481677_355328334231392_5703659591462986877_n-770x578.jpg 770w, https:\/\/gadmuisne.gob.ec\/web\/wp-content\/uploads\/2024\/05\/442481677_355328334231392_5703659591462986877_n-870x653.jpg 870w, https:\/\/gadmuisne.gob.ec\/web\/wp-content\/uploads\/2024\/05\/442481677_355328334231392_5703659591462986877_n.jpg 960w\" sizes=\"auto, (max-width: 300px) 100vw, 300px\" \/><img loading=\"lazy\" decoding=\"async\" class=\"alignnone size-medium wp-image-8198\" src=\"https:\/\/gadmuisne.gob.ec\/web\/wp-content\/uploads\/2024\/05\/444482411_355335834230642_4878904225620151933_n-300x225.jpg\" alt=\"\" width=\"300\" height=\"225\" srcset=\"https:\/\/gadmuisne.gob.ec\/web\/wp-content\/uploads\/2024\/05\/444482411_355335834230642_4878904225620151933_n-300x225.jpg 300w, https:\/\/gadmuisne.gob.ec\/web\/wp-content\/uploads\/2024\/05\/444482411_355335834230642_4878904225620151933_n-1024x768.jpg 1024w, https:\/\/gadmuisne.gob.ec\/web\/wp-content\/uploads\/2024\/05\/444482411_355335834230642_4878904225620151933_n-768x576.jpg 768w, https:\/\/gadmuisne.gob.ec\/web\/wp-content\/uploads\/2024\/05\/444482411_355335834230642_4878904225620151933_n-1536x1152.jpg 1536w, https:\/\/gadmuisne.gob.ec\/web\/wp-content\/uploads\/2024\/05\/444482411_355335834230642_4878904225620151933_n-270x203.jpg 270w, https:\/\/gadmuisne.gob.ec\/web\/wp-content\/uploads\/2024\/05\/444482411_355335834230642_4878904225620151933_n-370x278.jpg 370w, https:\/\/gadmuisne.gob.ec\/web\/wp-content\/uploads\/2024\/05\/444482411_355335834230642_4878904225620151933_n-570x428.jpg 570w, https:\/\/gadmuisne.gob.ec\/web\/wp-content\/uploads\/2024\/05\/444482411_355335834230642_4878904225620151933_n-770x578.jpg 770w, https:\/\/gadmuisne.gob.ec\/web\/wp-content\/uploads\/2024\/05\/444482411_355335834230642_4878904225620151933_n-870x653.jpg 870w, https:\/\/gadmuisne.gob.ec\/web\/wp-content\/uploads\/2024\/05\/444482411_355335834230642_4878904225620151933_n-1170x878.jpg 1170w, https:\/\/gadmuisne.gob.ec\/web\/wp-content\/uploads\/2024\/05\/444482411_355335834230642_4878904225620151933_n-1570x1178.jpg 1570w, https:\/\/gadmuisne.gob.ec\/web\/wp-content\/uploads\/2024\/05\/444482411_355335834230642_4878904225620151933_n.jpg 2048w\" sizes=\"auto, (max-width: 300px) 100vw, 300px\" \/><img loading=\"lazy\" decoding=\"async\" class=\"alignnone size-medium wp-image-8199\" src=\"https:\/\/gadmuisne.gob.ec\/web\/wp-content\/uploads\/2024\/05\/444484188_355328394231386_3928773704784253965_n-300x225.jpg\" alt=\"\" width=\"300\" height=\"225\" srcset=\"https:\/\/gadmuisne.gob.ec\/web\/wp-content\/uploads\/2024\/05\/444484188_355328394231386_3928773704784253965_n-300x225.jpg 300w, https:\/\/gadmuisne.gob.ec\/web\/wp-content\/uploads\/2024\/05\/444484188_355328394231386_3928773704784253965_n-768x576.jpg 768w, https:\/\/gadmuisne.gob.ec\/web\/wp-content\/uploads\/2024\/05\/444484188_355328394231386_3928773704784253965_n-270x203.jpg 270w, https:\/\/gadmuisne.gob.ec\/web\/wp-content\/uploads\/2024\/05\/444484188_355328394231386_3928773704784253965_n-370x278.jpg 370w, https:\/\/gadmuisne.gob.ec\/web\/wp-content\/uploads\/2024\/05\/444484188_355328394231386_3928773704784253965_n-570x428.jpg 570w, https:\/\/gadmuisne.gob.ec\/web\/wp-content\/uploads\/2024\/05\/444484188_355328394231386_3928773704784253965_n-770x578.jpg 770w, https:\/\/gadmuisne.gob.ec\/web\/wp-content\/uploads\/2024\/05\/444484188_355328394231386_3928773704784253965_n-870x653.jpg 870w, https:\/\/gadmuisne.gob.ec\/web\/wp-content\/uploads\/2024\/05\/444484188_355328394231386_3928773704784253965_n.jpg 960w\" sizes=\"auto, (max-width: 300px) 100vw, 300px\" \/><img loading=\"lazy\" decoding=\"async\" class=\"alignnone size-medium wp-image-8200\" src=\"https:\/\/gadmuisne.gob.ec\/web\/wp-content\/uploads\/2024\/05\/444484267_355328117564747_711569610943255085_n-300x225.jpg\" alt=\"\" width=\"300\" height=\"225\" srcset=\"https:\/\/gadmuisne.gob.ec\/web\/wp-content\/uploads\/2024\/05\/444484267_355328117564747_711569610943255085_n-300x225.jpg 300w, https:\/\/gadmuisne.gob.ec\/web\/wp-content\/uploads\/2024\/05\/444484267_355328117564747_711569610943255085_n-768x576.jpg 768w, https:\/\/gadmuisne.gob.ec\/web\/wp-content\/uploads\/2024\/05\/444484267_355328117564747_711569610943255085_n-270x203.jpg 270w, https:\/\/gadmuisne.gob.ec\/web\/wp-content\/uploads\/2024\/05\/444484267_355328117564747_711569610943255085_n-370x278.jpg 370w, https:\/\/gadmuisne.gob.ec\/web\/wp-content\/uploads\/2024\/05\/444484267_355328117564747_711569610943255085_n-570x428.jpg 570w, https:\/\/gadmuisne.gob.ec\/web\/wp-content\/uploads\/2024\/05\/444484267_355328117564747_711569610943255085_n-770x578.jpg 770w, https:\/\/gadmuisne.gob.ec\/web\/wp-content\/uploads\/2024\/05\/444484267_355328117564747_711569610943255085_n-870x653.jpg 870w, https:\/\/gadmuisne.gob.ec\/web\/wp-content\/uploads\/2024\/05\/444484267_355328117564747_711569610943255085_n.jpg 960w\" sizes=\"auto, (max-width: 300px) 100vw, 300px\" \/><img loading=\"lazy\" decoding=\"async\" class=\"alignnone size-medium wp-image-8201\" src=\"https:\/\/gadmuisne.gob.ec\/web\/wp-content\/uploads\/2024\/05\/445209439_355328310898061_5728106005202407187_n-300x225.jpg\" alt=\"\" width=\"300\" height=\"225\" srcset=\"https:\/\/gadmuisne.gob.ec\/web\/wp-content\/uploads\/2024\/05\/445209439_355328310898061_5728106005202407187_n-300x225.jpg 300w, https:\/\/gadmuisne.gob.ec\/web\/wp-content\/uploads\/2024\/05\/445209439_355328310898061_5728106005202407187_n-768x576.jpg 768w, https:\/\/gadmuisne.gob.ec\/web\/wp-content\/uploads\/2024\/05\/445209439_355328310898061_5728106005202407187_n-270x203.jpg 270w, https:\/\/gadmuisne.gob.ec\/web\/wp-content\/uploads\/2024\/05\/445209439_355328310898061_5728106005202407187_n-370x278.jpg 370w, https:\/\/gadmuisne.gob.ec\/web\/wp-content\/uploads\/2024\/05\/445209439_355328310898061_5728106005202407187_n-570x428.jpg 570w, https:\/\/gadmuisne.gob.ec\/web\/wp-content\/uploads\/2024\/05\/445209439_355328310898061_5728106005202407187_n-770x578.jpg 770w, https:\/\/gadmuisne.gob.ec\/web\/wp-content\/uploads\/2024\/05\/445209439_355328310898061_5728106005202407187_n-870x653.jpg 870w, https:\/\/gadmuisne.gob.ec\/web\/wp-content\/uploads\/2024\/05\/445209439_355328310898061_5728106005202407187_n.jpg 960w\" sizes=\"auto, (max-width: 300px) 100vw, 300px\" \/><\/div>\n<\/div>\n","protected":false},"excerpt":{"rendered":"<p>La alcaldesa Yuri Colorado M\u00e1rquez se sum\u00f3 al equipo de trabajo que da los \u00faltimos retoques a la calle Esmeraldas, que conecta con la Av. Manab\u00ed en el centro de la isla de Muisne. All\u00ed constat\u00f3 el avance del proyecto que ser\u00e1 inaugurado el 30 de mayo, en conmemoraci\u00f3n de&#8230;<\/p>\n","protected":false},"author":1,"featured_media":8201,"comment_status":"closed","ping_status":"open","sticky":false,"template":"","format":"standard","meta":{"footnotes":""},"categories":[35],"tags":[],"class_list":["post-8195","post","type-post","status-publish","format-standard","has-post-thumbnail","hentry","category-actividades"],"_links":{"self":[{"href":"https:\/\/gadmuisne.gob.ec\/web\/wp-json\/wp\/v2\/posts\/8195","targetHints":{"allow":["GET"]}}],"collection":[{"href":"https:\/\/gadmuisne.gob.ec\/web\/wp-json\/wp\/v2\/posts"}],"about":[{"href":"https:\/\/gadmuisne.gob.ec\/web\/wp-json\/wp\/v2\/types\/post"}],"author":[{"embeddable":true,"href":"https:\/\/gadmuisne.gob.ec\/web\/wp-json\/wp\/v2\/users\/1"}],"replies":[{"embeddable":true,"href":"https:\/\/gadmuisne.gob.ec\/web\/wp-json\/wp\/v2\/comments?post=8195"}],"version-history":[{"count":1,"href":"https:\/\/gadmuisne.gob.ec\/web\/wp-json\/wp\/v2\/posts\/8195\/revisions"}],"predecessor-version":[{"id":8202,"href":"https:\/\/gadmuisne.gob.ec\/web\/wp-json\/wp\/v2\/posts\/8195\/revisions\/8202"}],"wp:featuredmedia":[{"embeddable":true,"href":"https:\/\/gadmuisne.gob.ec\/web\/wp-json\/wp\/v2\/media\/8201"}],"wp:attachment":[{"href":"https:\/\/gadmuisne.gob.ec\/web\/wp-json\/wp\/v2\/media?parent=8195"}],"wp:term":[{"taxonomy":"category","embeddable":true,"href":"https:\/\/gadmuisne.gob.ec\/web\/wp-json\/wp\/v2\/categories?post=8195"},{"taxonomy":"post_tag","embeddable":true,"href":"https:\/\/gadmuisne.gob.ec\/web\/wp-json\/wp\/v2\/tags?post=8195"}],"curies":[{"name":"wp","href":"https:\/\/api.w.org\/{rel}","templated":true}]}}