{"id":8251,"date":"2024-05-27T15:19:26","date_gmt":"2024-05-27T13:19:26","guid":{"rendered":"https:\/\/gadmuisne.gob.ec\/web\/?p=8251"},"modified":"2024-05-27T15:24:28","modified_gmt":"2024-05-27T13:24:28","slug":"abrazo-a-nuestros-hermanos-en-cada-una-de-las-comunidades-de-nuestras-parroquias-en-nuestra-bella-provincia-de-esmeraldas","status":"publish","type":"post","link":"https:\/\/gadmuisne.gob.ec\/web\/abrazo-a-nuestros-hermanos-en-cada-una-de-las-comunidades-de-nuestras-parroquias-en-nuestra-bella-provincia-de-esmeraldas\/","title":{"rendered":"Abrazo a nuestros hermanos en cada una de las comunidades de nuestras parroquias en nuestra bella provincia de Esmeraldas"},"content":{"rendered":"<div class=\"xdj266r x11i5rnm xat24cr x1mh8g0r x1vvkbs x126k92a\">\n<div dir=\"auto\" style=\"text-align: justify;\">Es la \u00faltima semana del mes se mayo y desde la Alcald\u00eda de <span class=\"html-span xdj266r x11i5rnm xat24cr x1mh8g0r xexx8yu x4uap5 x18d9i69 xkhd6sd x1hl2dhg x16tdsg8 x1vvkbs\"><a class=\"x1i10hfl xjbqb8w x1ejq31n xd10rxx x1sy0etr x17r0tee x972fbf xcfux6l x1qhh985 xm0m39n x9f619 x1ypdohk xt0psk2 xe8uvvx xdj266r x11i5rnm xat24cr x1mh8g0r xexx8yu x4uap5 x18d9i69 xkhd6sd x16tdsg8 x1hl2dhg xggy1nq x1a2a7pz x1sur9pj xkrqix3 x1fey0fg xo1l8bm\" tabindex=\"0\" role=\"link\" href=\"https:\/\/www.facebook.com\/hashtag\/muisne?__eep__=6&amp;__cft__[0]=AZU_Z_ckpnWEPjECxmpwJq7nvUaVfaAPOBGtH5-wC8PKQCo42v9zQZh22cgVoMb_iUhy8_sXPAn6D-Za6aG8hz8-Ai5UnqfUIIBIX3iVryCIee8-A70Vyi7Esyr9lXrhy3PfyOWkxCYXMF_IRN65ZClErwdhtGGNnbN6FpVSwfKxDmOrQbxIrryrbhXAvpRRWCOHi5fdtjQlAnN6ho_A0iPH&amp;__tn__=*NK-R\">#Muisne<\/a><\/span> enviamos un fuerte abrazo a nuestros hermanos en cada una de las comunidades de nuestras parroquias en nuestra bella provincia de <span class=\"html-span xdj266r x11i5rnm xat24cr x1mh8g0r xexx8yu x4uap5 x18d9i69 xkhd6sd x1hl2dhg x16tdsg8 x1vvkbs\"><a class=\"x1i10hfl xjbqb8w x1ejq31n xd10rxx x1sy0etr x17r0tee x972fbf xcfux6l x1qhh985 xm0m39n x9f619 x1ypdohk xt0psk2 xe8uvvx xdj266r x11i5rnm xat24cr x1mh8g0r xexx8yu x4uap5 x18d9i69 xkhd6sd x16tdsg8 x1hl2dhg xggy1nq x1a2a7pz x1sur9pj xkrqix3 x1fey0fg xo1l8bm\" tabindex=\"0\" role=\"link\" href=\"https:\/\/www.facebook.com\/hashtag\/esmeraldas?__eep__=6&amp;__cft__[0]=AZU_Z_ckpnWEPjECxmpwJq7nvUaVfaAPOBGtH5-wC8PKQCo42v9zQZh22cgVoMb_iUhy8_sXPAn6D-Za6aG8hz8-Ai5UnqfUIIBIX3iVryCIee8-A70Vyi7Esyr9lXrhy3PfyOWkxCYXMF_IRN65ZClErwdhtGGNnbN6FpVSwfKxDmOrQbxIrryrbhXAvpRRWCOHi5fdtjQlAnN6ho_A0iPH&amp;__tn__=*NK-R\">#Esmeraldas<\/a><\/span><\/div>\n<div dir=\"auto\"><\/div>\n<\/div>\n<div class=\"x11i5rnm xat24cr x1mh8g0r x1vvkbs xtlvy1s x126k92a\" style=\"text-align: justify;\">\n<div dir=\"auto\">Seguiremos trabajando con optimismo por ustedes, los d\u00edas de cambio para nuestro cant\u00f3n est\u00e1n llegando, vamos por m\u00e1s, uni\u00e9ndonos todos como un gran equipo, as\u00ed lograremos alcanzar el verdadero progreso para nuestra encantadora tierra.<\/div>\n<\/div>\n<div class=\"x11i5rnm xat24cr x1mh8g0r x1vvkbs xtlvy1s x126k92a\">\n<div dir=\"auto\" style=\"text-align: justify;\">Con aprecio,<\/div>\n<div dir=\"auto\" style=\"text-align: justify;\">Ing. <span class=\"html-span xdj266r x11i5rnm xat24cr x1mh8g0r xexx8yu x4uap5 x18d9i69 xkhd6sd x1hl2dhg x16tdsg8 x1vvkbs\"><a class=\"x1i10hfl xjbqb8w x1ejq31n xd10rxx x1sy0etr x17r0tee x972fbf xcfux6l x1qhh985 xm0m39n x9f619 x1ypdohk xt0psk2 xe8uvvx xdj266r x11i5rnm xat24cr x1mh8g0r xexx8yu x4uap5 x18d9i69 xkhd6sd x16tdsg8 x1hl2dhg xggy1nq x1a2a7pz x1sur9pj xkrqix3 x1fey0fg xo1l8bm\" tabindex=\"0\" role=\"link\" href=\"https:\/\/www.facebook.com\/YuriColoradoAlcaldesaMuisne2019?__cft__[0]=AZU_Z_ckpnWEPjECxmpwJq7nvUaVfaAPOBGtH5-wC8PKQCo42v9zQZh22cgVoMb_iUhy8_sXPAn6D-Za6aG8hz8-Ai5UnqfUIIBIX3iVryCIee8-A70Vyi7Esyr9lXrhy3PfyOWkxCYXMF_IRN65ZClErwdhtGGNnbN6FpVSwfKxDmOrQbxIrryrbhXAvpRRWCOHi5fdtjQlAnN6ho_A0iPH&amp;__tn__=-]K-R\"><span class=\"xt0psk2\">Yuri Colorado<\/span><\/a><\/span><\/div>\n<div dir=\"auto\" style=\"text-align: justify;\">Alcaldesa de Muisne<\/div>\n<div dir=\"auto\"><img loading=\"lazy\" decoding=\"async\" class=\"alignnone size-medium wp-image-8252\" src=\"https:\/\/gadmuisne.gob.ec\/web\/wp-content\/uploads\/2024\/05\/444487078_358257033938522_7571866431304019104_n-300x300.jpg\" alt=\"\" width=\"300\" height=\"300\" srcset=\"https:\/\/gadmuisne.gob.ec\/web\/wp-content\/uploads\/2024\/05\/444487078_358257033938522_7571866431304019104_n-300x300.jpg 300w, https:\/\/gadmuisne.gob.ec\/web\/wp-content\/uploads\/2024\/05\/444487078_358257033938522_7571866431304019104_n-1024x1024.jpg 1024w, https:\/\/gadmuisne.gob.ec\/web\/wp-content\/uploads\/2024\/05\/444487078_358257033938522_7571866431304019104_n-150x150.jpg 150w, https:\/\/gadmuisne.gob.ec\/web\/wp-content\/uploads\/2024\/05\/444487078_358257033938522_7571866431304019104_n-768x768.jpg 768w, https:\/\/gadmuisne.gob.ec\/web\/wp-content\/uploads\/2024\/05\/444487078_358257033938522_7571866431304019104_n-70x70.jpg 70w, https:\/\/gadmuisne.gob.ec\/web\/wp-content\/uploads\/2024\/05\/444487078_358257033938522_7571866431304019104_n-270x270.jpg 270w, https:\/\/gadmuisne.gob.ec\/web\/wp-content\/uploads\/2024\/05\/444487078_358257033938522_7571866431304019104_n-370x370.jpg 370w, https:\/\/gadmuisne.gob.ec\/web\/wp-content\/uploads\/2024\/05\/444487078_358257033938522_7571866431304019104_n-570x570.jpg 570w, https:\/\/gadmuisne.gob.ec\/web\/wp-content\/uploads\/2024\/05\/444487078_358257033938522_7571866431304019104_n-770x770.jpg 770w, https:\/\/gadmuisne.gob.ec\/web\/wp-content\/uploads\/2024\/05\/444487078_358257033938522_7571866431304019104_n-870x870.jpg 870w, https:\/\/gadmuisne.gob.ec\/web\/wp-content\/uploads\/2024\/05\/444487078_358257033938522_7571866431304019104_n-1170x1170.jpg 1170w, https:\/\/gadmuisne.gob.ec\/web\/wp-content\/uploads\/2024\/05\/444487078_358257033938522_7571866431304019104_n.jpg 1440w\" sizes=\"auto, (max-width: 300px) 100vw, 300px\" \/><\/div>\n<\/div>\n","protected":false},"excerpt":{"rendered":"<p>Es la \u00faltima semana del mes se mayo y desde la Alcald\u00eda de #Muisne enviamos un fuerte abrazo a nuestros hermanos en cada una de las comunidades de nuestras parroquias en nuestra bella provincia de #Esmeraldas Seguiremos trabajando con optimismo por ustedes, los d\u00edas de cambio para nuestro cant\u00f3n est\u00e1n&#8230;<\/p>\n","protected":false},"author":1,"featured_media":8252,"comment_status":"closed","ping_status":"open","sticky":false,"template":"","format":"standard","meta":{"footnotes":""},"categories":[35],"tags":[],"class_list":["post-8251","post","type-post","status-publish","format-standard","has-post-thumbnail","hentry","category-actividades"],"_links":{"self":[{"href":"https:\/\/gadmuisne.gob.ec\/web\/wp-json\/wp\/v2\/posts\/8251","targetHints":{"allow":["GET"]}}],"collection":[{"href":"https:\/\/gadmuisne.gob.ec\/web\/wp-json\/wp\/v2\/posts"}],"about":[{"href":"https:\/\/gadmuisne.gob.ec\/web\/wp-json\/wp\/v2\/types\/post"}],"author":[{"embeddable":true,"href":"https:\/\/gadmuisne.gob.ec\/web\/wp-json\/wp\/v2\/users\/1"}],"replies":[{"embeddable":true,"href":"https:\/\/gadmuisne.gob.ec\/web\/wp-json\/wp\/v2\/comments?post=8251"}],"version-history":[{"count":3,"href":"https:\/\/gadmuisne.gob.ec\/web\/wp-json\/wp\/v2\/posts\/8251\/revisions"}],"predecessor-version":[{"id":8256,"href":"https:\/\/gadmuisne.gob.ec\/web\/wp-json\/wp\/v2\/posts\/8251\/revisions\/8256"}],"wp:featuredmedia":[{"embeddable":true,"href":"https:\/\/gadmuisne.gob.ec\/web\/wp-json\/wp\/v2\/media\/8252"}],"wp:attachment":[{"href":"https:\/\/gadmuisne.gob.ec\/web\/wp-json\/wp\/v2\/media?parent=8251"}],"wp:term":[{"taxonomy":"category","embeddable":true,"href":"https:\/\/gadmuisne.gob.ec\/web\/wp-json\/wp\/v2\/categories?post=8251"},{"taxonomy":"post_tag","embeddable":true,"href":"https:\/\/gadmuisne.gob.ec\/web\/wp-json\/wp\/v2\/tags?post=8251"}],"curies":[{"name":"wp","href":"https:\/\/api.w.org\/{rel}","templated":true}]}}