{"id":8303,"date":"2024-05-28T15:41:01","date_gmt":"2024-05-28T13:41:01","guid":{"rendered":"https:\/\/gadmuisne.gob.ec\/web\/?p=8303"},"modified":"2024-05-28T15:41:48","modified_gmt":"2024-05-28T13:41:48","slug":"alcaldes-estara-dialogo-con-medios-de-comunicacion-de-la-ciudad-de-esmeraldas","status":"publish","type":"post","link":"https:\/\/gadmuisne.gob.ec\/web\/alcaldes-estara-dialogo-con-medios-de-comunicacion-de-la-ciudad-de-esmeraldas\/","title":{"rendered":"Alcaldes estar\u00e1 en di\u00e1logo con medios de comunicaci\u00f3n de la ciudad de Esmeraldas"},"content":{"rendered":"<div class=\"xdj266r x11i5rnm xat24cr x1mh8g0r x1vvkbs x126k92a\">\n<div dir=\"auto\" style=\"text-align: justify;\">La alcaldesa de <span class=\"html-span xdj266r x11i5rnm xat24cr x1mh8g0r xexx8yu x4uap5 x18d9i69 xkhd6sd x1hl2dhg x16tdsg8 x1vvkbs\"><a class=\"x1i10hfl xjbqb8w x1ejq31n xd10rxx x1sy0etr x17r0tee x972fbf xcfux6l x1qhh985 xm0m39n x9f619 x1ypdohk xt0psk2 xe8uvvx xdj266r x11i5rnm xat24cr x1mh8g0r xexx8yu x4uap5 x18d9i69 xkhd6sd x16tdsg8 x1hl2dhg xggy1nq x1a2a7pz x1sur9pj xkrqix3 x1fey0fg xo1l8bm\" tabindex=\"0\" role=\"link\" href=\"https:\/\/www.facebook.com\/hashtag\/muisne?__eep__=6&amp;__cft__[0]=AZU4OGdS2IE9ghfg7F5EfwSyV-4RNAySBiEI3G3a5-Ty3--RpOC9q5_VEotzbI6_KwpwRl1lU8jdhpf1OZDdKszS1U2xsuvPogPxLnSw7_-sj_QLJNdakxv2lq1AXGBqwq8P9lHjO46LM8Oty4cYQnlVKkKNt448_9qlox8tEkwKIVNgf5QioEts4e8vt-2XzHndvCmdJ2h6nWYpFWg9qgg-&amp;__tn__=*NK-R\">#Muisne<\/a><\/span> <span class=\"html-span xdj266r x11i5rnm xat24cr x1mh8g0r xexx8yu x4uap5 x18d9i69 xkhd6sd x1hl2dhg x16tdsg8 x1vvkbs\"><a class=\"x1i10hfl xjbqb8w x1ejq31n xd10rxx x1sy0etr x17r0tee x972fbf xcfux6l x1qhh985 xm0m39n x9f619 x1ypdohk xt0psk2 xe8uvvx xdj266r x11i5rnm xat24cr x1mh8g0r xexx8yu x4uap5 x18d9i69 xkhd6sd x16tdsg8 x1hl2dhg xggy1nq x1a2a7pz x1sur9pj xkrqix3 x1fey0fg xo1l8bm\" tabindex=\"0\" role=\"link\" href=\"https:\/\/www.facebook.com\/YuriColoradoAlcaldesaMuisne2019?__cft__[0]=AZU4OGdS2IE9ghfg7F5EfwSyV-4RNAySBiEI3G3a5-Ty3--RpOC9q5_VEotzbI6_KwpwRl1lU8jdhpf1OZDdKszS1U2xsuvPogPxLnSw7_-sj_QLJNdakxv2lq1AXGBqwq8P9lHjO46LM8Oty4cYQnlVKkKNt448_9qlox8tEkwKIVNgf5QioEts4e8vt-2XzHndvCmdJ2h6nWYpFWg9qgg-&amp;__tn__=-]K-R\"><span class=\"xt0psk2\">Yuri Colorado<\/span><\/a><\/span>, en di\u00e1logo con medios de comunicaci\u00f3n de la ciudad de <span class=\"html-span xdj266r x11i5rnm xat24cr x1mh8g0r xexx8yu x4uap5 x18d9i69 xkhd6sd x1hl2dhg x16tdsg8 x1vvkbs\"><a class=\"x1i10hfl xjbqb8w x1ejq31n xd10rxx x1sy0etr x17r0tee x972fbf xcfux6l x1qhh985 xm0m39n x9f619 x1ypdohk xt0psk2 xe8uvvx xdj266r x11i5rnm xat24cr x1mh8g0r xexx8yu x4uap5 x18d9i69 xkhd6sd x16tdsg8 x1hl2dhg xggy1nq x1a2a7pz x1sur9pj xkrqix3 x1fey0fg xo1l8bm\" tabindex=\"0\" role=\"link\" href=\"https:\/\/www.facebook.com\/hashtag\/esmeraldas?__eep__=6&amp;__cft__[0]=AZU4OGdS2IE9ghfg7F5EfwSyV-4RNAySBiEI3G3a5-Ty3--RpOC9q5_VEotzbI6_KwpwRl1lU8jdhpf1OZDdKszS1U2xsuvPogPxLnSw7_-sj_QLJNdakxv2lq1AXGBqwq8P9lHjO46LM8Oty4cYQnlVKkKNt448_9qlox8tEkwKIVNgf5QioEts4e8vt-2XzHndvCmdJ2h6nWYpFWg9qgg-&amp;__tn__=*NK-R\">#Esmeraldas<\/a><\/span> brindar\u00e1 detalles de los siguiente temas.<\/div>\n<\/div>\n<div class=\"x11i5rnm xat24cr x1mh8g0r x1vvkbs xtlvy1s x126k92a\" style=\"text-align: justify;\">\n<div dir=\"auto\"><span class=\"html-span xexx8yu x4uap5 x18d9i69 xkhd6sd x1hl2dhg x16tdsg8 x1vvkbs x3nfvp2 x1j61x8r x1fcty0u xdj266r xhhsvwb xat24cr xgzva0m xxymvpz xlup9mm x1kky2od\"><img loading=\"lazy\" decoding=\"async\" class=\"xz74otr\" src=\"https:\/\/static.xx.fbcdn.net\/images\/emoji.php\/v9\/t33\/1\/16\/2705.png\" alt=\"\u2705\ufe0f\" width=\"16\" height=\"16\" \/><\/span> Rendici\u00f3n de cuentas 2023.<\/div>\n<div dir=\"auto\"><span class=\"html-span xexx8yu x4uap5 x18d9i69 xkhd6sd x1hl2dhg x16tdsg8 x1vvkbs x3nfvp2 x1j61x8r x1fcty0u xdj266r xhhsvwb xat24cr xgzva0m xxymvpz xlup9mm x1kky2od\"><img loading=\"lazy\" decoding=\"async\" class=\"xz74otr\" src=\"https:\/\/static.xx.fbcdn.net\/images\/emoji.php\/v9\/t33\/1\/16\/2705.png\" alt=\"\u2705\ufe0f\" width=\"16\" height=\"16\" \/><\/span> Primer a\u00f1o de gesti\u00f3n.<\/div>\n<div dir=\"auto\"><span class=\"html-span xexx8yu x4uap5 x18d9i69 xkhd6sd x1hl2dhg x16tdsg8 x1vvkbs x3nfvp2 x1j61x8r x1fcty0u xdj266r xhhsvwb xat24cr xgzva0m xxymvpz xlup9mm x1kky2od\"><img loading=\"lazy\" decoding=\"async\" class=\"xz74otr\" src=\"https:\/\/static.xx.fbcdn.net\/images\/emoji.php\/v9\/t33\/1\/16\/2705.png\" alt=\"\u2705\ufe0f\" width=\"16\" height=\"16\" \/><\/span> Transferencia de recursos a los Gad&#8217;s<\/div>\n<\/div>\n<div class=\"x11i5rnm xat24cr x1mh8g0r x1vvkbs xtlvy1s x126k92a\">\n<div dir=\"auto\" style=\"text-align: justify;\">\u00a1Acompa\u00f1anos!<\/div>\n<div dir=\"auto\"><img loading=\"lazy\" decoding=\"async\" class=\"alignnone size-medium wp-image-8304\" src=\"https:\/\/gadmuisne.gob.ec\/web\/wp-content\/uploads\/2024\/05\/444483278_358651210565771_3889963303640743329_n-290x300.jpg\" alt=\"\" width=\"290\" height=\"300\" srcset=\"https:\/\/gadmuisne.gob.ec\/web\/wp-content\/uploads\/2024\/05\/444483278_358651210565771_3889963303640743329_n-290x300.jpg 290w, https:\/\/gadmuisne.gob.ec\/web\/wp-content\/uploads\/2024\/05\/444483278_358651210565771_3889963303640743329_n-988x1024.jpg 988w, https:\/\/gadmuisne.gob.ec\/web\/wp-content\/uploads\/2024\/05\/444483278_358651210565771_3889963303640743329_n-768x796.jpg 768w, https:\/\/gadmuisne.gob.ec\/web\/wp-content\/uploads\/2024\/05\/444483278_358651210565771_3889963303640743329_n-270x280.jpg 270w, https:\/\/gadmuisne.gob.ec\/web\/wp-content\/uploads\/2024\/05\/444483278_358651210565771_3889963303640743329_n-370x383.jpg 370w, https:\/\/gadmuisne.gob.ec\/web\/wp-content\/uploads\/2024\/05\/444483278_358651210565771_3889963303640743329_n-570x591.jpg 570w, https:\/\/gadmuisne.gob.ec\/web\/wp-content\/uploads\/2024\/05\/444483278_358651210565771_3889963303640743329_n-770x798.jpg 770w, https:\/\/gadmuisne.gob.ec\/web\/wp-content\/uploads\/2024\/05\/444483278_358651210565771_3889963303640743329_n-870x901.jpg 870w, https:\/\/gadmuisne.gob.ec\/web\/wp-content\/uploads\/2024\/05\/444483278_358651210565771_3889963303640743329_n-1170x1212.jpg 1170w, https:\/\/gadmuisne.gob.ec\/web\/wp-content\/uploads\/2024\/05\/444483278_358651210565771_3889963303640743329_n.jpg 1390w\" sizes=\"auto, (max-width: 290px) 100vw, 290px\" \/><\/div>\n<\/div>\n","protected":false},"excerpt":{"rendered":"<p>La alcaldesa de #Muisne Yuri Colorado, en di\u00e1logo con medios de comunicaci\u00f3n de la ciudad de #Esmeraldas brindar\u00e1 detalles de los siguiente temas. Rendici\u00f3n de cuentas 2023. Primer a\u00f1o de gesti\u00f3n. Transferencia de recursos a los Gad&#8217;s \u00a1Acompa\u00f1anos!<\/p>\n","protected":false},"author":1,"featured_media":8304,"comment_status":"closed","ping_status":"open","sticky":false,"template":"","format":"standard","meta":{"footnotes":""},"categories":[35],"tags":[],"class_list":["post-8303","post","type-post","status-publish","format-standard","has-post-thumbnail","hentry","category-actividades"],"_links":{"self":[{"href":"https:\/\/gadmuisne.gob.ec\/web\/wp-json\/wp\/v2\/posts\/8303","targetHints":{"allow":["GET"]}}],"collection":[{"href":"https:\/\/gadmuisne.gob.ec\/web\/wp-json\/wp\/v2\/posts"}],"about":[{"href":"https:\/\/gadmuisne.gob.ec\/web\/wp-json\/wp\/v2\/types\/post"}],"author":[{"embeddable":true,"href":"https:\/\/gadmuisne.gob.ec\/web\/wp-json\/wp\/v2\/users\/1"}],"replies":[{"embeddable":true,"href":"https:\/\/gadmuisne.gob.ec\/web\/wp-json\/wp\/v2\/comments?post=8303"}],"version-history":[{"count":2,"href":"https:\/\/gadmuisne.gob.ec\/web\/wp-json\/wp\/v2\/posts\/8303\/revisions"}],"predecessor-version":[{"id":8306,"href":"https:\/\/gadmuisne.gob.ec\/web\/wp-json\/wp\/v2\/posts\/8303\/revisions\/8306"}],"wp:featuredmedia":[{"embeddable":true,"href":"https:\/\/gadmuisne.gob.ec\/web\/wp-json\/wp\/v2\/media\/8304"}],"wp:attachment":[{"href":"https:\/\/gadmuisne.gob.ec\/web\/wp-json\/wp\/v2\/media?parent=8303"}],"wp:term":[{"taxonomy":"category","embeddable":true,"href":"https:\/\/gadmuisne.gob.ec\/web\/wp-json\/wp\/v2\/categories?post=8303"},{"taxonomy":"post_tag","embeddable":true,"href":"https:\/\/gadmuisne.gob.ec\/web\/wp-json\/wp\/v2\/tags?post=8303"}],"curies":[{"name":"wp","href":"https:\/\/api.w.org\/{rel}","templated":true}]}}