{"id":8331,"date":"2024-05-29T00:34:24","date_gmt":"2024-05-28T22:34:24","guid":{"rendered":"https:\/\/gadmuisne.gob.ec\/web\/?p=8331"},"modified":"2024-05-29T00:35:15","modified_gmt":"2024-05-28T22:35:15","slug":"8331-2","status":"publish","type":"post","link":"https:\/\/gadmuisne.gob.ec\/web\/8331-2\/","title":{"rendered":"La alcaldesa Yuri Colorado M\u00e1rquez, logr\u00f3 gestionar a trav\u00e9s del Ministerio Inclusi\u00f3n Econ\u00f3mica Social Ecuador (MIES) la entrega de 37 Bonos de Contingencia por eventos de origen natural y antr\u00f3picos."},"content":{"rendered":"<p style=\"text-align: justify;\">Como respuesta a las necesidades generadas por la fuerte temporada invernal del mes de febrero de 2024, donde varias familias sufrieron graves afectaciones a causa de las inundaciones por desbordamiento de esteros y r\u00edos de #Muisne<\/p>\n<p style=\"text-align: justify;\">La alcaldesa Yuri Colorado M\u00e1rquez, logr\u00f3 gestionar a trav\u00e9s del Ministerio Inclusi\u00f3n Econ\u00f3mica Social Ecuador (MIES) la entrega de 37 Bonos de Contingencia por eventos de origen natural y antr\u00f3picos.<\/p>\n<p style=\"text-align: justify;\">Por un valor de $277.12 por familia afectada, quienes por medio de #BanEcuador podr\u00e1n cobrar presentado su c\u00e9dula este bono por un mes, los pagos se realizar\u00e1n en base al \u00faltimo d\u00edgito del documento de identidad.<\/p>\n<p style=\"text-align: justify;\">Conoce los nombres de los beneficiarios<\/p>\n<p style=\"text-align: justify;\">\u2b07\ufe0f Haz clic en el link \u2b07\ufe0f<\/p>\n<p><img loading=\"lazy\" decoding=\"async\" class=\"alignnone size-medium wp-image-8333\" src=\"https:\/\/gadmuisne.gob.ec\/web\/wp-content\/uploads\/2024\/05\/jpg-174x300.jpeg\" alt=\"\" width=\"174\" height=\"300\" srcset=\"https:\/\/gadmuisne.gob.ec\/web\/wp-content\/uploads\/2024\/05\/jpg-174x300.jpeg 174w, https:\/\/gadmuisne.gob.ec\/web\/wp-content\/uploads\/2024\/05\/jpg-594x1024.jpeg 594w, https:\/\/gadmuisne.gob.ec\/web\/wp-content\/uploads\/2024\/05\/jpg-270x466.jpeg 270w, https:\/\/gadmuisne.gob.ec\/web\/wp-content\/uploads\/2024\/05\/jpg-370x638.jpeg 370w, https:\/\/gadmuisne.gob.ec\/web\/wp-content\/uploads\/2024\/05\/jpg-570x983.jpeg 570w, https:\/\/gadmuisne.gob.ec\/web\/wp-content\/uploads\/2024\/05\/jpg.jpeg 742w\" sizes=\"auto, (max-width: 174px) 100vw, 174px\" \/><\/p>\n","protected":false},"excerpt":{"rendered":"<p>Como respuesta a las necesidades generadas por la fuerte temporada invernal del mes de febrero de 2024, donde varias familias sufrieron graves afectaciones a causa de las inundaciones por desbordamiento de esteros y r\u00edos de #Muisne La alcaldesa Yuri Colorado M\u00e1rquez, logr\u00f3 gestionar a trav\u00e9s del Ministerio Inclusi\u00f3n Econ\u00f3mica Social&#8230;<\/p>\n","protected":false},"author":1,"featured_media":8333,"comment_status":"closed","ping_status":"open","sticky":false,"template":"","format":"standard","meta":{"footnotes":""},"categories":[35],"tags":[],"class_list":["post-8331","post","type-post","status-publish","format-standard","has-post-thumbnail","hentry","category-actividades"],"_links":{"self":[{"href":"https:\/\/gadmuisne.gob.ec\/web\/wp-json\/wp\/v2\/posts\/8331","targetHints":{"allow":["GET"]}}],"collection":[{"href":"https:\/\/gadmuisne.gob.ec\/web\/wp-json\/wp\/v2\/posts"}],"about":[{"href":"https:\/\/gadmuisne.gob.ec\/web\/wp-json\/wp\/v2\/types\/post"}],"author":[{"embeddable":true,"href":"https:\/\/gadmuisne.gob.ec\/web\/wp-json\/wp\/v2\/users\/1"}],"replies":[{"embeddable":true,"href":"https:\/\/gadmuisne.gob.ec\/web\/wp-json\/wp\/v2\/comments?post=8331"}],"version-history":[{"count":2,"href":"https:\/\/gadmuisne.gob.ec\/web\/wp-json\/wp\/v2\/posts\/8331\/revisions"}],"predecessor-version":[{"id":8335,"href":"https:\/\/gadmuisne.gob.ec\/web\/wp-json\/wp\/v2\/posts\/8331\/revisions\/8335"}],"wp:featuredmedia":[{"embeddable":true,"href":"https:\/\/gadmuisne.gob.ec\/web\/wp-json\/wp\/v2\/media\/8333"}],"wp:attachment":[{"href":"https:\/\/gadmuisne.gob.ec\/web\/wp-json\/wp\/v2\/media?parent=8331"}],"wp:term":[{"taxonomy":"category","embeddable":true,"href":"https:\/\/gadmuisne.gob.ec\/web\/wp-json\/wp\/v2\/categories?post=8331"},{"taxonomy":"post_tag","embeddable":true,"href":"https:\/\/gadmuisne.gob.ec\/web\/wp-json\/wp\/v2\/tags?post=8331"}],"curies":[{"name":"wp","href":"https:\/\/api.w.org\/{rel}","templated":true}]}}