{"id":8357,"date":"2024-05-30T17:25:28","date_gmt":"2024-05-30T15:25:28","guid":{"rendered":"https:\/\/gadmuisne.gob.ec\/web\/?p=8357"},"modified":"2024-05-30T17:25:28","modified_gmt":"2024-05-30T15:25:28","slug":"invitacion-a-rendicion-de-cuentas-alcaldia-del-canton-muisne","status":"publish","type":"post","link":"https:\/\/gadmuisne.gob.ec\/web\/invitacion-a-rendicion-de-cuentas-alcaldia-del-canton-muisne\/","title":{"rendered":"INVITACION A RENDICION DE CUENTAS ALCALDIA DEL CANTON MUISNE"},"content":{"rendered":"<p style=\"text-align: justify;\">l Gobierno Aut\u00f3nomo Descentralizado del Muisne tiene el agrado de invitar a la Rendici\u00f3n de Cuentas del per\u00edodo 2023, que se llevar\u00e1 a cabo:<\/p>\n<p style=\"text-align: justify;\">\ud83d\udcc5 Jueves, 30 de mayo<br \/>\n\u23f0 A las 14:00<br \/>\n\ud83c\udfe2 En el Coliseo de la Unidad Educativa San Luis Gonzaga. Acomp\u00e1\u00f1anos y sigue nuestra transmisi\u00f3n en vivo por fLIVE .<\/p>\n<p style=\"text-align: justify;\">Invita:<br \/>\nIng. Yuri Colorado M\u00e1rquez<br \/>\nAlcaldesa de Muisne<\/p>\n<p style=\"text-align: justify;\"><img loading=\"lazy\" decoding=\"async\" class=\"wp-image-8358 alignleft\" src=\"https:\/\/gadmuisne.gob.ec\/web\/wp-content\/uploads\/2024\/05\/13f6414e-ab29-4d7f-b47e-d7185b17e6db-300x300.jpeg\" alt=\"\" width=\"252\" height=\"252\" srcset=\"https:\/\/gadmuisne.gob.ec\/web\/wp-content\/uploads\/2024\/05\/13f6414e-ab29-4d7f-b47e-d7185b17e6db-300x300.jpeg 300w, https:\/\/gadmuisne.gob.ec\/web\/wp-content\/uploads\/2024\/05\/13f6414e-ab29-4d7f-b47e-d7185b17e6db-1024x1024.jpeg 1024w, https:\/\/gadmuisne.gob.ec\/web\/wp-content\/uploads\/2024\/05\/13f6414e-ab29-4d7f-b47e-d7185b17e6db-150x150.jpeg 150w, https:\/\/gadmuisne.gob.ec\/web\/wp-content\/uploads\/2024\/05\/13f6414e-ab29-4d7f-b47e-d7185b17e6db-768x768.jpeg 768w, https:\/\/gadmuisne.gob.ec\/web\/wp-content\/uploads\/2024\/05\/13f6414e-ab29-4d7f-b47e-d7185b17e6db-1536x1536.jpeg 1536w, https:\/\/gadmuisne.gob.ec\/web\/wp-content\/uploads\/2024\/05\/13f6414e-ab29-4d7f-b47e-d7185b17e6db-70x70.jpeg 70w, https:\/\/gadmuisne.gob.ec\/web\/wp-content\/uploads\/2024\/05\/13f6414e-ab29-4d7f-b47e-d7185b17e6db-270x270.jpeg 270w, https:\/\/gadmuisne.gob.ec\/web\/wp-content\/uploads\/2024\/05\/13f6414e-ab29-4d7f-b47e-d7185b17e6db-370x370.jpeg 370w, https:\/\/gadmuisne.gob.ec\/web\/wp-content\/uploads\/2024\/05\/13f6414e-ab29-4d7f-b47e-d7185b17e6db-570x570.jpeg 570w, https:\/\/gadmuisne.gob.ec\/web\/wp-content\/uploads\/2024\/05\/13f6414e-ab29-4d7f-b47e-d7185b17e6db-770x770.jpeg 770w, https:\/\/gadmuisne.gob.ec\/web\/wp-content\/uploads\/2024\/05\/13f6414e-ab29-4d7f-b47e-d7185b17e6db-870x870.jpeg 870w, https:\/\/gadmuisne.gob.ec\/web\/wp-content\/uploads\/2024\/05\/13f6414e-ab29-4d7f-b47e-d7185b17e6db-1170x1170.jpeg 1170w, https:\/\/gadmuisne.gob.ec\/web\/wp-content\/uploads\/2024\/05\/13f6414e-ab29-4d7f-b47e-d7185b17e6db-1570x1570.jpeg 1570w, https:\/\/gadmuisne.gob.ec\/web\/wp-content\/uploads\/2024\/05\/13f6414e-ab29-4d7f-b47e-d7185b17e6db.jpeg 1600w\" sizes=\"auto, (max-width: 252px) 100vw, 252px\" \/><\/p>\n","protected":false},"excerpt":{"rendered":"<p>l Gobierno Aut\u00f3nomo Descentralizado del Muisne tiene el agrado de invitar a la Rendici\u00f3n de Cuentas del per\u00edodo 2023, que se llevar\u00e1 a cabo: \ud83d\udcc5 Jueves, 30 de mayo \u23f0 A las 14:00 \ud83c\udfe2 En el Coliseo de la Unidad Educativa San Luis Gonzaga. Acomp\u00e1\u00f1anos y sigue nuestra transmisi\u00f3n en&#8230;<\/p>\n","protected":false},"author":1,"featured_media":8358,"comment_status":"closed","ping_status":"open","sticky":false,"template":"","format":"standard","meta":{"footnotes":""},"categories":[35],"tags":[],"class_list":["post-8357","post","type-post","status-publish","format-standard","has-post-thumbnail","hentry","category-actividades"],"_links":{"self":[{"href":"https:\/\/gadmuisne.gob.ec\/web\/wp-json\/wp\/v2\/posts\/8357","targetHints":{"allow":["GET"]}}],"collection":[{"href":"https:\/\/gadmuisne.gob.ec\/web\/wp-json\/wp\/v2\/posts"}],"about":[{"href":"https:\/\/gadmuisne.gob.ec\/web\/wp-json\/wp\/v2\/types\/post"}],"author":[{"embeddable":true,"href":"https:\/\/gadmuisne.gob.ec\/web\/wp-json\/wp\/v2\/users\/1"}],"replies":[{"embeddable":true,"href":"https:\/\/gadmuisne.gob.ec\/web\/wp-json\/wp\/v2\/comments?post=8357"}],"version-history":[{"count":1,"href":"https:\/\/gadmuisne.gob.ec\/web\/wp-json\/wp\/v2\/posts\/8357\/revisions"}],"predecessor-version":[{"id":8359,"href":"https:\/\/gadmuisne.gob.ec\/web\/wp-json\/wp\/v2\/posts\/8357\/revisions\/8359"}],"wp:featuredmedia":[{"embeddable":true,"href":"https:\/\/gadmuisne.gob.ec\/web\/wp-json\/wp\/v2\/media\/8358"}],"wp:attachment":[{"href":"https:\/\/gadmuisne.gob.ec\/web\/wp-json\/wp\/v2\/media?parent=8357"}],"wp:term":[{"taxonomy":"category","embeddable":true,"href":"https:\/\/gadmuisne.gob.ec\/web\/wp-json\/wp\/v2\/categories?post=8357"},{"taxonomy":"post_tag","embeddable":true,"href":"https:\/\/gadmuisne.gob.ec\/web\/wp-json\/wp\/v2\/tags?post=8357"}],"curies":[{"name":"wp","href":"https:\/\/api.w.org\/{rel}","templated":true}]}}